{"id":1007,"date":"2024-11-11T12:22:03","date_gmt":"2024-11-11T11:22:03","guid":{"rendered":"https:\/\/recrosses.eu\/?p=1007"},"modified":"2024-11-11T12:50:15","modified_gmt":"2024-11-11T11:50:15","slug":"evenement-les-centrales-villageoises-avec-recrosses-au-congres-des-parcs-naturels-regionaux-2","status":"publish","type":"post","link":"https:\/\/recrosses.eu\/fr\/evenement-les-centrales-villageoises-avec-recrosses-au-congres-des-parcs-naturels-regionaux-2\/","title":{"rendered":"\u00c0 Chamb\u00e9ry pour le quatri\u00e8me COPIL de RECROSSES!"},"content":{"rendered":"\n<p class=\"wp-block-paragraph\">Le 23 et le 24 octobre, au si\u00e8ge d&rsquo;<a href=\"https:\/\/www.linkedin.com\/company\/asder\/\">Asder<\/a>, \u00e0 Chamb\u00e9ry, les six partenaires du projet <a href=\"https:\/\/www.linkedin.com\/company\/interreg-france-italia-alcotra\/\">Interreg France-Italia ALCOTRA<\/a>, RECROSSES se sont rencontr\u00e9s pour partager l&rsquo;\u00e9tat des activit\u00e9s actuelles et organiser celles futures, parmi lequelles:<\/p>\n\n<p class=\"wp-block-paragraph\">\u2747 la r\u00e9alisation du tool de simulation \u00e9nerg\u00e9tique et \u00e9conomique<br\/>\u2747 la r\u00e9alisation du tool pour la gestion des services fournis par les CER<br\/>\u2747 le d\u00e9veloppement des activit\u00e9s et des r\u00e9sultats des OSS, qui offrent assistance aux CER.<br\/><\/p>\n\n<p class=\"wp-block-paragraph\"><br\/>\u27a1 Cliquez <a href=\"https:\/\/centralesvillageoises.fr\/recrosses\">ici<\/a> pour acc\u00e9der au portail<strong> fran\u00e7ais<\/strong> de l&rsquo;OSS du Projet RECROSSES qui offre des services de support aux CER<br\/>\u27a1 Cliquez ic<a href=\"https:\/\/www.asder.fr\/nos-actualites\/asder-accueille-le-consortium-du-projet-europeen-recrosses-a-chambery\/\">i<\/a> pour lire l&rsquo;article de <a href=\"https:\/\/www.asder.fr\/?_gl=1%2Acf4yma%2A_up%2AMQ..%2A_ga%2AMTY5NjM4MjQxMC4xNzMxMzIzNDA2%2A_ga_0WFSW7WV2Q%2AMTczMTMyMzQwNS4xLjAuMTczMTMyMzQwNS4wLjAuMA..\">Asder<\/a> sur le COPIL4 de RECROSSES<\/p>\n\n<p class=\"wp-block-paragraph\"><\/p>\n","protected":false},"excerpt":{"rendered":"<p>Le 23 et le 24 octobre, au si\u00e8ge d&rsquo;Asder, \u00e0 Chamb\u00e9ry, les six partenaires du projet Interreg France-Italia ALCOTRA, RECROSSES se sont rencontr\u00e9s pour partager l&rsquo;\u00e9tat des activit\u00e9s actuelles et organiser celles futures, parmi lequelles: \u2747 la r\u00e9alisation du tool de simulation \u00e9nerg\u00e9tique et \u00e9conomique\u2747 la r\u00e9alisation du tool pour la gestion des services fournis [&hellip;]<\/p>\n","protected":false},"author":4,"featured_media":1010,"comment_status":"open","ping_status":"open","sticky":false,"template":"","format":"standard","meta":{"_acf_changed":false,"footnotes":""},"categories":[26,22],"tags":[],"class_list":["post-1007","post","type-post","status-publish","format-standard","has-post-thumbnail","hentry","category-evenement-fr","category-nuovelles"],"acf":[],"yoast_head":"<!-- This site is optimized with the Yoast SEO plugin v28.3 - https:\/\/yoast.com\/product\/yoast-seo-wordpress\/ -->\n<title>\u00c0 \u0301Chamb\u00e9ry pour le quatri\u00e8me COPIL de RECROSSES! - Recrosses<\/title>\n<meta name=\"description\" content=\"Le 23 et 24 octobre, au si\u00e8ge d\u2019ASDER \u00e0 Chamb\u00e9ry, les six partenaires du projet Interreg France-Italie ALCOTRA, RECROSSES se sont rencontr\u00e9s pour partager l&#039;\u00e9tat des activit\u00e9s actuelles et organiser celles futures, parmi lesquelles:\u2747 la r\u00e9alisation du TOOL de simulation \u00e9nerg\u00e9tique et \u00e9conomique \u2747 la r\u00e9alisation du TOOL de gestion des services fournis par les CER \u2747 le d\u00e9veloppement des activit\u00e9s et des r\u00e9sultats des OSS, qui offrent assistance aux CER.\u27a1 Cliquez qui pour acc\u00e9der au portail italien de l&#039;OSS du projet RECROSSES qui offre des services de support aux CER \u27a1 Cliquez ici pour lire l&#039;article d&#039;Asder sur le COPIL4 de RECROSSES.\" \/>\n<meta name=\"robots\" content=\"index, follow, max-snippet:-1, max-image-preview:large, max-video-preview:-1\" \/>\n<link rel=\"canonical\" href=\"https:\/\/recrosses.eu\/fr\/evenement-les-centrales-villageoises-avec-recrosses-au-congres-des-parcs-naturels-regionaux-2\/\" \/>\n<meta property=\"og:locale\" content=\"fr_FR\" \/>\n<meta property=\"og:type\" content=\"article\" \/>\n<meta property=\"og:title\" content=\"\u00c0 \u0301Chamb\u00e9ry pour le quatri\u00e8me COPIL de RECROSSES! - Recrosses\" \/>\n<meta property=\"og:description\" content=\"Le 23 et 24 octobre, au si\u00e8ge d\u2019ASDER \u00e0 Chamb\u00e9ry, les six partenaires du projet Interreg France-Italie ALCOTRA, RECROSSES se sont rencontr\u00e9s pour partager l&#039;\u00e9tat des activit\u00e9s actuelles et organiser celles futures, parmi lesquelles:\u2747 la r\u00e9alisation du TOOL de simulation \u00e9nerg\u00e9tique et \u00e9conomique \u2747 la r\u00e9alisation du TOOL de gestion des services fournis par les CER \u2747 le d\u00e9veloppement des activit\u00e9s et des r\u00e9sultats des OSS, qui offrent assistance aux CER.\u27a1 Cliquez qui pour acc\u00e9der au portail italien de l&#039;OSS du projet RECROSSES qui offre des services de support aux CER \u27a1 Cliquez ici pour lire l&#039;article d&#039;Asder sur le COPIL4 de RECROSSES.\" \/>\n<meta property=\"og:url\" content=\"https:\/\/recrosses.eu\/fr\/evenement-les-centrales-villageoises-avec-recrosses-au-congres-des-parcs-naturels-regionaux-2\/\" \/>\n<meta property=\"og:site_name\" content=\"Recrosses\" \/>\n<meta property=\"article:published_time\" content=\"2024-11-11T11:22:03+00:00\" \/>\n<meta property=\"article:modified_time\" content=\"2024-11-11T11:50:15+00:00\" \/>\n<meta property=\"og:image\" content=\"https:\/\/recrosses.eu\/wp-content\/uploads\/2024\/11\/Copil4-RECROSSES-Chambery-Asder_web-scaled.jpg\" \/>\n\t<meta property=\"og:image:width\" content=\"2560\" \/>\n\t<meta property=\"og:image:height\" content=\"2560\" \/>\n\t<meta property=\"og:image:type\" content=\"image\/jpeg\" \/>\n<meta name=\"author\" content=\"Chiara Bertolin\" \/>\n<meta name=\"twitter:card\" content=\"summary_large_image\" \/>\n<meta name=\"twitter:label1\" content=\"\u00c9crit par\" \/>\n\t<meta name=\"twitter:data1\" content=\"Chiara Bertolin\" \/>\n\t<meta name=\"twitter:label2\" content=\"Dur\u00e9e de lecture estim\u00e9e\" \/>\n\t<meta name=\"twitter:data2\" content=\"1 minute\" \/>\n<script type=\"application\/ld+json\" class=\"yoast-schema-graph\">{\"@context\":\"https:\\\/\\\/schema.org\",\"@graph\":[{\"@type\":\"Article\",\"@id\":\"https:\\\/\\\/recrosses.eu\\\/fr\\\/evenement-les-centrales-villageoises-avec-recrosses-au-congres-des-parcs-naturels-regionaux-2\\\/#article\",\"isPartOf\":{\"@id\":\"https:\\\/\\\/recrosses.eu\\\/fr\\\/evenement-les-centrales-villageoises-avec-recrosses-au-congres-des-parcs-naturels-regionaux-2\\\/\"},\"author\":{\"name\":\"Chiara Bertolin\",\"@id\":\"https:\\\/\\\/recrosses.eu\\\/fr\\\/#\\\/schema\\\/person\\\/2327e244e995abff4eaeb4f639000640\"},\"headline\":\"\u00c0 Chamb\u00e9ry pour le quatri\u00e8me COPIL de RECROSSES!\",\"datePublished\":\"2024-11-11T11:22:03+00:00\",\"dateModified\":\"2024-11-11T11:50:15+00:00\",\"mainEntityOfPage\":{\"@id\":\"https:\\\/\\\/recrosses.eu\\\/fr\\\/evenement-les-centrales-villageoises-avec-recrosses-au-congres-des-parcs-naturels-regionaux-2\\\/\"},\"wordCount\":125,\"commentCount\":0,\"image\":{\"@id\":\"https:\\\/\\\/recrosses.eu\\\/fr\\\/evenement-les-centrales-villageoises-avec-recrosses-au-congres-des-parcs-naturels-regionaux-2\\\/#primaryimage\"},\"thumbnailUrl\":\"https:\\\/\\\/recrosses.eu\\\/wp-content\\\/uploads\\\/2024\\\/11\\\/Copil4-RECROSSES-Chambery-Asder_web-scaled.jpg\",\"articleSection\":[\"\u00c9V\u00c9NEMENT\",\"Nuovelles\"],\"inLanguage\":\"fr-FR\",\"potentialAction\":[{\"@type\":\"CommentAction\",\"name\":\"Comment\",\"target\":[\"https:\\\/\\\/recrosses.eu\\\/fr\\\/evenement-les-centrales-villageoises-avec-recrosses-au-congres-des-parcs-naturels-regionaux-2\\\/#respond\"]}]},{\"@type\":\"WebPage\",\"@id\":\"https:\\\/\\\/recrosses.eu\\\/fr\\\/evenement-les-centrales-villageoises-avec-recrosses-au-congres-des-parcs-naturels-regionaux-2\\\/\",\"url\":\"https:\\\/\\\/recrosses.eu\\\/fr\\\/evenement-les-centrales-villageoises-avec-recrosses-au-congres-des-parcs-naturels-regionaux-2\\\/\",\"name\":\"\u00c0 \u0301Chamb\u00e9ry pour le quatri\u00e8me COPIL de RECROSSES! - Recrosses\",\"isPartOf\":{\"@id\":\"https:\\\/\\\/recrosses.eu\\\/fr\\\/#website\"},\"primaryImageOfPage\":{\"@id\":\"https:\\\/\\\/recrosses.eu\\\/fr\\\/evenement-les-centrales-villageoises-avec-recrosses-au-congres-des-parcs-naturels-regionaux-2\\\/#primaryimage\"},\"image\":{\"@id\":\"https:\\\/\\\/recrosses.eu\\\/fr\\\/evenement-les-centrales-villageoises-avec-recrosses-au-congres-des-parcs-naturels-regionaux-2\\\/#primaryimage\"},\"thumbnailUrl\":\"https:\\\/\\\/recrosses.eu\\\/wp-content\\\/uploads\\\/2024\\\/11\\\/Copil4-RECROSSES-Chambery-Asder_web-scaled.jpg\",\"datePublished\":\"2024-11-11T11:22:03+00:00\",\"dateModified\":\"2024-11-11T11:50:15+00:00\",\"author\":{\"@id\":\"https:\\\/\\\/recrosses.eu\\\/fr\\\/#\\\/schema\\\/person\\\/2327e244e995abff4eaeb4f639000640\"},\"description\":\"Le 23 et 24 octobre, au si\u00e8ge d\u2019ASDER \u00e0 Chamb\u00e9ry, les six partenaires du projet Interreg France-Italie ALCOTRA, RECROSSES se sont rencontr\u00e9s pour partager l'\u00e9tat des activit\u00e9s actuelles et organiser celles futures, parmi lesquelles:\u2747 la r\u00e9alisation du TOOL de simulation \u00e9nerg\u00e9tique et \u00e9conomique \u2747 la r\u00e9alisation du TOOL de gestion des services fournis par les CER \u2747 le d\u00e9veloppement des activit\u00e9s et des r\u00e9sultats des OSS, qui offrent assistance aux CER.\u27a1 Cliquez qui pour acc\u00e9der au portail italien de l'OSS du projet RECROSSES qui offre des services de support aux CER \u27a1 Cliquez ici pour lire l'article d'Asder sur le COPIL4 de RECROSSES.\",\"breadcrumb\":{\"@id\":\"https:\\\/\\\/recrosses.eu\\\/fr\\\/evenement-les-centrales-villageoises-avec-recrosses-au-congres-des-parcs-naturels-regionaux-2\\\/#breadcrumb\"},\"inLanguage\":\"fr-FR\",\"potentialAction\":[{\"@type\":\"ReadAction\",\"target\":[\"https:\\\/\\\/recrosses.eu\\\/fr\\\/evenement-les-centrales-villageoises-avec-recrosses-au-congres-des-parcs-naturels-regionaux-2\\\/\"]}]},{\"@type\":\"ImageObject\",\"inLanguage\":\"fr-FR\",\"@id\":\"https:\\\/\\\/recrosses.eu\\\/fr\\\/evenement-les-centrales-villageoises-avec-recrosses-au-congres-des-parcs-naturels-regionaux-2\\\/#primaryimage\",\"url\":\"https:\\\/\\\/recrosses.eu\\\/wp-content\\\/uploads\\\/2024\\\/11\\\/Copil4-RECROSSES-Chambery-Asder_web-scaled.jpg\",\"contentUrl\":\"https:\\\/\\\/recrosses.eu\\\/wp-content\\\/uploads\\\/2024\\\/11\\\/Copil4-RECROSSES-Chambery-Asder_web-scaled.jpg\",\"width\":2560,\"height\":2560},{\"@type\":\"BreadcrumbList\",\"@id\":\"https:\\\/\\\/recrosses.eu\\\/fr\\\/evenement-les-centrales-villageoises-avec-recrosses-au-congres-des-parcs-naturels-regionaux-2\\\/#breadcrumb\",\"itemListElement\":[{\"@type\":\"ListItem\",\"position\":1,\"name\":\"Home\",\"item\":\"https:\\\/\\\/recrosses.eu\\\/fr\\\/home\\\/\"},{\"@type\":\"ListItem\",\"position\":2,\"name\":\"\u00c0 Chamb\u00e9ry pour le quatri\u00e8me COPIL de RECROSSES!\"}]},{\"@type\":\"WebSite\",\"@id\":\"https:\\\/\\\/recrosses.eu\\\/fr\\\/#website\",\"url\":\"https:\\\/\\\/recrosses.eu\\\/fr\\\/\",\"name\":\"Recrosses\",\"description\":\"L&#039;energia che unisce - L&#039;\u00e9nergie qui unit\",\"potentialAction\":[{\"@type\":\"SearchAction\",\"target\":{\"@type\":\"EntryPoint\",\"urlTemplate\":\"https:\\\/\\\/recrosses.eu\\\/fr\\\/?s={search_term_string}\"},\"query-input\":{\"@type\":\"PropertyValueSpecification\",\"valueRequired\":true,\"valueName\":\"search_term_string\"}}],\"inLanguage\":\"fr-FR\"},{\"@type\":\"Person\",\"@id\":\"https:\\\/\\\/recrosses.eu\\\/fr\\\/#\\\/schema\\\/person\\\/2327e244e995abff4eaeb4f639000640\",\"name\":\"Chiara Bertolin\",\"image\":{\"@type\":\"ImageObject\",\"inLanguage\":\"fr-FR\",\"@id\":\"https:\\\/\\\/secure.gravatar.com\\\/avatar\\\/4789acd3dd60d7a775c67e44f6a017499f73531a758ddf33045a7e35ffafeda6?s=96&d=mm&r=g\",\"url\":\"https:\\\/\\\/secure.gravatar.com\\\/avatar\\\/4789acd3dd60d7a775c67e44f6a017499f73531a758ddf33045a7e35ffafeda6?s=96&d=mm&r=g\",\"contentUrl\":\"https:\\\/\\\/secure.gravatar.com\\\/avatar\\\/4789acd3dd60d7a775c67e44f6a017499f73531a758ddf33045a7e35ffafeda6?s=96&d=mm&r=g\",\"caption\":\"Chiara Bertolin\"},\"url\":\"https:\\\/\\\/recrosses.eu\\\/fr\\\/author\\\/chiara\\\/\"}]}<\/script>\n<!-- \/ Yoast SEO plugin. -->","yoast_head_json":{"title":"\u00c0 \u0301Chamb\u00e9ry pour le quatri\u00e8me COPIL de RECROSSES! - Recrosses","description":"Le 23 et 24 octobre, au si\u00e8ge d\u2019ASDER \u00e0 Chamb\u00e9ry, les six partenaires du projet Interreg France-Italie ALCOTRA, RECROSSES se sont rencontr\u00e9s pour partager l'\u00e9tat des activit\u00e9s actuelles et organiser celles futures, parmi lesquelles:\u2747 la r\u00e9alisation du TOOL de simulation \u00e9nerg\u00e9tique et \u00e9conomique \u2747 la r\u00e9alisation du TOOL de gestion des services fournis par les CER \u2747 le d\u00e9veloppement des activit\u00e9s et des r\u00e9sultats des OSS, qui offrent assistance aux CER.\u27a1 Cliquez qui pour acc\u00e9der au portail italien de l'OSS du projet RECROSSES qui offre des services de support aux CER \u27a1 Cliquez ici pour lire l'article d'Asder sur le COPIL4 de RECROSSES.","robots":{"index":"index","follow":"follow","max-snippet":"max-snippet:-1","max-image-preview":"max-image-preview:large","max-video-preview":"max-video-preview:-1"},"canonical":"https:\/\/recrosses.eu\/fr\/evenement-les-centrales-villageoises-avec-recrosses-au-congres-des-parcs-naturels-regionaux-2\/","og_locale":"fr_FR","og_type":"article","og_title":"\u00c0 \u0301Chamb\u00e9ry pour le quatri\u00e8me COPIL de RECROSSES! - Recrosses","og_description":"Le 23 et 24 octobre, au si\u00e8ge d\u2019ASDER \u00e0 Chamb\u00e9ry, les six partenaires du projet Interreg France-Italie ALCOTRA, RECROSSES se sont rencontr\u00e9s pour partager l'\u00e9tat des activit\u00e9s actuelles et organiser celles futures, parmi lesquelles:\u2747 la r\u00e9alisation du TOOL de simulation \u00e9nerg\u00e9tique et \u00e9conomique \u2747 la r\u00e9alisation du TOOL de gestion des services fournis par les CER \u2747 le d\u00e9veloppement des activit\u00e9s et des r\u00e9sultats des OSS, qui offrent assistance aux CER.\u27a1 Cliquez qui pour acc\u00e9der au portail italien de l'OSS du projet RECROSSES qui offre des services de support aux CER \u27a1 Cliquez ici pour lire l'article d'Asder sur le COPIL4 de RECROSSES.","og_url":"https:\/\/recrosses.eu\/fr\/evenement-les-centrales-villageoises-avec-recrosses-au-congres-des-parcs-naturels-regionaux-2\/","og_site_name":"Recrosses","article_published_time":"2024-11-11T11:22:03+00:00","article_modified_time":"2024-11-11T11:50:15+00:00","og_image":[{"width":2560,"height":2560,"url":"https:\/\/recrosses.eu\/wp-content\/uploads\/2024\/11\/Copil4-RECROSSES-Chambery-Asder_web-scaled.jpg","type":"image\/jpeg"}],"author":"Chiara Bertolin","twitter_card":"summary_large_image","twitter_misc":{"\u00c9crit par":"Chiara Bertolin","Dur\u00e9e de lecture estim\u00e9e":"1 minute"},"schema":{"@context":"https:\/\/schema.org","@graph":[{"@type":"Article","@id":"https:\/\/recrosses.eu\/fr\/evenement-les-centrales-villageoises-avec-recrosses-au-congres-des-parcs-naturels-regionaux-2\/#article","isPartOf":{"@id":"https:\/\/recrosses.eu\/fr\/evenement-les-centrales-villageoises-avec-recrosses-au-congres-des-parcs-naturels-regionaux-2\/"},"author":{"name":"Chiara Bertolin","@id":"https:\/\/recrosses.eu\/fr\/#\/schema\/person\/2327e244e995abff4eaeb4f639000640"},"headline":"\u00c0 Chamb\u00e9ry pour le quatri\u00e8me COPIL de RECROSSES!","datePublished":"2024-11-11T11:22:03+00:00","dateModified":"2024-11-11T11:50:15+00:00","mainEntityOfPage":{"@id":"https:\/\/recrosses.eu\/fr\/evenement-les-centrales-villageoises-avec-recrosses-au-congres-des-parcs-naturels-regionaux-2\/"},"wordCount":125,"commentCount":0,"image":{"@id":"https:\/\/recrosses.eu\/fr\/evenement-les-centrales-villageoises-avec-recrosses-au-congres-des-parcs-naturels-regionaux-2\/#primaryimage"},"thumbnailUrl":"https:\/\/recrosses.eu\/wp-content\/uploads\/2024\/11\/Copil4-RECROSSES-Chambery-Asder_web-scaled.jpg","articleSection":["\u00c9V\u00c9NEMENT","Nuovelles"],"inLanguage":"fr-FR","potentialAction":[{"@type":"CommentAction","name":"Comment","target":["https:\/\/recrosses.eu\/fr\/evenement-les-centrales-villageoises-avec-recrosses-au-congres-des-parcs-naturels-regionaux-2\/#respond"]}]},{"@type":"WebPage","@id":"https:\/\/recrosses.eu\/fr\/evenement-les-centrales-villageoises-avec-recrosses-au-congres-des-parcs-naturels-regionaux-2\/","url":"https:\/\/recrosses.eu\/fr\/evenement-les-centrales-villageoises-avec-recrosses-au-congres-des-parcs-naturels-regionaux-2\/","name":"\u00c0 \u0301Chamb\u00e9ry pour le quatri\u00e8me COPIL de RECROSSES! - Recrosses","isPartOf":{"@id":"https:\/\/recrosses.eu\/fr\/#website"},"primaryImageOfPage":{"@id":"https:\/\/recrosses.eu\/fr\/evenement-les-centrales-villageoises-avec-recrosses-au-congres-des-parcs-naturels-regionaux-2\/#primaryimage"},"image":{"@id":"https:\/\/recrosses.eu\/fr\/evenement-les-centrales-villageoises-avec-recrosses-au-congres-des-parcs-naturels-regionaux-2\/#primaryimage"},"thumbnailUrl":"https:\/\/recrosses.eu\/wp-content\/uploads\/2024\/11\/Copil4-RECROSSES-Chambery-Asder_web-scaled.jpg","datePublished":"2024-11-11T11:22:03+00:00","dateModified":"2024-11-11T11:50:15+00:00","author":{"@id":"https:\/\/recrosses.eu\/fr\/#\/schema\/person\/2327e244e995abff4eaeb4f639000640"},"description":"Le 23 et 24 octobre, au si\u00e8ge d\u2019ASDER \u00e0 Chamb\u00e9ry, les six partenaires du projet Interreg France-Italie ALCOTRA, RECROSSES se sont rencontr\u00e9s pour partager l'\u00e9tat des activit\u00e9s actuelles et organiser celles futures, parmi lesquelles:\u2747 la r\u00e9alisation du TOOL de simulation \u00e9nerg\u00e9tique et \u00e9conomique \u2747 la r\u00e9alisation du TOOL de gestion des services fournis par les CER \u2747 le d\u00e9veloppement des activit\u00e9s et des r\u00e9sultats des OSS, qui offrent assistance aux CER.\u27a1 Cliquez qui pour acc\u00e9der au portail italien de l'OSS du projet RECROSSES qui offre des services de support aux CER \u27a1 Cliquez ici pour lire l'article d'Asder sur le COPIL4 de RECROSSES.","breadcrumb":{"@id":"https:\/\/recrosses.eu\/fr\/evenement-les-centrales-villageoises-avec-recrosses-au-congres-des-parcs-naturels-regionaux-2\/#breadcrumb"},"inLanguage":"fr-FR","potentialAction":[{"@type":"ReadAction","target":["https:\/\/recrosses.eu\/fr\/evenement-les-centrales-villageoises-avec-recrosses-au-congres-des-parcs-naturels-regionaux-2\/"]}]},{"@type":"ImageObject","inLanguage":"fr-FR","@id":"https:\/\/recrosses.eu\/fr\/evenement-les-centrales-villageoises-avec-recrosses-au-congres-des-parcs-naturels-regionaux-2\/#primaryimage","url":"https:\/\/recrosses.eu\/wp-content\/uploads\/2024\/11\/Copil4-RECROSSES-Chambery-Asder_web-scaled.jpg","contentUrl":"https:\/\/recrosses.eu\/wp-content\/uploads\/2024\/11\/Copil4-RECROSSES-Chambery-Asder_web-scaled.jpg","width":2560,"height":2560},{"@type":"BreadcrumbList","@id":"https:\/\/recrosses.eu\/fr\/evenement-les-centrales-villageoises-avec-recrosses-au-congres-des-parcs-naturels-regionaux-2\/#breadcrumb","itemListElement":[{"@type":"ListItem","position":1,"name":"Home","item":"https:\/\/recrosses.eu\/fr\/home\/"},{"@type":"ListItem","position":2,"name":"\u00c0 Chamb\u00e9ry pour le quatri\u00e8me COPIL de RECROSSES!"}]},{"@type":"WebSite","@id":"https:\/\/recrosses.eu\/fr\/#website","url":"https:\/\/recrosses.eu\/fr\/","name":"Recrosses","description":"L&#039;energia che unisce - L&#039;\u00e9nergie qui unit","potentialAction":[{"@type":"SearchAction","target":{"@type":"EntryPoint","urlTemplate":"https:\/\/recrosses.eu\/fr\/?s={search_term_string}"},"query-input":{"@type":"PropertyValueSpecification","valueRequired":true,"valueName":"search_term_string"}}],"inLanguage":"fr-FR"},{"@type":"Person","@id":"https:\/\/recrosses.eu\/fr\/#\/schema\/person\/2327e244e995abff4eaeb4f639000640","name":"Chiara Bertolin","image":{"@type":"ImageObject","inLanguage":"fr-FR","@id":"https:\/\/secure.gravatar.com\/avatar\/4789acd3dd60d7a775c67e44f6a017499f73531a758ddf33045a7e35ffafeda6?s=96&d=mm&r=g","url":"https:\/\/secure.gravatar.com\/avatar\/4789acd3dd60d7a775c67e44f6a017499f73531a758ddf33045a7e35ffafeda6?s=96&d=mm&r=g","contentUrl":"https:\/\/secure.gravatar.com\/avatar\/4789acd3dd60d7a775c67e44f6a017499f73531a758ddf33045a7e35ffafeda6?s=96&d=mm&r=g","caption":"Chiara Bertolin"},"url":"https:\/\/recrosses.eu\/fr\/author\/chiara\/"}]}},"_links":{"self":[{"href":"https:\/\/recrosses.eu\/fr\/wp-json\/wp\/v2\/posts\/1007","targetHints":{"allow":["GET"]}}],"collection":[{"href":"https:\/\/recrosses.eu\/fr\/wp-json\/wp\/v2\/posts"}],"about":[{"href":"https:\/\/recrosses.eu\/fr\/wp-json\/wp\/v2\/types\/post"}],"author":[{"embeddable":true,"href":"https:\/\/recrosses.eu\/fr\/wp-json\/wp\/v2\/users\/4"}],"replies":[{"embeddable":true,"href":"https:\/\/recrosses.eu\/fr\/wp-json\/wp\/v2\/comments?post=1007"}],"version-history":[{"count":5,"href":"https:\/\/recrosses.eu\/fr\/wp-json\/wp\/v2\/posts\/1007\/revisions"}],"predecessor-version":[{"id":1019,"href":"https:\/\/recrosses.eu\/fr\/wp-json\/wp\/v2\/posts\/1007\/revisions\/1019"}],"wp:featuredmedia":[{"embeddable":true,"href":"https:\/\/recrosses.eu\/fr\/wp-json\/wp\/v2\/media\/1010"}],"wp:attachment":[{"href":"https:\/\/recrosses.eu\/fr\/wp-json\/wp\/v2\/media?parent=1007"}],"wp:term":[{"taxonomy":"category","embeddable":true,"href":"https:\/\/recrosses.eu\/fr\/wp-json\/wp\/v2\/categories?post=1007"},{"taxonomy":"post_tag","embeddable":true,"href":"https:\/\/recrosses.eu\/fr\/wp-json\/wp\/v2\/tags?post=1007"}],"curies":[{"name":"wp","href":"https:\/\/api.w.org\/{rel}","templated":true}]}}