{"id":1109,"date":"2025-02-20T15:10:25","date_gmt":"2025-02-20T14:10:25","guid":{"rendered":"https:\/\/recrosses.eu\/evenement-rendez-vous-dautomne-des-centrales-villageoises\/"},"modified":"2025-02-20T15:19:42","modified_gmt":"2025-02-20T14:19:42","slug":"evenement-rendez-vous-dautomne-des-centrales-villageoises","status":"publish","type":"post","link":"https:\/\/recrosses.eu\/fr\/evenement-rendez-vous-dautomne-des-centrales-villageoises\/","title":{"rendered":"EVENEMENT \u00ab\u00a0Rendez-vous d&rsquo;automne des Centrales Villageoises\u00a0\u00bb"},"content":{"rendered":"\n<p class=\"wp-block-paragraph\">Dans le cadre du projet Alcotra RECROSSES, l\u2019Association des Centrales Villageoises a organis\u00e9 le 15 novembre 2024 le \u00ab<a href=\"https:\/\/urlsand.esvalabs.com\/?u=https%3A%2F%2Fwww.centralesvillageoises.fr%2Fle-rendez-vous-dautomne-des-cvs-2024-programme-et-inscriptions&amp;e=a39aa7eb&amp;h=5fd2b679&amp;f=y&amp;p=y\">Rendez-Vous d\u2019Automne des Centrales Villageoises<\/a>\u00bb, un \u00e9v\u00e9nement en ligne consacr\u00e9 \u00e0 l&rsquo;\u00e9change d&rsquo;informations sur les th\u00e8mes les plus significatifs concernants les Centrales Villageoises..<\/p>\n\n<p class=\"wp-block-paragraph\">Plus d&rsquo;une centaine de participants, membres des CER, des Centrales Villageoises et partenaires de l&rsquo;Association ont travaill\u00e9 sur des sujets vari\u00e9s dans un moment important de dialogue, d&rsquo;\u00e9change d&rsquo;exp\u00e9riences et de contenus.<\/p>\n\n<p class=\"wp-block-paragraph\"><\/p>\n\n<figure class=\"wp-block-image size-large\"><img fetchpriority=\"high\" decoding=\"async\" width=\"1024\" height=\"576\" data-src=\"https:\/\/recrosses.eu\/wp-content\/uploads\/2025\/02\/Rendez-vous-automne-CER-ACV-2-1024x576.png\" src=\"data:image\/gif;base64,R0lGODlhAQABAIAAAAAAAP\/\/\/yH5BAEAAAAALAAAAAABAAEAAAIBRAA7\" alt=\"Rendez vous automne CER ACV\" class=\"wp-image-1103 lazyload\"\/><noscript><img decoding=\"async\" width=\"1024\" height=\"576\" src=\"https:\/\/recrosses.eu\/wp-content\/uploads\/2025\/02\/Rendez-vous-automne-CER-ACV-2-1024x576.png\" alt=\"Rendez vous automne CER ACV\" class=\"wp-image-1103\" srcset=\"https:\/\/recrosses.eu\/wp-content\/uploads\/2025\/02\/Rendez-vous-automne-CER-ACV-2-1024x576.png 1024w, https:\/\/recrosses.eu\/wp-content\/uploads\/2025\/02\/Rendez-vous-automne-CER-ACV-2-300x169.png 300w, https:\/\/recrosses.eu\/wp-content\/uploads\/2025\/02\/Rendez-vous-automne-CER-ACV-2-768x432.png 768w, https:\/\/recrosses.eu\/wp-content\/uploads\/2025\/02\/Rendez-vous-automne-CER-ACV-2-1536x864.png 1536w, https:\/\/recrosses.eu\/wp-content\/uploads\/2025\/02\/Rendez-vous-automne-CER-ACV-2.png 1920w\" sizes=\"(max-width: 1024px) 100vw, 1024px\" \/><\/noscript><\/figure>\n","protected":false},"excerpt":{"rendered":"<p>Dans le cadre du projet Alcotra RECROSSES, l\u2019Association des Centrales Villageoises a organis\u00e9 le 15 novembre 2024 le \u00abRendez-Vous d\u2019Automne des Centrales Villageoises\u00bb, un \u00e9v\u00e9nement en ligne consacr\u00e9 \u00e0 l&rsquo;\u00e9change d&rsquo;informations sur les th\u00e8mes les plus significatifs concernants les Centrales Villageoises.. Plus d&rsquo;une centaine de participants, membres des CER, des Centrales Villageoises et partenaires de [&hellip;]<\/p>\n","protected":false},"author":4,"featured_media":1102,"comment_status":"open","ping_status":"open","sticky":false,"template":"","format":"standard","meta":{"_acf_changed":false,"footnotes":""},"categories":[26,22],"tags":[],"class_list":["post-1109","post","type-post","status-publish","format-standard","has-post-thumbnail","hentry","category-evenement-fr","category-nuovelles"],"acf":[],"yoast_head":"<!-- This site is optimized with the Yoast SEO plugin v28.3 - https:\/\/yoast.com\/product\/yoast-seo-wordpress\/ -->\n<title>EVENEMENT &quot;Rendez-vous d&#039;automne des Centrales Villageoises&quot;- Recrosses<\/title>\n<meta name=\"description\" content=\"Dans le cadre du projet Alcotra RECROSSES, l\u2019Association des Centrales Villageoises a organis\u00e9 le 15 novembre 2024 le \u00abRendez-Vous d\u2019Automne des Centrales Villageoises\u00bb, un \u00e9v\u00e9nement en ligne consacr\u00e9 \u00e0 l&#039;\u00e9change d&#039;informations sur les th\u00e8mes les plus significatifs concernants les Centrales Villageoises.Plus d&#039;une centaine de participants, membres des CER, des Centrales Villageoises et partenaires de l&#039;Association ont travaill\u00e9 sur des sujets vari\u00e9s dans un moment important de dialogue, d&#039;\u00e9change d&#039;exp\u00e9riences et de contenus.\" \/>\n<meta name=\"robots\" content=\"index, follow, max-snippet:-1, max-image-preview:large, max-video-preview:-1\" \/>\n<link rel=\"canonical\" href=\"https:\/\/recrosses.eu\/fr\/evenement-rendez-vous-dautomne-des-centrales-villageoises\/\" \/>\n<meta property=\"og:locale\" content=\"fr_FR\" \/>\n<meta property=\"og:type\" content=\"article\" \/>\n<meta property=\"og:title\" content=\"EVENEMENT &quot;Rendez-vous d&#039;automne des Centrales Villageoises&quot;- Recrosses\" \/>\n<meta property=\"og:description\" content=\"Dans le cadre du projet Alcotra RECROSSES, l\u2019Association des Centrales Villageoises a organis\u00e9 le 15 novembre 2024 le \u00abRendez-Vous d\u2019Automne des Centrales Villageoises\u00bb, un \u00e9v\u00e9nement en ligne consacr\u00e9 \u00e0 l&#039;\u00e9change d&#039;informations sur les th\u00e8mes les plus significatifs concernants les Centrales Villageoises.Plus d&#039;une centaine de participants, membres des CER, des Centrales Villageoises et partenaires de l&#039;Association ont travaill\u00e9 sur des sujets vari\u00e9s dans un moment important de dialogue, d&#039;\u00e9change d&#039;exp\u00e9riences et de contenus.\" \/>\n<meta property=\"og:url\" content=\"https:\/\/recrosses.eu\/fr\/evenement-rendez-vous-dautomne-des-centrales-villageoises\/\" \/>\n<meta property=\"og:site_name\" content=\"Recrosses\" \/>\n<meta property=\"article:published_time\" content=\"2025-02-20T14:10:25+00:00\" \/>\n<meta property=\"article:modified_time\" content=\"2025-02-20T14:19:42+00:00\" \/>\n<meta property=\"og:image\" content=\"https:\/\/recrosses.eu\/wp-content\/uploads\/2025\/02\/Rendez-vous-automne-CER-ACV.png\" \/>\n\t<meta property=\"og:image:width\" content=\"1080\" \/>\n\t<meta property=\"og:image:height\" content=\"1080\" \/>\n\t<meta property=\"og:image:type\" content=\"image\/png\" \/>\n<meta name=\"author\" content=\"Chiara Bertolin\" \/>\n<meta name=\"twitter:card\" content=\"summary_large_image\" \/>\n<meta name=\"twitter:label1\" content=\"\u00c9crit par\" \/>\n\t<meta name=\"twitter:data1\" content=\"Chiara Bertolin\" \/>\n<script type=\"application\/ld+json\" class=\"yoast-schema-graph\">{\"@context\":\"https:\\\/\\\/schema.org\",\"@graph\":[{\"@type\":\"Article\",\"@id\":\"https:\\\/\\\/recrosses.eu\\\/fr\\\/evenement-rendez-vous-dautomne-des-centrales-villageoises\\\/#article\",\"isPartOf\":{\"@id\":\"https:\\\/\\\/recrosses.eu\\\/fr\\\/evenement-rendez-vous-dautomne-des-centrales-villageoises\\\/\"},\"author\":{\"name\":\"Chiara Bertolin\",\"@id\":\"https:\\\/\\\/recrosses.eu\\\/fr\\\/#\\\/schema\\\/person\\\/2327e244e995abff4eaeb4f639000640\"},\"headline\":\"EVENEMENT \u00ab\u00a0Rendez-vous d&rsquo;automne des Centrales Villageoises\u00a0\u00bb\",\"datePublished\":\"2025-02-20T14:10:25+00:00\",\"dateModified\":\"2025-02-20T14:19:42+00:00\",\"mainEntityOfPage\":{\"@id\":\"https:\\\/\\\/recrosses.eu\\\/fr\\\/evenement-rendez-vous-dautomne-des-centrales-villageoises\\\/\"},\"wordCount\":89,\"commentCount\":0,\"image\":{\"@id\":\"https:\\\/\\\/recrosses.eu\\\/fr\\\/evenement-rendez-vous-dautomne-des-centrales-villageoises\\\/#primaryimage\"},\"thumbnailUrl\":\"https:\\\/\\\/recrosses.eu\\\/wp-content\\\/uploads\\\/2025\\\/02\\\/Rendez-vous-automne-CER-ACV.png\",\"articleSection\":[\"\u00c9V\u00c9NEMENT\",\"Nuovelles\"],\"inLanguage\":\"fr-FR\",\"potentialAction\":[{\"@type\":\"CommentAction\",\"name\":\"Comment\",\"target\":[\"https:\\\/\\\/recrosses.eu\\\/fr\\\/evenement-rendez-vous-dautomne-des-centrales-villageoises\\\/#respond\"]}]},{\"@type\":\"WebPage\",\"@id\":\"https:\\\/\\\/recrosses.eu\\\/fr\\\/evenement-rendez-vous-dautomne-des-centrales-villageoises\\\/\",\"url\":\"https:\\\/\\\/recrosses.eu\\\/fr\\\/evenement-rendez-vous-dautomne-des-centrales-villageoises\\\/\",\"name\":\"EVENEMENT \\\"Rendez-vous d'automne des Centrales Villageoises\\\"- Recrosses\",\"isPartOf\":{\"@id\":\"https:\\\/\\\/recrosses.eu\\\/fr\\\/#website\"},\"primaryImageOfPage\":{\"@id\":\"https:\\\/\\\/recrosses.eu\\\/fr\\\/evenement-rendez-vous-dautomne-des-centrales-villageoises\\\/#primaryimage\"},\"image\":{\"@id\":\"https:\\\/\\\/recrosses.eu\\\/fr\\\/evenement-rendez-vous-dautomne-des-centrales-villageoises\\\/#primaryimage\"},\"thumbnailUrl\":\"https:\\\/\\\/recrosses.eu\\\/wp-content\\\/uploads\\\/2025\\\/02\\\/Rendez-vous-automne-CER-ACV.png\",\"datePublished\":\"2025-02-20T14:10:25+00:00\",\"dateModified\":\"2025-02-20T14:19:42+00:00\",\"author\":{\"@id\":\"https:\\\/\\\/recrosses.eu\\\/fr\\\/#\\\/schema\\\/person\\\/2327e244e995abff4eaeb4f639000640\"},\"description\":\"Dans le cadre du projet Alcotra RECROSSES, l\u2019Association des Centrales Villageoises a organis\u00e9 le 15 novembre 2024 le \u00abRendez-Vous d\u2019Automne des Centrales Villageoises\u00bb, un \u00e9v\u00e9nement en ligne consacr\u00e9 \u00e0 l'\u00e9change d'informations sur les th\u00e8mes les plus significatifs concernants les Centrales Villageoises.Plus d'une centaine de participants, membres des CER, des Centrales Villageoises et partenaires de l'Association ont travaill\u00e9 sur des sujets vari\u00e9s dans un moment important de dialogue, d'\u00e9change d'exp\u00e9riences et de contenus.\",\"breadcrumb\":{\"@id\":\"https:\\\/\\\/recrosses.eu\\\/fr\\\/evenement-rendez-vous-dautomne-des-centrales-villageoises\\\/#breadcrumb\"},\"inLanguage\":\"fr-FR\",\"potentialAction\":[{\"@type\":\"ReadAction\",\"target\":[\"https:\\\/\\\/recrosses.eu\\\/fr\\\/evenement-rendez-vous-dautomne-des-centrales-villageoises\\\/\"]}]},{\"@type\":\"ImageObject\",\"inLanguage\":\"fr-FR\",\"@id\":\"https:\\\/\\\/recrosses.eu\\\/fr\\\/evenement-rendez-vous-dautomne-des-centrales-villageoises\\\/#primaryimage\",\"url\":\"https:\\\/\\\/recrosses.eu\\\/wp-content\\\/uploads\\\/2025\\\/02\\\/Rendez-vous-automne-CER-ACV.png\",\"contentUrl\":\"https:\\\/\\\/recrosses.eu\\\/wp-content\\\/uploads\\\/2025\\\/02\\\/Rendez-vous-automne-CER-ACV.png\",\"width\":1080,\"height\":1080,\"caption\":\"Rendez vous d'automne des Centrales Villageoises\"},{\"@type\":\"BreadcrumbList\",\"@id\":\"https:\\\/\\\/recrosses.eu\\\/fr\\\/evenement-rendez-vous-dautomne-des-centrales-villageoises\\\/#breadcrumb\",\"itemListElement\":[{\"@type\":\"ListItem\",\"position\":1,\"name\":\"Home\",\"item\":\"https:\\\/\\\/recrosses.eu\\\/fr\\\/home\\\/\"},{\"@type\":\"ListItem\",\"position\":2,\"name\":\"EVENEMENT \u00ab\u00a0Rendez-vous d&rsquo;automne des Centrales Villageoises\u00a0\u00bb\"}]},{\"@type\":\"WebSite\",\"@id\":\"https:\\\/\\\/recrosses.eu\\\/fr\\\/#website\",\"url\":\"https:\\\/\\\/recrosses.eu\\\/fr\\\/\",\"name\":\"Recrosses\",\"description\":\"L&#039;energia che unisce - L&#039;\u00e9nergie qui unit\",\"potentialAction\":[{\"@type\":\"SearchAction\",\"target\":{\"@type\":\"EntryPoint\",\"urlTemplate\":\"https:\\\/\\\/recrosses.eu\\\/fr\\\/?s={search_term_string}\"},\"query-input\":{\"@type\":\"PropertyValueSpecification\",\"valueRequired\":true,\"valueName\":\"search_term_string\"}}],\"inLanguage\":\"fr-FR\"},{\"@type\":\"Person\",\"@id\":\"https:\\\/\\\/recrosses.eu\\\/fr\\\/#\\\/schema\\\/person\\\/2327e244e995abff4eaeb4f639000640\",\"name\":\"Chiara Bertolin\",\"image\":{\"@type\":\"ImageObject\",\"inLanguage\":\"fr-FR\",\"@id\":\"https:\\\/\\\/secure.gravatar.com\\\/avatar\\\/4789acd3dd60d7a775c67e44f6a017499f73531a758ddf33045a7e35ffafeda6?s=96&d=mm&r=g\",\"url\":\"https:\\\/\\\/secure.gravatar.com\\\/avatar\\\/4789acd3dd60d7a775c67e44f6a017499f73531a758ddf33045a7e35ffafeda6?s=96&d=mm&r=g\",\"contentUrl\":\"https:\\\/\\\/secure.gravatar.com\\\/avatar\\\/4789acd3dd60d7a775c67e44f6a017499f73531a758ddf33045a7e35ffafeda6?s=96&d=mm&r=g\",\"caption\":\"Chiara Bertolin\"},\"url\":\"https:\\\/\\\/recrosses.eu\\\/fr\\\/author\\\/chiara\\\/\"}]}<\/script>\n<!-- \/ Yoast SEO plugin. -->","yoast_head_json":{"title":"EVENEMENT \"Rendez-vous d'automne des Centrales Villageoises\"- Recrosses","description":"Dans le cadre du projet Alcotra RECROSSES, l\u2019Association des Centrales Villageoises a organis\u00e9 le 15 novembre 2024 le \u00abRendez-Vous d\u2019Automne des Centrales Villageoises\u00bb, un \u00e9v\u00e9nement en ligne consacr\u00e9 \u00e0 l'\u00e9change d'informations sur les th\u00e8mes les plus significatifs concernants les Centrales Villageoises.Plus d'une centaine de participants, membres des CER, des Centrales Villageoises et partenaires de l'Association ont travaill\u00e9 sur des sujets vari\u00e9s dans un moment important de dialogue, d'\u00e9change d'exp\u00e9riences et de contenus.","robots":{"index":"index","follow":"follow","max-snippet":"max-snippet:-1","max-image-preview":"max-image-preview:large","max-video-preview":"max-video-preview:-1"},"canonical":"https:\/\/recrosses.eu\/fr\/evenement-rendez-vous-dautomne-des-centrales-villageoises\/","og_locale":"fr_FR","og_type":"article","og_title":"EVENEMENT \"Rendez-vous d'automne des Centrales Villageoises\"- Recrosses","og_description":"Dans le cadre du projet Alcotra RECROSSES, l\u2019Association des Centrales Villageoises a organis\u00e9 le 15 novembre 2024 le \u00abRendez-Vous d\u2019Automne des Centrales Villageoises\u00bb, un \u00e9v\u00e9nement en ligne consacr\u00e9 \u00e0 l'\u00e9change d'informations sur les th\u00e8mes les plus significatifs concernants les Centrales Villageoises.Plus d'une centaine de participants, membres des CER, des Centrales Villageoises et partenaires de l'Association ont travaill\u00e9 sur des sujets vari\u00e9s dans un moment important de dialogue, d'\u00e9change d'exp\u00e9riences et de contenus.","og_url":"https:\/\/recrosses.eu\/fr\/evenement-rendez-vous-dautomne-des-centrales-villageoises\/","og_site_name":"Recrosses","article_published_time":"2025-02-20T14:10:25+00:00","article_modified_time":"2025-02-20T14:19:42+00:00","og_image":[{"width":1080,"height":1080,"url":"https:\/\/recrosses.eu\/wp-content\/uploads\/2025\/02\/Rendez-vous-automne-CER-ACV.png","type":"image\/png"}],"author":"Chiara Bertolin","twitter_card":"summary_large_image","twitter_misc":{"\u00c9crit par":"Chiara Bertolin"},"schema":{"@context":"https:\/\/schema.org","@graph":[{"@type":"Article","@id":"https:\/\/recrosses.eu\/fr\/evenement-rendez-vous-dautomne-des-centrales-villageoises\/#article","isPartOf":{"@id":"https:\/\/recrosses.eu\/fr\/evenement-rendez-vous-dautomne-des-centrales-villageoises\/"},"author":{"name":"Chiara Bertolin","@id":"https:\/\/recrosses.eu\/fr\/#\/schema\/person\/2327e244e995abff4eaeb4f639000640"},"headline":"EVENEMENT \u00ab\u00a0Rendez-vous d&rsquo;automne des Centrales Villageoises\u00a0\u00bb","datePublished":"2025-02-20T14:10:25+00:00","dateModified":"2025-02-20T14:19:42+00:00","mainEntityOfPage":{"@id":"https:\/\/recrosses.eu\/fr\/evenement-rendez-vous-dautomne-des-centrales-villageoises\/"},"wordCount":89,"commentCount":0,"image":{"@id":"https:\/\/recrosses.eu\/fr\/evenement-rendez-vous-dautomne-des-centrales-villageoises\/#primaryimage"},"thumbnailUrl":"https:\/\/recrosses.eu\/wp-content\/uploads\/2025\/02\/Rendez-vous-automne-CER-ACV.png","articleSection":["\u00c9V\u00c9NEMENT","Nuovelles"],"inLanguage":"fr-FR","potentialAction":[{"@type":"CommentAction","name":"Comment","target":["https:\/\/recrosses.eu\/fr\/evenement-rendez-vous-dautomne-des-centrales-villageoises\/#respond"]}]},{"@type":"WebPage","@id":"https:\/\/recrosses.eu\/fr\/evenement-rendez-vous-dautomne-des-centrales-villageoises\/","url":"https:\/\/recrosses.eu\/fr\/evenement-rendez-vous-dautomne-des-centrales-villageoises\/","name":"EVENEMENT \"Rendez-vous d'automne des Centrales Villageoises\"- Recrosses","isPartOf":{"@id":"https:\/\/recrosses.eu\/fr\/#website"},"primaryImageOfPage":{"@id":"https:\/\/recrosses.eu\/fr\/evenement-rendez-vous-dautomne-des-centrales-villageoises\/#primaryimage"},"image":{"@id":"https:\/\/recrosses.eu\/fr\/evenement-rendez-vous-dautomne-des-centrales-villageoises\/#primaryimage"},"thumbnailUrl":"https:\/\/recrosses.eu\/wp-content\/uploads\/2025\/02\/Rendez-vous-automne-CER-ACV.png","datePublished":"2025-02-20T14:10:25+00:00","dateModified":"2025-02-20T14:19:42+00:00","author":{"@id":"https:\/\/recrosses.eu\/fr\/#\/schema\/person\/2327e244e995abff4eaeb4f639000640"},"description":"Dans le cadre du projet Alcotra RECROSSES, l\u2019Association des Centrales Villageoises a organis\u00e9 le 15 novembre 2024 le \u00abRendez-Vous d\u2019Automne des Centrales Villageoises\u00bb, un \u00e9v\u00e9nement en ligne consacr\u00e9 \u00e0 l'\u00e9change d'informations sur les th\u00e8mes les plus significatifs concernants les Centrales Villageoises.Plus d'une centaine de participants, membres des CER, des Centrales Villageoises et partenaires de l'Association ont travaill\u00e9 sur des sujets vari\u00e9s dans un moment important de dialogue, d'\u00e9change d'exp\u00e9riences et de contenus.","breadcrumb":{"@id":"https:\/\/recrosses.eu\/fr\/evenement-rendez-vous-dautomne-des-centrales-villageoises\/#breadcrumb"},"inLanguage":"fr-FR","potentialAction":[{"@type":"ReadAction","target":["https:\/\/recrosses.eu\/fr\/evenement-rendez-vous-dautomne-des-centrales-villageoises\/"]}]},{"@type":"ImageObject","inLanguage":"fr-FR","@id":"https:\/\/recrosses.eu\/fr\/evenement-rendez-vous-dautomne-des-centrales-villageoises\/#primaryimage","url":"https:\/\/recrosses.eu\/wp-content\/uploads\/2025\/02\/Rendez-vous-automne-CER-ACV.png","contentUrl":"https:\/\/recrosses.eu\/wp-content\/uploads\/2025\/02\/Rendez-vous-automne-CER-ACV.png","width":1080,"height":1080,"caption":"Rendez vous d'automne des Centrales Villageoises"},{"@type":"BreadcrumbList","@id":"https:\/\/recrosses.eu\/fr\/evenement-rendez-vous-dautomne-des-centrales-villageoises\/#breadcrumb","itemListElement":[{"@type":"ListItem","position":1,"name":"Home","item":"https:\/\/recrosses.eu\/fr\/home\/"},{"@type":"ListItem","position":2,"name":"EVENEMENT \u00ab\u00a0Rendez-vous d&rsquo;automne des Centrales Villageoises\u00a0\u00bb"}]},{"@type":"WebSite","@id":"https:\/\/recrosses.eu\/fr\/#website","url":"https:\/\/recrosses.eu\/fr\/","name":"Recrosses","description":"L&#039;energia che unisce - L&#039;\u00e9nergie qui unit","potentialAction":[{"@type":"SearchAction","target":{"@type":"EntryPoint","urlTemplate":"https:\/\/recrosses.eu\/fr\/?s={search_term_string}"},"query-input":{"@type":"PropertyValueSpecification","valueRequired":true,"valueName":"search_term_string"}}],"inLanguage":"fr-FR"},{"@type":"Person","@id":"https:\/\/recrosses.eu\/fr\/#\/schema\/person\/2327e244e995abff4eaeb4f639000640","name":"Chiara Bertolin","image":{"@type":"ImageObject","inLanguage":"fr-FR","@id":"https:\/\/secure.gravatar.com\/avatar\/4789acd3dd60d7a775c67e44f6a017499f73531a758ddf33045a7e35ffafeda6?s=96&d=mm&r=g","url":"https:\/\/secure.gravatar.com\/avatar\/4789acd3dd60d7a775c67e44f6a017499f73531a758ddf33045a7e35ffafeda6?s=96&d=mm&r=g","contentUrl":"https:\/\/secure.gravatar.com\/avatar\/4789acd3dd60d7a775c67e44f6a017499f73531a758ddf33045a7e35ffafeda6?s=96&d=mm&r=g","caption":"Chiara Bertolin"},"url":"https:\/\/recrosses.eu\/fr\/author\/chiara\/"}]}},"_links":{"self":[{"href":"https:\/\/recrosses.eu\/fr\/wp-json\/wp\/v2\/posts\/1109","targetHints":{"allow":["GET"]}}],"collection":[{"href":"https:\/\/recrosses.eu\/fr\/wp-json\/wp\/v2\/posts"}],"about":[{"href":"https:\/\/recrosses.eu\/fr\/wp-json\/wp\/v2\/types\/post"}],"author":[{"embeddable":true,"href":"https:\/\/recrosses.eu\/fr\/wp-json\/wp\/v2\/users\/4"}],"replies":[{"embeddable":true,"href":"https:\/\/recrosses.eu\/fr\/wp-json\/wp\/v2\/comments?post=1109"}],"version-history":[{"count":1,"href":"https:\/\/recrosses.eu\/fr\/wp-json\/wp\/v2\/posts\/1109\/revisions"}],"predecessor-version":[{"id":1110,"href":"https:\/\/recrosses.eu\/fr\/wp-json\/wp\/v2\/posts\/1109\/revisions\/1110"}],"wp:featuredmedia":[{"embeddable":true,"href":"https:\/\/recrosses.eu\/fr\/wp-json\/wp\/v2\/media\/1102"}],"wp:attachment":[{"href":"https:\/\/recrosses.eu\/fr\/wp-json\/wp\/v2\/media?parent=1109"}],"wp:term":[{"taxonomy":"category","embeddable":true,"href":"https:\/\/recrosses.eu\/fr\/wp-json\/wp\/v2\/categories?post=1109"},{"taxonomy":"post_tag","embeddable":true,"href":"https:\/\/recrosses.eu\/fr\/wp-json\/wp\/v2\/tags?post=1109"}],"curies":[{"name":"wp","href":"https:\/\/api.w.org\/{rel}","templated":true}]}}