{"id":1171,"date":"2025-03-13T12:05:41","date_gmt":"2025-03-13T11:05:41","guid":{"rendered":"https:\/\/recrosses.eu\/alba-evenement-dinformation-recrosses-sur-les-cer\/"},"modified":"2025-03-14T15:20:31","modified_gmt":"2025-03-14T14:20:31","slug":"alba-evenement-dinformation-recrosses-sur-les-cer","status":"publish","type":"post","link":"https:\/\/recrosses.eu\/fr\/alba-evenement-dinformation-recrosses-sur-les-cer\/","title":{"rendered":"Alba | \u00c9v\u00e9nement d\u2019information RECROSSES sur les CER"},"content":{"rendered":"\n<p class=\"wp-block-paragraph\">Dans le cadre du<strong> <a href=\"https:\/\/recrosses.eu\/fr\/\">Projet Interreg ALCOTRA RECROSSES<\/a>,<\/strong> la ville d&rsquo;Alba organise un \u00e9v\u00e9nement d&rsquo;information d\u00e9di\u00e9 aux Communaut\u00e9s d&rsquo;\u00c9nergies Renouvelables (CER) le <strong>21 mars 2025 \u00e0 20h45 \u00e0 la Sala Riolfo<\/strong> (<a href=\"https:\/\/www.google.com\/maps\/place\/\/data=!4m2!3m1!1s0x12d2b3205b1286c7:0x307d0de49f431f42?sa=X&amp;ved=1t:8290&amp;ictx=111\">Via Vittorio Emanuele, 12051 Alba CN<\/a>) dans le but d&rsquo;illustrer leur fonctionnement, leurs avantages et les diff\u00e9rentes mani\u00e8res de participer.<\/p>\n\n<p class=\"wp-block-paragraph\">Au cours de l&rsquo;\u00e9v\u00e9nement, il sera \u00e9galement possible de conna\u00eetre diff\u00e9rents CER d\u00e9j\u00e0 pr\u00e9sentes dans la r\u00e9gion (<a href=\"https:\/\/esg.nexteconomia.org\/utente\/cersrodello\/\">CERS di Rodello<\/a>, <a href=\"https:\/\/www.ceroero.it\/\">CER Roero<\/a>, <a href=\"https:\/\/cri.it\/2025\/01\/28\/croce-rossa-italiana-comitato-di-alba-nasce-la-cer-solidale-alba-langhe-e-roero\/\">CERS Alba, Langhe et Roero<\/a>) et de rencontrer leurs repr\u00e9sentants afin d&rsquo;approfondir concr\u00e8tement les diff\u00e9rents aspects li\u00e9s aux Communaut\u00e9s \u00c9nerg\u00e9tiques.<\/p>\n\n<figure class=\"wp-block-image aligncenter size-large\"><img fetchpriority=\"high\" decoding=\"async\" width=\"482\" height=\"1024\" data-src=\"https:\/\/recrosses.eu\/wp-content\/uploads\/2025\/03\/Evento-21MAR-Alba_Locandina-482x1024.jpg\" src=\"data:image\/gif;base64,R0lGODlhAQABAIAAAAAAAP\/\/\/yH5BAEAAAAALAAAAAABAAEAAAIBRAA7\" alt=\"\" class=\"wp-image-1160 lazyload\"\/><noscript><img decoding=\"async\" width=\"482\" height=\"1024\" src=\"https:\/\/recrosses.eu\/wp-content\/uploads\/2025\/03\/Evento-21MAR-Alba_Locandina-482x1024.jpg\" alt=\"\" class=\"wp-image-1160\" srcset=\"https:\/\/recrosses.eu\/wp-content\/uploads\/2025\/03\/Evento-21MAR-Alba_Locandina-482x1024.jpg 482w, https:\/\/recrosses.eu\/wp-content\/uploads\/2025\/03\/Evento-21MAR-Alba_Locandina-141x300.jpg 141w, https:\/\/recrosses.eu\/wp-content\/uploads\/2025\/03\/Evento-21MAR-Alba_Locandina-768x1630.jpg 768w, https:\/\/recrosses.eu\/wp-content\/uploads\/2025\/03\/Evento-21MAR-Alba_Locandina-724x1536.jpg 724w, https:\/\/recrosses.eu\/wp-content\/uploads\/2025\/03\/Evento-21MAR-Alba_Locandina-965x2048.jpg 965w, https:\/\/recrosses.eu\/wp-content\/uploads\/2025\/03\/Evento-21MAR-Alba_Locandina.jpg 1128w\" sizes=\"(max-width: 482px) 100vw, 482px\" \/><\/noscript><\/figure>\n\n<p class=\"wp-block-paragraph\"><\/p>\n","protected":false},"excerpt":{"rendered":"<p>Dans le cadre du Projet Interreg ALCOTRA RECROSSES, la ville d&rsquo;Alba organise un \u00e9v\u00e9nement d&rsquo;information d\u00e9di\u00e9 aux Communaut\u00e9s d&rsquo;\u00c9nergies Renouvelables (CER) le 21 mars 2025 \u00e0 20h45 \u00e0 la Sala Riolfo (Via Vittorio Emanuele, 12051 Alba CN) dans le but d&rsquo;illustrer leur fonctionnement, leurs avantages et les diff\u00e9rentes mani\u00e8res de participer. Au cours de l&rsquo;\u00e9v\u00e9nement, [&hellip;]<\/p>\n","protected":false},"author":4,"featured_media":1159,"comment_status":"open","ping_status":"open","sticky":false,"template":"","format":"standard","meta":{"_acf_changed":false,"footnotes":""},"categories":[26,22],"tags":[],"class_list":["post-1171","post","type-post","status-publish","format-standard","has-post-thumbnail","hentry","category-evenement-fr","category-nuovelles"],"acf":[],"yoast_head":"<!-- This site is optimized with the Yoast SEO plugin v28.3 - https:\/\/yoast.com\/product\/yoast-seo-wordpress\/ -->\n<title>Alba | \u00c9v\u00e9nement d\u2019information RECROSSES sur les CER - Recrosses<\/title>\n<meta name=\"description\" content=\"Dans le cadre du projet Interreg ALCOTRA RECROSSES, la ville d&#039;Alba organise un \u00e9v\u00e9nement d&#039;information d\u00e9di\u00e9 aux Communaut\u00e9s d&#039;\u00c9nergies Renouvelables (CER) le 21 mars 2025 \u00e0 20h45 \u00e0 la Sala Riolfo (Via Vittorio Emanuele, 12051 Alba CN) dans le but d&#039;illustrer leur fonctionnement, leurs avantages et les diff\u00e9rentes mani\u00e8res de participer.Au cours de l&#039;\u00e9v\u00e9nement, il sera \u00e9galement possible de conna\u00eetre diff\u00e9rents CER d\u00e9j\u00e0 pr\u00e9sentes dans la r\u00e9gion (CERS di Rodello, CER Roero, CERS Alba, Langhe et Roero) et de rencontrer leurs repr\u00e9sentants afin d&#039;approfondir concr\u00e8tement les diff\u00e9rents aspects li\u00e9s aux Communaut\u00e9s \u00c9nerg\u00e9tiques.\" \/>\n<meta name=\"robots\" content=\"index, follow, max-snippet:-1, max-image-preview:large, max-video-preview:-1\" \/>\n<link rel=\"canonical\" href=\"https:\/\/recrosses.eu\/fr\/alba-evenement-dinformation-recrosses-sur-les-cer\/\" \/>\n<meta property=\"og:locale\" content=\"fr_FR\" \/>\n<meta property=\"og:type\" content=\"article\" \/>\n<meta property=\"og:title\" content=\"Alba | \u00c9v\u00e9nement d\u2019information RECROSSES sur les CER - Recrosses\" \/>\n<meta property=\"og:description\" content=\"Dans le cadre du projet Interreg ALCOTRA RECROSSES, la ville d&#039;Alba organise un \u00e9v\u00e9nement d&#039;information d\u00e9di\u00e9 aux Communaut\u00e9s d&#039;\u00c9nergies Renouvelables (CER) le 21 mars 2025 \u00e0 20h45 \u00e0 la Sala Riolfo (Via Vittorio Emanuele, 12051 Alba CN) dans le but d&#039;illustrer leur fonctionnement, leurs avantages et les diff\u00e9rentes mani\u00e8res de participer.Au cours de l&#039;\u00e9v\u00e9nement, il sera \u00e9galement possible de conna\u00eetre diff\u00e9rents CER d\u00e9j\u00e0 pr\u00e9sentes dans la r\u00e9gion (CERS di Rodello, CER Roero, CERS Alba, Langhe et Roero) et de rencontrer leurs repr\u00e9sentants afin d&#039;approfondir concr\u00e8tement les diff\u00e9rents aspects li\u00e9s aux Communaut\u00e9s \u00c9nerg\u00e9tiques.\" \/>\n<meta property=\"og:url\" content=\"https:\/\/recrosses.eu\/fr\/alba-evenement-dinformation-recrosses-sur-les-cer\/\" \/>\n<meta property=\"og:site_name\" content=\"Recrosses\" \/>\n<meta property=\"article:published_time\" content=\"2025-03-13T11:05:41+00:00\" \/>\n<meta property=\"article:modified_time\" content=\"2025-03-14T14:20:31+00:00\" \/>\n<meta property=\"og:image\" content=\"https:\/\/recrosses.eu\/wp-content\/uploads\/2025\/03\/Evento-Alba-Info-CER-1.jpg\" \/>\n\t<meta property=\"og:image:width\" content=\"1128\" \/>\n\t<meta property=\"og:image:height\" content=\"1128\" \/>\n\t<meta property=\"og:image:type\" content=\"image\/jpeg\" \/>\n<meta name=\"author\" content=\"Chiara Bertolin\" \/>\n<meta name=\"twitter:card\" content=\"summary_large_image\" \/>\n<meta name=\"twitter:label1\" content=\"\u00c9crit par\" \/>\n\t<meta name=\"twitter:data1\" content=\"Chiara Bertolin\" \/>\n\t<meta name=\"twitter:label2\" content=\"Dur\u00e9e de lecture estim\u00e9e\" \/>\n\t<meta name=\"twitter:data2\" content=\"1 minute\" \/>\n<script type=\"application\/ld+json\" class=\"yoast-schema-graph\">{\"@context\":\"https:\\\/\\\/schema.org\",\"@graph\":[{\"@type\":\"Article\",\"@id\":\"https:\\\/\\\/recrosses.eu\\\/fr\\\/alba-evenement-dinformation-recrosses-sur-les-cer\\\/#article\",\"isPartOf\":{\"@id\":\"https:\\\/\\\/recrosses.eu\\\/fr\\\/alba-evenement-dinformation-recrosses-sur-les-cer\\\/\"},\"author\":{\"name\":\"Chiara Bertolin\",\"@id\":\"https:\\\/\\\/recrosses.eu\\\/fr\\\/#\\\/schema\\\/person\\\/2327e244e995abff4eaeb4f639000640\"},\"headline\":\"Alba | \u00c9v\u00e9nement d\u2019information RECROSSES sur les CER\",\"datePublished\":\"2025-03-13T11:05:41+00:00\",\"dateModified\":\"2025-03-14T14:20:31+00:00\",\"mainEntityOfPage\":{\"@id\":\"https:\\\/\\\/recrosses.eu\\\/fr\\\/alba-evenement-dinformation-recrosses-sur-les-cer\\\/\"},\"wordCount\":120,\"commentCount\":0,\"image\":{\"@id\":\"https:\\\/\\\/recrosses.eu\\\/fr\\\/alba-evenement-dinformation-recrosses-sur-les-cer\\\/#primaryimage\"},\"thumbnailUrl\":\"https:\\\/\\\/recrosses.eu\\\/wp-content\\\/uploads\\\/2025\\\/03\\\/Evento-Alba-Info-CER-1.jpg\",\"articleSection\":[\"\u00c9V\u00c9NEMENT\",\"Nuovelles\"],\"inLanguage\":\"fr-FR\",\"potentialAction\":[{\"@type\":\"CommentAction\",\"name\":\"Comment\",\"target\":[\"https:\\\/\\\/recrosses.eu\\\/fr\\\/alba-evenement-dinformation-recrosses-sur-les-cer\\\/#respond\"]}]},{\"@type\":\"WebPage\",\"@id\":\"https:\\\/\\\/recrosses.eu\\\/fr\\\/alba-evenement-dinformation-recrosses-sur-les-cer\\\/\",\"url\":\"https:\\\/\\\/recrosses.eu\\\/fr\\\/alba-evenement-dinformation-recrosses-sur-les-cer\\\/\",\"name\":\"Alba | \u00c9v\u00e9nement d\u2019information RECROSSES sur les CER - Recrosses\",\"isPartOf\":{\"@id\":\"https:\\\/\\\/recrosses.eu\\\/fr\\\/#website\"},\"primaryImageOfPage\":{\"@id\":\"https:\\\/\\\/recrosses.eu\\\/fr\\\/alba-evenement-dinformation-recrosses-sur-les-cer\\\/#primaryimage\"},\"image\":{\"@id\":\"https:\\\/\\\/recrosses.eu\\\/fr\\\/alba-evenement-dinformation-recrosses-sur-les-cer\\\/#primaryimage\"},\"thumbnailUrl\":\"https:\\\/\\\/recrosses.eu\\\/wp-content\\\/uploads\\\/2025\\\/03\\\/Evento-Alba-Info-CER-1.jpg\",\"datePublished\":\"2025-03-13T11:05:41+00:00\",\"dateModified\":\"2025-03-14T14:20:31+00:00\",\"author\":{\"@id\":\"https:\\\/\\\/recrosses.eu\\\/fr\\\/#\\\/schema\\\/person\\\/2327e244e995abff4eaeb4f639000640\"},\"description\":\"Dans le cadre du projet Interreg ALCOTRA RECROSSES, la ville d'Alba organise un \u00e9v\u00e9nement d'information d\u00e9di\u00e9 aux Communaut\u00e9s d'\u00c9nergies Renouvelables (CER) le 21 mars 2025 \u00e0 20h45 \u00e0 la Sala Riolfo (Via Vittorio Emanuele, 12051 Alba CN) dans le but d'illustrer leur fonctionnement, leurs avantages et les diff\u00e9rentes mani\u00e8res de participer.Au cours de l'\u00e9v\u00e9nement, il sera \u00e9galement possible de conna\u00eetre diff\u00e9rents CER d\u00e9j\u00e0 pr\u00e9sentes dans la r\u00e9gion (CERS di Rodello, CER Roero, CERS Alba, Langhe et Roero) et de rencontrer leurs repr\u00e9sentants afin d'approfondir concr\u00e8tement les diff\u00e9rents aspects li\u00e9s aux Communaut\u00e9s \u00c9nerg\u00e9tiques.\",\"breadcrumb\":{\"@id\":\"https:\\\/\\\/recrosses.eu\\\/fr\\\/alba-evenement-dinformation-recrosses-sur-les-cer\\\/#breadcrumb\"},\"inLanguage\":\"fr-FR\",\"potentialAction\":[{\"@type\":\"ReadAction\",\"target\":[\"https:\\\/\\\/recrosses.eu\\\/fr\\\/alba-evenement-dinformation-recrosses-sur-les-cer\\\/\"]}]},{\"@type\":\"ImageObject\",\"inLanguage\":\"fr-FR\",\"@id\":\"https:\\\/\\\/recrosses.eu\\\/fr\\\/alba-evenement-dinformation-recrosses-sur-les-cer\\\/#primaryimage\",\"url\":\"https:\\\/\\\/recrosses.eu\\\/wp-content\\\/uploads\\\/2025\\\/03\\\/Evento-Alba-Info-CER-1.jpg\",\"contentUrl\":\"https:\\\/\\\/recrosses.eu\\\/wp-content\\\/uploads\\\/2025\\\/03\\\/Evento-Alba-Info-CER-1.jpg\",\"width\":1128,\"height\":1128,\"caption\":\"Evento informativo RECROSSES CER Alba\"},{\"@type\":\"BreadcrumbList\",\"@id\":\"https:\\\/\\\/recrosses.eu\\\/fr\\\/alba-evenement-dinformation-recrosses-sur-les-cer\\\/#breadcrumb\",\"itemListElement\":[{\"@type\":\"ListItem\",\"position\":1,\"name\":\"Home\",\"item\":\"https:\\\/\\\/recrosses.eu\\\/fr\\\/home\\\/\"},{\"@type\":\"ListItem\",\"position\":2,\"name\":\"Alba | \u00c9v\u00e9nement d\u2019information RECROSSES sur les CER\"}]},{\"@type\":\"WebSite\",\"@id\":\"https:\\\/\\\/recrosses.eu\\\/fr\\\/#website\",\"url\":\"https:\\\/\\\/recrosses.eu\\\/fr\\\/\",\"name\":\"Recrosses\",\"description\":\"L&#039;energia che unisce - L&#039;\u00e9nergie qui unit\",\"potentialAction\":[{\"@type\":\"SearchAction\",\"target\":{\"@type\":\"EntryPoint\",\"urlTemplate\":\"https:\\\/\\\/recrosses.eu\\\/fr\\\/?s={search_term_string}\"},\"query-input\":{\"@type\":\"PropertyValueSpecification\",\"valueRequired\":true,\"valueName\":\"search_term_string\"}}],\"inLanguage\":\"fr-FR\"},{\"@type\":\"Person\",\"@id\":\"https:\\\/\\\/recrosses.eu\\\/fr\\\/#\\\/schema\\\/person\\\/2327e244e995abff4eaeb4f639000640\",\"name\":\"Chiara Bertolin\",\"image\":{\"@type\":\"ImageObject\",\"inLanguage\":\"fr-FR\",\"@id\":\"https:\\\/\\\/secure.gravatar.com\\\/avatar\\\/4789acd3dd60d7a775c67e44f6a017499f73531a758ddf33045a7e35ffafeda6?s=96&d=mm&r=g\",\"url\":\"https:\\\/\\\/secure.gravatar.com\\\/avatar\\\/4789acd3dd60d7a775c67e44f6a017499f73531a758ddf33045a7e35ffafeda6?s=96&d=mm&r=g\",\"contentUrl\":\"https:\\\/\\\/secure.gravatar.com\\\/avatar\\\/4789acd3dd60d7a775c67e44f6a017499f73531a758ddf33045a7e35ffafeda6?s=96&d=mm&r=g\",\"caption\":\"Chiara Bertolin\"},\"url\":\"https:\\\/\\\/recrosses.eu\\\/fr\\\/author\\\/chiara\\\/\"}]}<\/script>\n<!-- \/ Yoast SEO plugin. -->","yoast_head_json":{"title":"Alba | \u00c9v\u00e9nement d\u2019information RECROSSES sur les CER - Recrosses","description":"Dans le cadre du projet Interreg ALCOTRA RECROSSES, la ville d'Alba organise un \u00e9v\u00e9nement d'information d\u00e9di\u00e9 aux Communaut\u00e9s d'\u00c9nergies Renouvelables (CER) le 21 mars 2025 \u00e0 20h45 \u00e0 la Sala Riolfo (Via Vittorio Emanuele, 12051 Alba CN) dans le but d'illustrer leur fonctionnement, leurs avantages et les diff\u00e9rentes mani\u00e8res de participer.Au cours de l'\u00e9v\u00e9nement, il sera \u00e9galement possible de conna\u00eetre diff\u00e9rents CER d\u00e9j\u00e0 pr\u00e9sentes dans la r\u00e9gion (CERS di Rodello, CER Roero, CERS Alba, Langhe et Roero) et de rencontrer leurs repr\u00e9sentants afin d'approfondir concr\u00e8tement les diff\u00e9rents aspects li\u00e9s aux Communaut\u00e9s \u00c9nerg\u00e9tiques.","robots":{"index":"index","follow":"follow","max-snippet":"max-snippet:-1","max-image-preview":"max-image-preview:large","max-video-preview":"max-video-preview:-1"},"canonical":"https:\/\/recrosses.eu\/fr\/alba-evenement-dinformation-recrosses-sur-les-cer\/","og_locale":"fr_FR","og_type":"article","og_title":"Alba | \u00c9v\u00e9nement d\u2019information RECROSSES sur les CER - Recrosses","og_description":"Dans le cadre du projet Interreg ALCOTRA RECROSSES, la ville d'Alba organise un \u00e9v\u00e9nement d'information d\u00e9di\u00e9 aux Communaut\u00e9s d'\u00c9nergies Renouvelables (CER) le 21 mars 2025 \u00e0 20h45 \u00e0 la Sala Riolfo (Via Vittorio Emanuele, 12051 Alba CN) dans le but d'illustrer leur fonctionnement, leurs avantages et les diff\u00e9rentes mani\u00e8res de participer.Au cours de l'\u00e9v\u00e9nement, il sera \u00e9galement possible de conna\u00eetre diff\u00e9rents CER d\u00e9j\u00e0 pr\u00e9sentes dans la r\u00e9gion (CERS di Rodello, CER Roero, CERS Alba, Langhe et Roero) et de rencontrer leurs repr\u00e9sentants afin d'approfondir concr\u00e8tement les diff\u00e9rents aspects li\u00e9s aux Communaut\u00e9s \u00c9nerg\u00e9tiques.","og_url":"https:\/\/recrosses.eu\/fr\/alba-evenement-dinformation-recrosses-sur-les-cer\/","og_site_name":"Recrosses","article_published_time":"2025-03-13T11:05:41+00:00","article_modified_time":"2025-03-14T14:20:31+00:00","og_image":[{"width":1128,"height":1128,"url":"https:\/\/recrosses.eu\/wp-content\/uploads\/2025\/03\/Evento-Alba-Info-CER-1.jpg","type":"image\/jpeg"}],"author":"Chiara Bertolin","twitter_card":"summary_large_image","twitter_misc":{"\u00c9crit par":"Chiara Bertolin","Dur\u00e9e de lecture estim\u00e9e":"1 minute"},"schema":{"@context":"https:\/\/schema.org","@graph":[{"@type":"Article","@id":"https:\/\/recrosses.eu\/fr\/alba-evenement-dinformation-recrosses-sur-les-cer\/#article","isPartOf":{"@id":"https:\/\/recrosses.eu\/fr\/alba-evenement-dinformation-recrosses-sur-les-cer\/"},"author":{"name":"Chiara Bertolin","@id":"https:\/\/recrosses.eu\/fr\/#\/schema\/person\/2327e244e995abff4eaeb4f639000640"},"headline":"Alba | \u00c9v\u00e9nement d\u2019information RECROSSES sur les CER","datePublished":"2025-03-13T11:05:41+00:00","dateModified":"2025-03-14T14:20:31+00:00","mainEntityOfPage":{"@id":"https:\/\/recrosses.eu\/fr\/alba-evenement-dinformation-recrosses-sur-les-cer\/"},"wordCount":120,"commentCount":0,"image":{"@id":"https:\/\/recrosses.eu\/fr\/alba-evenement-dinformation-recrosses-sur-les-cer\/#primaryimage"},"thumbnailUrl":"https:\/\/recrosses.eu\/wp-content\/uploads\/2025\/03\/Evento-Alba-Info-CER-1.jpg","articleSection":["\u00c9V\u00c9NEMENT","Nuovelles"],"inLanguage":"fr-FR","potentialAction":[{"@type":"CommentAction","name":"Comment","target":["https:\/\/recrosses.eu\/fr\/alba-evenement-dinformation-recrosses-sur-les-cer\/#respond"]}]},{"@type":"WebPage","@id":"https:\/\/recrosses.eu\/fr\/alba-evenement-dinformation-recrosses-sur-les-cer\/","url":"https:\/\/recrosses.eu\/fr\/alba-evenement-dinformation-recrosses-sur-les-cer\/","name":"Alba | \u00c9v\u00e9nement d\u2019information RECROSSES sur les CER - Recrosses","isPartOf":{"@id":"https:\/\/recrosses.eu\/fr\/#website"},"primaryImageOfPage":{"@id":"https:\/\/recrosses.eu\/fr\/alba-evenement-dinformation-recrosses-sur-les-cer\/#primaryimage"},"image":{"@id":"https:\/\/recrosses.eu\/fr\/alba-evenement-dinformation-recrosses-sur-les-cer\/#primaryimage"},"thumbnailUrl":"https:\/\/recrosses.eu\/wp-content\/uploads\/2025\/03\/Evento-Alba-Info-CER-1.jpg","datePublished":"2025-03-13T11:05:41+00:00","dateModified":"2025-03-14T14:20:31+00:00","author":{"@id":"https:\/\/recrosses.eu\/fr\/#\/schema\/person\/2327e244e995abff4eaeb4f639000640"},"description":"Dans le cadre du projet Interreg ALCOTRA RECROSSES, la ville d'Alba organise un \u00e9v\u00e9nement d'information d\u00e9di\u00e9 aux Communaut\u00e9s d'\u00c9nergies Renouvelables (CER) le 21 mars 2025 \u00e0 20h45 \u00e0 la Sala Riolfo (Via Vittorio Emanuele, 12051 Alba CN) dans le but d'illustrer leur fonctionnement, leurs avantages et les diff\u00e9rentes mani\u00e8res de participer.Au cours de l'\u00e9v\u00e9nement, il sera \u00e9galement possible de conna\u00eetre diff\u00e9rents CER d\u00e9j\u00e0 pr\u00e9sentes dans la r\u00e9gion (CERS di Rodello, CER Roero, CERS Alba, Langhe et Roero) et de rencontrer leurs repr\u00e9sentants afin d'approfondir concr\u00e8tement les diff\u00e9rents aspects li\u00e9s aux Communaut\u00e9s \u00c9nerg\u00e9tiques.","breadcrumb":{"@id":"https:\/\/recrosses.eu\/fr\/alba-evenement-dinformation-recrosses-sur-les-cer\/#breadcrumb"},"inLanguage":"fr-FR","potentialAction":[{"@type":"ReadAction","target":["https:\/\/recrosses.eu\/fr\/alba-evenement-dinformation-recrosses-sur-les-cer\/"]}]},{"@type":"ImageObject","inLanguage":"fr-FR","@id":"https:\/\/recrosses.eu\/fr\/alba-evenement-dinformation-recrosses-sur-les-cer\/#primaryimage","url":"https:\/\/recrosses.eu\/wp-content\/uploads\/2025\/03\/Evento-Alba-Info-CER-1.jpg","contentUrl":"https:\/\/recrosses.eu\/wp-content\/uploads\/2025\/03\/Evento-Alba-Info-CER-1.jpg","width":1128,"height":1128,"caption":"Evento informativo RECROSSES CER Alba"},{"@type":"BreadcrumbList","@id":"https:\/\/recrosses.eu\/fr\/alba-evenement-dinformation-recrosses-sur-les-cer\/#breadcrumb","itemListElement":[{"@type":"ListItem","position":1,"name":"Home","item":"https:\/\/recrosses.eu\/fr\/home\/"},{"@type":"ListItem","position":2,"name":"Alba | \u00c9v\u00e9nement d\u2019information RECROSSES sur les CER"}]},{"@type":"WebSite","@id":"https:\/\/recrosses.eu\/fr\/#website","url":"https:\/\/recrosses.eu\/fr\/","name":"Recrosses","description":"L&#039;energia che unisce - L&#039;\u00e9nergie qui unit","potentialAction":[{"@type":"SearchAction","target":{"@type":"EntryPoint","urlTemplate":"https:\/\/recrosses.eu\/fr\/?s={search_term_string}"},"query-input":{"@type":"PropertyValueSpecification","valueRequired":true,"valueName":"search_term_string"}}],"inLanguage":"fr-FR"},{"@type":"Person","@id":"https:\/\/recrosses.eu\/fr\/#\/schema\/person\/2327e244e995abff4eaeb4f639000640","name":"Chiara Bertolin","image":{"@type":"ImageObject","inLanguage":"fr-FR","@id":"https:\/\/secure.gravatar.com\/avatar\/4789acd3dd60d7a775c67e44f6a017499f73531a758ddf33045a7e35ffafeda6?s=96&d=mm&r=g","url":"https:\/\/secure.gravatar.com\/avatar\/4789acd3dd60d7a775c67e44f6a017499f73531a758ddf33045a7e35ffafeda6?s=96&d=mm&r=g","contentUrl":"https:\/\/secure.gravatar.com\/avatar\/4789acd3dd60d7a775c67e44f6a017499f73531a758ddf33045a7e35ffafeda6?s=96&d=mm&r=g","caption":"Chiara Bertolin"},"url":"https:\/\/recrosses.eu\/fr\/author\/chiara\/"}]}},"_links":{"self":[{"href":"https:\/\/recrosses.eu\/fr\/wp-json\/wp\/v2\/posts\/1171","targetHints":{"allow":["GET"]}}],"collection":[{"href":"https:\/\/recrosses.eu\/fr\/wp-json\/wp\/v2\/posts"}],"about":[{"href":"https:\/\/recrosses.eu\/fr\/wp-json\/wp\/v2\/types\/post"}],"author":[{"embeddable":true,"href":"https:\/\/recrosses.eu\/fr\/wp-json\/wp\/v2\/users\/4"}],"replies":[{"embeddable":true,"href":"https:\/\/recrosses.eu\/fr\/wp-json\/wp\/v2\/comments?post=1171"}],"version-history":[{"count":1,"href":"https:\/\/recrosses.eu\/fr\/wp-json\/wp\/v2\/posts\/1171\/revisions"}],"predecessor-version":[{"id":1172,"href":"https:\/\/recrosses.eu\/fr\/wp-json\/wp\/v2\/posts\/1171\/revisions\/1172"}],"wp:featuredmedia":[{"embeddable":true,"href":"https:\/\/recrosses.eu\/fr\/wp-json\/wp\/v2\/media\/1159"}],"wp:attachment":[{"href":"https:\/\/recrosses.eu\/fr\/wp-json\/wp\/v2\/media?parent=1171"}],"wp:term":[{"taxonomy":"category","embeddable":true,"href":"https:\/\/recrosses.eu\/fr\/wp-json\/wp\/v2\/categories?post=1171"},{"taxonomy":"post_tag","embeddable":true,"href":"https:\/\/recrosses.eu\/fr\/wp-json\/wp\/v2\/tags?post=1171"}],"curies":[{"name":"wp","href":"https:\/\/api.w.org\/{rel}","templated":true}]}}