{"id":1306,"date":"2025-06-25T11:56:17","date_gmt":"2025-06-25T10:56:17","guid":{"rendered":"https:\/\/recrosses.eu\/formation-recrosses-sullautoconsommation-collective\/"},"modified":"2025-06-25T12:30:20","modified_gmt":"2025-06-25T11:30:20","slug":"formation-recrosses-sullautoconsommation-collective","status":"publish","type":"post","link":"https:\/\/recrosses.eu\/fr\/formation-recrosses-sullautoconsommation-collective\/","title":{"rendered":"Formation RECROSSES sull\u2019autoconsommation collective"},"content":{"rendered":"\n<p class=\"wp-block-paragraph\">Dans le cadre du projet <a href=\"https:\/\/interreg-alcotra.eu\/it\">Alcotra<\/a> <a href=\"https:\/\/recrosses.eu\/fr\/\">RECROSSES<\/a>, le service Industrie et \u00c9nergie de la <a href=\"https:\/\/www.cote-azur.cci.fr\/\">CCI NCA<\/a> a organis\u00e9 une <a href=\"https:\/\/www.linkedin.com\/posts\/association-entreprises-des-bois-de-grasse_eit-cooperations-transitionenergetique-activity-7339198730442543106-J_Dm?utm_source=share&amp;utm_medium=member_desktop&amp;rcm=ACoAAAcGPCIBEGb8P_flBe0vx30hbCPXN3Wdb-o\">journ\u00e9e de formation<\/a> pour l\u2019<a href=\"https:\/\/www.linkedin.com\/company\/association-entreprises-des-bois-de-grasse\/posts\"><strong>Association Entreprises des Bois de Grasse<\/strong><\/a> sur l\u2019autoconsommation collective en pr\u00e9sentant ses caract\u00e9ristiques, ses enjeux et ses modalit\u00e9s de d\u00e9ploiement.<\/p>\n\n<p class=\"wp-block-paragraph\">Ci-dessous le contenu de la formation dispens\u00e9e par le partenaire de <a href=\"https:\/\/recrosses.eu\/fr\/\">RECROSSES<\/a> <a href=\"https:\/\/www.centralesvillageoises.fr\/association-centrales-villageoises\">ACV<\/a>.<\/p>\n\n<div data-wp-interactive=\"core\/file\" class=\"wp-block-file\"><object data-wp-bind--hidden=\"!state.hasPdfPreview\" hidden class=\"wp-block-file__embed\" data=\"https:\/\/recrosses.eu\/wp-content\/uploads\/2025\/06\/Formation-RECROSSES_ACV-et-outils-WP4_Grasse.pdf\" type=\"application\/pdf\" style=\"width:100%;height:600px\" aria-label=\"Contenu embarqu\u00e9 Formation RECROSSES_ACV et outils WP4_Grasse.\"><\/object><a id=\"wp-block-file--media-b306746b-e1ce-416c-a218-a0b4423115fb\" href=\"https:\/\/recrosses.eu\/wp-content\/uploads\/2025\/06\/Formation-RECROSSES_ACV-et-outils-WP4_Grasse.pdf\">Formation RECROSSES_ACV et outils WP4_Grasse<\/a><a href=\"https:\/\/recrosses.eu\/wp-content\/uploads\/2025\/06\/Formation-RECROSSES_ACV-et-outils-WP4_Grasse.pdf\" class=\"wp-block-file__button wp-element-button\" download=\"\" aria-describedby=\"wp-block-file--media-b306746b-e1ce-416c-a218-a0b4423115fb\">Download<\/a><\/div>\n\n<figure class=\"wp-block-image size-large\"><img fetchpriority=\"high\" decoding=\"async\" width=\"1024\" height=\"768\" data-src=\"https:\/\/recrosses.eu\/wp-content\/uploads\/2025\/06\/Progetto-RECROSSES-formazione-autoconsumo-collettivo-2-1024x768.jpg\" src=\"data:image\/gif;base64,R0lGODlhAQABAIAAAAAAAP\/\/\/yH5BAEAAAAALAAAAAABAAEAAAIBRAA7\" alt=\"\" class=\"wp-image-1296 lazyload\"\/><noscript><img decoding=\"async\" width=\"1024\" height=\"768\" src=\"https:\/\/recrosses.eu\/wp-content\/uploads\/2025\/06\/Progetto-RECROSSES-formazione-autoconsumo-collettivo-2-1024x768.jpg\" alt=\"\" class=\"wp-image-1296\" srcset=\"https:\/\/recrosses.eu\/wp-content\/uploads\/2025\/06\/Progetto-RECROSSES-formazione-autoconsumo-collettivo-2-1024x768.jpg 1024w, https:\/\/recrosses.eu\/wp-content\/uploads\/2025\/06\/Progetto-RECROSSES-formazione-autoconsumo-collettivo-2-300x225.jpg 300w, https:\/\/recrosses.eu\/wp-content\/uploads\/2025\/06\/Progetto-RECROSSES-formazione-autoconsumo-collettivo-2-768x576.jpg 768w, https:\/\/recrosses.eu\/wp-content\/uploads\/2025\/06\/Progetto-RECROSSES-formazione-autoconsumo-collettivo-2-1536x1152.jpg 1536w, https:\/\/recrosses.eu\/wp-content\/uploads\/2025\/06\/Progetto-RECROSSES-formazione-autoconsumo-collettivo-2-2048x1536.jpg 2048w\" sizes=\"(max-width: 1024px) 100vw, 1024px\" \/><\/noscript><\/figure>\n\n<p class=\"wp-block-paragraph\"><\/p>\n","protected":false},"excerpt":{"rendered":"<p>Dans le cadre du projet Alcotra RECROSSES, le service Industrie et \u00c9nergie de la CCI NCA a organis\u00e9 une journ\u00e9e de formation pour l\u2019Association Entreprises des Bois de Grasse sur l\u2019autoconsommation collective en pr\u00e9sentant ses caract\u00e9ristiques, ses enjeux et ses modalit\u00e9s de d\u00e9ploiement. Ci-dessous le contenu de la formation dispens\u00e9e par le partenaire de RECROSSES [&hellip;]<\/p>\n","protected":false},"author":4,"featured_media":1304,"comment_status":"open","ping_status":"open","sticky":false,"template":"","format":"standard","meta":{"_acf_changed":false,"footnotes":""},"categories":[26,22],"tags":[],"class_list":["post-1306","post","type-post","status-publish","format-standard","has-post-thumbnail","hentry","category-evenement-fr","category-nuovelles"],"acf":[],"yoast_head":"<!-- This site is optimized with the Yoast SEO plugin v28.3 - https:\/\/yoast.com\/product\/yoast-seo-wordpress\/ -->\n<title>Formation RECROSSES autoconsommation collective - Recrosses<\/title>\n<meta name=\"description\" content=\"Dans le cadre du projet Alcotra RECROSSES, le service Industrie et \u00c9nergie de la CCI NCA a organis\u00e9 une journ\u00e9e de formation pour l\u2019Association Entreprises des Bois de Grasse sur l\u2019autoconsommation collective en pr\u00e9sentant ses caract\u00e9ristiques, ses enjeux et ses modalit\u00e9s de d\u00e9ploiement.\" \/>\n<meta name=\"robots\" content=\"index, follow, max-snippet:-1, max-image-preview:large, max-video-preview:-1\" \/>\n<link rel=\"canonical\" href=\"https:\/\/recrosses.eu\/fr\/formation-recrosses-sullautoconsommation-collective\/\" \/>\n<meta property=\"og:locale\" content=\"fr_FR\" \/>\n<meta property=\"og:type\" content=\"article\" \/>\n<meta property=\"og:title\" content=\"Formation RECROSSES autoconsommation collective - Recrosses\" \/>\n<meta property=\"og:description\" content=\"Dans le cadre du projet Alcotra RECROSSES, le service Industrie et \u00c9nergie de la CCI NCA a organis\u00e9 une journ\u00e9e de formation pour l\u2019Association Entreprises des Bois de Grasse sur l\u2019autoconsommation collective en pr\u00e9sentant ses caract\u00e9ristiques, ses enjeux et ses modalit\u00e9s de d\u00e9ploiement.\" \/>\n<meta property=\"og:url\" content=\"https:\/\/recrosses.eu\/fr\/formation-recrosses-sullautoconsommation-collective\/\" \/>\n<meta property=\"og:site_name\" content=\"Recrosses\" \/>\n<meta property=\"article:published_time\" content=\"2025-06-25T10:56:17+00:00\" \/>\n<meta property=\"article:modified_time\" content=\"2025-06-25T11:30:20+00:00\" \/>\n<meta property=\"og:image\" content=\"https:\/\/recrosses.eu\/wp-content\/uploads\/2025\/06\/Progetto-RECROSSES-formazione-ACV-autoconsumo_quadrato-scaled.jpg\" \/>\n\t<meta property=\"og:image:width\" content=\"2560\" \/>\n\t<meta property=\"og:image:height\" content=\"2560\" \/>\n\t<meta property=\"og:image:type\" content=\"image\/jpeg\" \/>\n<meta name=\"author\" content=\"Chiara Bertolin\" \/>\n<meta name=\"twitter:card\" content=\"summary_large_image\" \/>\n<meta name=\"twitter:label1\" content=\"\u00c9crit par\" \/>\n\t<meta name=\"twitter:data1\" content=\"Chiara Bertolin\" \/>\n<script type=\"application\/ld+json\" class=\"yoast-schema-graph\">{\"@context\":\"https:\\\/\\\/schema.org\",\"@graph\":[{\"@type\":\"Article\",\"@id\":\"https:\\\/\\\/recrosses.eu\\\/fr\\\/formation-recrosses-sullautoconsommation-collective\\\/#article\",\"isPartOf\":{\"@id\":\"https:\\\/\\\/recrosses.eu\\\/fr\\\/formation-recrosses-sullautoconsommation-collective\\\/\"},\"author\":{\"name\":\"Chiara Bertolin\",\"@id\":\"https:\\\/\\\/recrosses.eu\\\/fr\\\/#\\\/schema\\\/person\\\/2327e244e995abff4eaeb4f639000640\"},\"headline\":\"Formation RECROSSES sull\u2019autoconsommation collective\",\"datePublished\":\"2025-06-25T10:56:17+00:00\",\"dateModified\":\"2025-06-25T11:30:20+00:00\",\"mainEntityOfPage\":{\"@id\":\"https:\\\/\\\/recrosses.eu\\\/fr\\\/formation-recrosses-sullautoconsommation-collective\\\/\"},\"wordCount\":77,\"commentCount\":0,\"image\":{\"@id\":\"https:\\\/\\\/recrosses.eu\\\/fr\\\/formation-recrosses-sullautoconsommation-collective\\\/#primaryimage\"},\"thumbnailUrl\":\"https:\\\/\\\/recrosses.eu\\\/wp-content\\\/uploads\\\/2025\\\/06\\\/Progetto-RECROSSES-formazione-ACV-autoconsumo_quadrato-scaled.jpg\",\"articleSection\":[\"\u00c9V\u00c9NEMENT\",\"Nuovelles\"],\"inLanguage\":\"fr-FR\",\"potentialAction\":[{\"@type\":\"CommentAction\",\"name\":\"Comment\",\"target\":[\"https:\\\/\\\/recrosses.eu\\\/fr\\\/formation-recrosses-sullautoconsommation-collective\\\/#respond\"]}]},{\"@type\":\"WebPage\",\"@id\":\"https:\\\/\\\/recrosses.eu\\\/fr\\\/formation-recrosses-sullautoconsommation-collective\\\/\",\"url\":\"https:\\\/\\\/recrosses.eu\\\/fr\\\/formation-recrosses-sullautoconsommation-collective\\\/\",\"name\":\"Formation RECROSSES autoconsommation collective - Recrosses\",\"isPartOf\":{\"@id\":\"https:\\\/\\\/recrosses.eu\\\/fr\\\/#website\"},\"primaryImageOfPage\":{\"@id\":\"https:\\\/\\\/recrosses.eu\\\/fr\\\/formation-recrosses-sullautoconsommation-collective\\\/#primaryimage\"},\"image\":{\"@id\":\"https:\\\/\\\/recrosses.eu\\\/fr\\\/formation-recrosses-sullautoconsommation-collective\\\/#primaryimage\"},\"thumbnailUrl\":\"https:\\\/\\\/recrosses.eu\\\/wp-content\\\/uploads\\\/2025\\\/06\\\/Progetto-RECROSSES-formazione-ACV-autoconsumo_quadrato-scaled.jpg\",\"datePublished\":\"2025-06-25T10:56:17+00:00\",\"dateModified\":\"2025-06-25T11:30:20+00:00\",\"author\":{\"@id\":\"https:\\\/\\\/recrosses.eu\\\/fr\\\/#\\\/schema\\\/person\\\/2327e244e995abff4eaeb4f639000640\"},\"description\":\"Dans le cadre du projet Alcotra RECROSSES, le service Industrie et \u00c9nergie de la CCI NCA a organis\u00e9 une journ\u00e9e de formation pour l\u2019Association Entreprises des Bois de Grasse sur l\u2019autoconsommation collective en pr\u00e9sentant ses caract\u00e9ristiques, ses enjeux et ses modalit\u00e9s de d\u00e9ploiement.\",\"breadcrumb\":{\"@id\":\"https:\\\/\\\/recrosses.eu\\\/fr\\\/formation-recrosses-sullautoconsommation-collective\\\/#breadcrumb\"},\"inLanguage\":\"fr-FR\",\"potentialAction\":[{\"@type\":\"ReadAction\",\"target\":[\"https:\\\/\\\/recrosses.eu\\\/fr\\\/formation-recrosses-sullautoconsommation-collective\\\/\"]}]},{\"@type\":\"ImageObject\",\"inLanguage\":\"fr-FR\",\"@id\":\"https:\\\/\\\/recrosses.eu\\\/fr\\\/formation-recrosses-sullautoconsommation-collective\\\/#primaryimage\",\"url\":\"https:\\\/\\\/recrosses.eu\\\/wp-content\\\/uploads\\\/2025\\\/06\\\/Progetto-RECROSSES-formazione-ACV-autoconsumo_quadrato-scaled.jpg\",\"contentUrl\":\"https:\\\/\\\/recrosses.eu\\\/wp-content\\\/uploads\\\/2025\\\/06\\\/Progetto-RECROSSES-formazione-ACV-autoconsumo_quadrato-scaled.jpg\",\"width\":2560,\"height\":2560},{\"@type\":\"BreadcrumbList\",\"@id\":\"https:\\\/\\\/recrosses.eu\\\/fr\\\/formation-recrosses-sullautoconsommation-collective\\\/#breadcrumb\",\"itemListElement\":[{\"@type\":\"ListItem\",\"position\":1,\"name\":\"Home\",\"item\":\"https:\\\/\\\/recrosses.eu\\\/fr\\\/home\\\/\"},{\"@type\":\"ListItem\",\"position\":2,\"name\":\"Formation RECROSSES sull\u2019autoconsommation collective\"}]},{\"@type\":\"WebSite\",\"@id\":\"https:\\\/\\\/recrosses.eu\\\/fr\\\/#website\",\"url\":\"https:\\\/\\\/recrosses.eu\\\/fr\\\/\",\"name\":\"Recrosses\",\"description\":\"L&#039;energia che unisce - L&#039;\u00e9nergie qui unit\",\"potentialAction\":[{\"@type\":\"SearchAction\",\"target\":{\"@type\":\"EntryPoint\",\"urlTemplate\":\"https:\\\/\\\/recrosses.eu\\\/fr\\\/?s={search_term_string}\"},\"query-input\":{\"@type\":\"PropertyValueSpecification\",\"valueRequired\":true,\"valueName\":\"search_term_string\"}}],\"inLanguage\":\"fr-FR\"},{\"@type\":\"Person\",\"@id\":\"https:\\\/\\\/recrosses.eu\\\/fr\\\/#\\\/schema\\\/person\\\/2327e244e995abff4eaeb4f639000640\",\"name\":\"Chiara Bertolin\",\"image\":{\"@type\":\"ImageObject\",\"inLanguage\":\"fr-FR\",\"@id\":\"https:\\\/\\\/secure.gravatar.com\\\/avatar\\\/4789acd3dd60d7a775c67e44f6a017499f73531a758ddf33045a7e35ffafeda6?s=96&d=mm&r=g\",\"url\":\"https:\\\/\\\/secure.gravatar.com\\\/avatar\\\/4789acd3dd60d7a775c67e44f6a017499f73531a758ddf33045a7e35ffafeda6?s=96&d=mm&r=g\",\"contentUrl\":\"https:\\\/\\\/secure.gravatar.com\\\/avatar\\\/4789acd3dd60d7a775c67e44f6a017499f73531a758ddf33045a7e35ffafeda6?s=96&d=mm&r=g\",\"caption\":\"Chiara Bertolin\"},\"url\":\"https:\\\/\\\/recrosses.eu\\\/fr\\\/author\\\/chiara\\\/\"}]}<\/script>\n<!-- \/ Yoast SEO plugin. -->","yoast_head_json":{"title":"Formation RECROSSES autoconsommation collective - Recrosses","description":"Dans le cadre du projet Alcotra RECROSSES, le service Industrie et \u00c9nergie de la CCI NCA a organis\u00e9 une journ\u00e9e de formation pour l\u2019Association Entreprises des Bois de Grasse sur l\u2019autoconsommation collective en pr\u00e9sentant ses caract\u00e9ristiques, ses enjeux et ses modalit\u00e9s de d\u00e9ploiement.","robots":{"index":"index","follow":"follow","max-snippet":"max-snippet:-1","max-image-preview":"max-image-preview:large","max-video-preview":"max-video-preview:-1"},"canonical":"https:\/\/recrosses.eu\/fr\/formation-recrosses-sullautoconsommation-collective\/","og_locale":"fr_FR","og_type":"article","og_title":"Formation RECROSSES autoconsommation collective - Recrosses","og_description":"Dans le cadre du projet Alcotra RECROSSES, le service Industrie et \u00c9nergie de la CCI NCA a organis\u00e9 une journ\u00e9e de formation pour l\u2019Association Entreprises des Bois de Grasse sur l\u2019autoconsommation collective en pr\u00e9sentant ses caract\u00e9ristiques, ses enjeux et ses modalit\u00e9s de d\u00e9ploiement.","og_url":"https:\/\/recrosses.eu\/fr\/formation-recrosses-sullautoconsommation-collective\/","og_site_name":"Recrosses","article_published_time":"2025-06-25T10:56:17+00:00","article_modified_time":"2025-06-25T11:30:20+00:00","og_image":[{"width":2560,"height":2560,"url":"https:\/\/recrosses.eu\/wp-content\/uploads\/2025\/06\/Progetto-RECROSSES-formazione-ACV-autoconsumo_quadrato-scaled.jpg","type":"image\/jpeg"}],"author":"Chiara Bertolin","twitter_card":"summary_large_image","twitter_misc":{"\u00c9crit par":"Chiara Bertolin"},"schema":{"@context":"https:\/\/schema.org","@graph":[{"@type":"Article","@id":"https:\/\/recrosses.eu\/fr\/formation-recrosses-sullautoconsommation-collective\/#article","isPartOf":{"@id":"https:\/\/recrosses.eu\/fr\/formation-recrosses-sullautoconsommation-collective\/"},"author":{"name":"Chiara Bertolin","@id":"https:\/\/recrosses.eu\/fr\/#\/schema\/person\/2327e244e995abff4eaeb4f639000640"},"headline":"Formation RECROSSES sull\u2019autoconsommation collective","datePublished":"2025-06-25T10:56:17+00:00","dateModified":"2025-06-25T11:30:20+00:00","mainEntityOfPage":{"@id":"https:\/\/recrosses.eu\/fr\/formation-recrosses-sullautoconsommation-collective\/"},"wordCount":77,"commentCount":0,"image":{"@id":"https:\/\/recrosses.eu\/fr\/formation-recrosses-sullautoconsommation-collective\/#primaryimage"},"thumbnailUrl":"https:\/\/recrosses.eu\/wp-content\/uploads\/2025\/06\/Progetto-RECROSSES-formazione-ACV-autoconsumo_quadrato-scaled.jpg","articleSection":["\u00c9V\u00c9NEMENT","Nuovelles"],"inLanguage":"fr-FR","potentialAction":[{"@type":"CommentAction","name":"Comment","target":["https:\/\/recrosses.eu\/fr\/formation-recrosses-sullautoconsommation-collective\/#respond"]}]},{"@type":"WebPage","@id":"https:\/\/recrosses.eu\/fr\/formation-recrosses-sullautoconsommation-collective\/","url":"https:\/\/recrosses.eu\/fr\/formation-recrosses-sullautoconsommation-collective\/","name":"Formation RECROSSES autoconsommation collective - Recrosses","isPartOf":{"@id":"https:\/\/recrosses.eu\/fr\/#website"},"primaryImageOfPage":{"@id":"https:\/\/recrosses.eu\/fr\/formation-recrosses-sullautoconsommation-collective\/#primaryimage"},"image":{"@id":"https:\/\/recrosses.eu\/fr\/formation-recrosses-sullautoconsommation-collective\/#primaryimage"},"thumbnailUrl":"https:\/\/recrosses.eu\/wp-content\/uploads\/2025\/06\/Progetto-RECROSSES-formazione-ACV-autoconsumo_quadrato-scaled.jpg","datePublished":"2025-06-25T10:56:17+00:00","dateModified":"2025-06-25T11:30:20+00:00","author":{"@id":"https:\/\/recrosses.eu\/fr\/#\/schema\/person\/2327e244e995abff4eaeb4f639000640"},"description":"Dans le cadre du projet Alcotra RECROSSES, le service Industrie et \u00c9nergie de la CCI NCA a organis\u00e9 une journ\u00e9e de formation pour l\u2019Association Entreprises des Bois de Grasse sur l\u2019autoconsommation collective en pr\u00e9sentant ses caract\u00e9ristiques, ses enjeux et ses modalit\u00e9s de d\u00e9ploiement.","breadcrumb":{"@id":"https:\/\/recrosses.eu\/fr\/formation-recrosses-sullautoconsommation-collective\/#breadcrumb"},"inLanguage":"fr-FR","potentialAction":[{"@type":"ReadAction","target":["https:\/\/recrosses.eu\/fr\/formation-recrosses-sullautoconsommation-collective\/"]}]},{"@type":"ImageObject","inLanguage":"fr-FR","@id":"https:\/\/recrosses.eu\/fr\/formation-recrosses-sullautoconsommation-collective\/#primaryimage","url":"https:\/\/recrosses.eu\/wp-content\/uploads\/2025\/06\/Progetto-RECROSSES-formazione-ACV-autoconsumo_quadrato-scaled.jpg","contentUrl":"https:\/\/recrosses.eu\/wp-content\/uploads\/2025\/06\/Progetto-RECROSSES-formazione-ACV-autoconsumo_quadrato-scaled.jpg","width":2560,"height":2560},{"@type":"BreadcrumbList","@id":"https:\/\/recrosses.eu\/fr\/formation-recrosses-sullautoconsommation-collective\/#breadcrumb","itemListElement":[{"@type":"ListItem","position":1,"name":"Home","item":"https:\/\/recrosses.eu\/fr\/home\/"},{"@type":"ListItem","position":2,"name":"Formation RECROSSES sull\u2019autoconsommation collective"}]},{"@type":"WebSite","@id":"https:\/\/recrosses.eu\/fr\/#website","url":"https:\/\/recrosses.eu\/fr\/","name":"Recrosses","description":"L&#039;energia che unisce - L&#039;\u00e9nergie qui unit","potentialAction":[{"@type":"SearchAction","target":{"@type":"EntryPoint","urlTemplate":"https:\/\/recrosses.eu\/fr\/?s={search_term_string}"},"query-input":{"@type":"PropertyValueSpecification","valueRequired":true,"valueName":"search_term_string"}}],"inLanguage":"fr-FR"},{"@type":"Person","@id":"https:\/\/recrosses.eu\/fr\/#\/schema\/person\/2327e244e995abff4eaeb4f639000640","name":"Chiara Bertolin","image":{"@type":"ImageObject","inLanguage":"fr-FR","@id":"https:\/\/secure.gravatar.com\/avatar\/4789acd3dd60d7a775c67e44f6a017499f73531a758ddf33045a7e35ffafeda6?s=96&d=mm&r=g","url":"https:\/\/secure.gravatar.com\/avatar\/4789acd3dd60d7a775c67e44f6a017499f73531a758ddf33045a7e35ffafeda6?s=96&d=mm&r=g","contentUrl":"https:\/\/secure.gravatar.com\/avatar\/4789acd3dd60d7a775c67e44f6a017499f73531a758ddf33045a7e35ffafeda6?s=96&d=mm&r=g","caption":"Chiara Bertolin"},"url":"https:\/\/recrosses.eu\/fr\/author\/chiara\/"}]}},"_links":{"self":[{"href":"https:\/\/recrosses.eu\/fr\/wp-json\/wp\/v2\/posts\/1306","targetHints":{"allow":["GET"]}}],"collection":[{"href":"https:\/\/recrosses.eu\/fr\/wp-json\/wp\/v2\/posts"}],"about":[{"href":"https:\/\/recrosses.eu\/fr\/wp-json\/wp\/v2\/types\/post"}],"author":[{"embeddable":true,"href":"https:\/\/recrosses.eu\/fr\/wp-json\/wp\/v2\/users\/4"}],"replies":[{"embeddable":true,"href":"https:\/\/recrosses.eu\/fr\/wp-json\/wp\/v2\/comments?post=1306"}],"version-history":[{"count":3,"href":"https:\/\/recrosses.eu\/fr\/wp-json\/wp\/v2\/posts\/1306\/revisions"}],"predecessor-version":[{"id":1309,"href":"https:\/\/recrosses.eu\/fr\/wp-json\/wp\/v2\/posts\/1306\/revisions\/1309"}],"wp:featuredmedia":[{"embeddable":true,"href":"https:\/\/recrosses.eu\/fr\/wp-json\/wp\/v2\/media\/1304"}],"wp:attachment":[{"href":"https:\/\/recrosses.eu\/fr\/wp-json\/wp\/v2\/media?parent=1306"}],"wp:term":[{"taxonomy":"category","embeddable":true,"href":"https:\/\/recrosses.eu\/fr\/wp-json\/wp\/v2\/categories?post=1306"},{"taxonomy":"post_tag","embeddable":true,"href":"https:\/\/recrosses.eu\/fr\/wp-json\/wp\/v2\/tags?post=1306"}],"curies":[{"name":"wp","href":"https:\/\/api.w.org\/{rel}","templated":true}]}}