{"id":1310,"date":"2025-04-17T14:43:10","date_gmt":"2025-04-17T13:43:10","guid":{"rendered":"https:\/\/recrosses.eu\/lexperience-recrosses-au-congres-communautes-energetiques-renouvelables-opportunites-et-experiences\/"},"modified":"2025-06-25T14:47:06","modified_gmt":"2025-06-25T13:47:06","slug":"lexperience-recrosses-au-congres-communautes-energetiques-renouvelables-opportunites-et-experiences","status":"publish","type":"post","link":"https:\/\/recrosses.eu\/fr\/lexperience-recrosses-au-congres-communautes-energetiques-renouvelables-opportunites-et-experiences\/","title":{"rendered":"L\u2019exp\u00e9rience RECROSSES au Congr\u00e8s \u00ab\u00a0Communaut\u00e9s \u00c9nerg\u00e9tiques Renouvelables : opportunit\u00e9s et exp\u00e9riences\u00a0\u00bb"},"content":{"rendered":"\n<figure class=\"wp-block-image size-large\"><img fetchpriority=\"high\" decoding=\"async\" width=\"1024\" height=\"246\" data-src=\"https:\/\/recrosses.eu\/wp-content\/uploads\/2025\/04\/Convegno-02-05_Immagine-sito-1-1024x246.jpg\" src=\"data:image\/gif;base64,R0lGODlhAQABAIAAAAAAAP\/\/\/yH5BAEAAAAALAAAAAABAAEAAAIBRAA7\" alt=\"\" class=\"wp-image-1245 lazyload\"\/><noscript><img decoding=\"async\" width=\"1024\" height=\"246\" src=\"https:\/\/recrosses.eu\/wp-content\/uploads\/2025\/04\/Convegno-02-05_Immagine-sito-1-1024x246.jpg\" alt=\"\" class=\"wp-image-1245\" srcset=\"https:\/\/recrosses.eu\/wp-content\/uploads\/2025\/04\/Convegno-02-05_Immagine-sito-1-1024x246.jpg 1024w, https:\/\/recrosses.eu\/wp-content\/uploads\/2025\/04\/Convegno-02-05_Immagine-sito-1-300x72.jpg 300w, https:\/\/recrosses.eu\/wp-content\/uploads\/2025\/04\/Convegno-02-05_Immagine-sito-1-768x184.jpg 768w, https:\/\/recrosses.eu\/wp-content\/uploads\/2025\/04\/Convegno-02-05_Immagine-sito-1.jpg 1084w\" sizes=\"(max-width: 1024px) 100vw, 1024px\" \/><\/noscript><\/figure>\n\n<p class=\"wp-block-paragraph\">Dans le cadre de la 10\u00e8me \u00e9dition de l\u2019\u00e9v\u00e9nement <strong>Maison Loisir<\/strong>, l&rsquo;Assessorat de l\u2019essor \u00e9conomique, de la formation et du travail, des transports et de la mobilit\u00e9 durable, en collaboration avec le COA energia de Finaosta S.p.A et la Chambre vald\u00f4taine des entreprises et des activit\u00e9s lib\u00e9rales organise le congr\u00e8s <strong>\u00ab\u00a0Communaut\u00e9s \u00e9nerg\u00e9tiques renouvelables &#8211; opportunit\u00e9s et exp\u00e9riences\u00a0\u00bb<\/strong> qui se d\u00e9roulera <strong>vendredi 2 mai de 10h:30 \u00e0 12h30<\/strong>, dans la <strong>salle de conf\u00e9rence<\/strong> de <strong><a href=\"https:\/\/www.maisonloisir.it\/\">Maison Loisir X<\/a><\/strong>, c\/o l&rsquo;Area Espace Aosta, via Lavoratori Vittime Col du Mont, 50 &#8211; 11100 Aosta.<\/p>\n\n<p class=\"wp-block-paragraph\">L\u2019\u00e9v\u00e9nement pr\u00e9voit une <strong>mise \u00e0 jour sur les communaut\u00e9s \u00e9nerg\u00e9tiques renouvelables<\/strong>, la pr\u00e9sentation de l\u2019exp\u00e9rience du <strong>projet Alcotra RECROSSES<\/strong>, des <strong>mesures<\/strong> et <strong>opportunit\u00e9s<\/strong> disponibles, des initiatives de <strong>soutien aux entreprises<\/strong> et une comparaison entre les <strong>exp\u00e9riences de CER en Vall\u00e9e d&rsquo;Aoste<\/strong>.<\/p>\n\n<p class=\"wp-block-paragraph\">Pour plus d\u2019informations, rendez-vous sur la page de l\u2019\u00e9v\u00e9nement.<\/p>\n\n<figure class=\"wp-block-embed is-type-wp-embed is-provider-recrosses wp-block-embed-recrosses\"><div class=\"wp-block-embed__wrapper\">\n<blockquote class=\"wp-embedded-content\" data-secret=\"b3Qqxc1BgS\"><a href=\"https:\/\/recrosses.eu\/evento\/comunita-energetiche-rinnovabili-opportunita-ed-esperienze\/\">Convegno | Comunit\u00e0 Energetiche Rinnovabili: opportunit\u00e0 ed esperienze<\/a><\/blockquote><iframe data-src=\"https:\/\/recrosses.eu\/evento\/comunita-energetiche-rinnovabili-opportunita-ed-esperienze\/embed\/#?secret=dLfwqAXWb5#?secret=b3Qqxc1BgS\" class=\"wp-embedded-content lazyload\" sandbox=\"allow-scripts\" security=\"restricted\" style=\"position: absolute; visibility: hidden;\" title=\"\u00ab\u00a0Convegno | Comunit\u00e0 Energetiche Rinnovabili: opportunit\u00e0 ed esperienze\u00a0\u00bb &#8212; Recrosses\"  data-secret=\"b3Qqxc1BgS\" width=\"600\" height=\"338\" frameborder=\"0\" marginwidth=\"0\" marginheight=\"0\" scrolling=\"no\"><\/iframe>\n<\/div><\/figure>\n","protected":false},"excerpt":{"rendered":"<p>Dans le cadre de la 10\u00e8me \u00e9dition de l\u2019\u00e9v\u00e9nement Maison Loisir, l&rsquo;Assessorat de l\u2019essor \u00e9conomique, de la formation et du travail, des transports et de la mobilit\u00e9 durable, en collaboration avec le COA energia de Finaosta S.p.A et la Chambre vald\u00f4taine des entreprises et des activit\u00e9s lib\u00e9rales organise le congr\u00e8s \u00ab\u00a0Communaut\u00e9s \u00e9nerg\u00e9tiques renouvelables &#8211; opportunit\u00e9s [&hellip;]<\/p>\n","protected":false},"author":4,"featured_media":1249,"comment_status":"open","ping_status":"open","sticky":false,"template":"","format":"standard","meta":{"_acf_changed":false,"footnotes":""},"categories":[26],"tags":[],"class_list":["post-1310","post","type-post","status-publish","format-standard","has-post-thumbnail","hentry","category-evenement-fr"],"acf":[],"yoast_head":"<!-- This site is optimized with the Yoast SEO plugin v28.3 - https:\/\/yoast.com\/product\/yoast-seo-wordpress\/ -->\n<title>L\u2019exp\u00e9rience RECROSSES au Congr\u00e8s &quot;Communaut\u00e9s \u00c9nerg\u00e9tiques Renouvelables : opportunit\u00e9s et exp\u00e9riences&quot; - Recrosses<\/title>\n<meta name=\"description\" content=\"Dans le cadre de la dixi\u00e8me \u00e9dition de l\u2019\u00e9v\u00e9nement Maison Loisir X, l&#039;Assessorat de l\u2019essor \u00e9conomique, de la formation et du travail, des transports et de la mobilit\u00e9 durable, en collaboration avec le COA energia de Finaosta S.p.A et la Chambre vald\u00f4taine des entreprises et des activit\u00e9s lib\u00e9rales organise le congr\u00e8s &quot;Communaut\u00e9s \u00e9nerg\u00e9tiques renouvelables - opportunit\u00e9s et exp\u00e9riences&quot; qui se d\u00e9roulera vendredi 2 mai de 10h:30 \u00e0 12h30, dans la salle de conf\u00e9rence de Maison Loisir X, c\/o l&#039;Area Espace Aosta, via Lavoratori Vittime Col du Mont, 50 - 11100 Aosta. L\u2019\u00e9v\u00e9nement pr\u00e9voit une mise \u00e0 jour sur les Communaut\u00e9s d\u2019\u00e9nergie Renouvelable, la pr\u00e9sentation de l\u2019exp\u00e9rience du projet Alcotra RECROSSES, des mesures et des opportunit\u00e9s disponibles, des initiatives de soutien aux entreprises et une comparaison entre les exp\u00e9riences de CER en Vall\u00e9e d\u2019Aoste.\" \/>\n<meta name=\"robots\" content=\"index, follow, max-snippet:-1, max-image-preview:large, max-video-preview:-1\" \/>\n<link rel=\"canonical\" href=\"https:\/\/recrosses.eu\/fr\/lexperience-recrosses-au-congres-communautes-energetiques-renouvelables-opportunites-et-experiences\/\" \/>\n<meta property=\"og:locale\" content=\"fr_FR\" \/>\n<meta property=\"og:type\" content=\"article\" \/>\n<meta property=\"og:title\" content=\"L\u2019exp\u00e9rience RECROSSES au Congr\u00e8s &quot;Communaut\u00e9s \u00c9nerg\u00e9tiques Renouvelables : opportunit\u00e9s et exp\u00e9riences&quot; - Recrosses\" \/>\n<meta property=\"og:description\" content=\"Dans le cadre de la dixi\u00e8me \u00e9dition de l\u2019\u00e9v\u00e9nement Maison Loisir X, l&#039;Assessorat de l\u2019essor \u00e9conomique, de la formation et du travail, des transports et de la mobilit\u00e9 durable, en collaboration avec le COA energia de Finaosta S.p.A et la Chambre vald\u00f4taine des entreprises et des activit\u00e9s lib\u00e9rales organise le congr\u00e8s &quot;Communaut\u00e9s \u00e9nerg\u00e9tiques renouvelables - opportunit\u00e9s et exp\u00e9riences&quot; qui se d\u00e9roulera vendredi 2 mai de 10h:30 \u00e0 12h30, dans la salle de conf\u00e9rence de Maison Loisir X, c\/o l&#039;Area Espace Aosta, via Lavoratori Vittime Col du Mont, 50 - 11100 Aosta. L\u2019\u00e9v\u00e9nement pr\u00e9voit une mise \u00e0 jour sur les Communaut\u00e9s d\u2019\u00e9nergie Renouvelable, la pr\u00e9sentation de l\u2019exp\u00e9rience du projet Alcotra RECROSSES, des mesures et des opportunit\u00e9s disponibles, des initiatives de soutien aux entreprises et une comparaison entre les exp\u00e9riences de CER en Vall\u00e9e d\u2019Aoste.\" \/>\n<meta property=\"og:url\" content=\"https:\/\/recrosses.eu\/fr\/lexperience-recrosses-au-congres-communautes-energetiques-renouvelables-opportunites-et-experiences\/\" \/>\n<meta property=\"og:site_name\" content=\"Recrosses\" \/>\n<meta property=\"article:published_time\" content=\"2025-04-17T13:43:10+00:00\" \/>\n<meta property=\"article:modified_time\" content=\"2025-06-25T13:47:06+00:00\" \/>\n<meta property=\"og:image\" content=\"https:\/\/recrosses.eu\/wp-content\/uploads\/2025\/04\/Convegno-02-05_Immagine-sito_QUADRATA.jpg\" \/>\n\t<meta property=\"og:image:width\" content=\"246\" \/>\n\t<meta property=\"og:image:height\" content=\"250\" \/>\n\t<meta property=\"og:image:type\" content=\"image\/jpeg\" \/>\n<meta name=\"author\" content=\"Chiara Bertolin\" \/>\n<meta name=\"twitter:card\" content=\"summary_large_image\" \/>\n<meta name=\"twitter:label1\" content=\"\u00c9crit par\" \/>\n\t<meta name=\"twitter:data1\" content=\"Chiara Bertolin\" \/>\n\t<meta name=\"twitter:label2\" content=\"Dur\u00e9e de lecture estim\u00e9e\" \/>\n\t<meta name=\"twitter:data2\" content=\"1 minute\" \/>\n<script type=\"application\/ld+json\" class=\"yoast-schema-graph\">{\"@context\":\"https:\\\/\\\/schema.org\",\"@graph\":[{\"@type\":\"Article\",\"@id\":\"https:\\\/\\\/recrosses.eu\\\/fr\\\/lexperience-recrosses-au-congres-communautes-energetiques-renouvelables-opportunites-et-experiences\\\/#article\",\"isPartOf\":{\"@id\":\"https:\\\/\\\/recrosses.eu\\\/fr\\\/lexperience-recrosses-au-congres-communautes-energetiques-renouvelables-opportunites-et-experiences\\\/\"},\"author\":{\"name\":\"Chiara Bertolin\",\"@id\":\"https:\\\/\\\/recrosses.eu\\\/fr\\\/#\\\/schema\\\/person\\\/2327e244e995abff4eaeb4f639000640\"},\"headline\":\"L\u2019exp\u00e9rience RECROSSES au Congr\u00e8s \u00ab\u00a0Communaut\u00e9s \u00c9nerg\u00e9tiques Renouvelables : opportunit\u00e9s et exp\u00e9riences\u00a0\u00bb\",\"datePublished\":\"2025-04-17T13:43:10+00:00\",\"dateModified\":\"2025-06-25T13:47:06+00:00\",\"mainEntityOfPage\":{\"@id\":\"https:\\\/\\\/recrosses.eu\\\/fr\\\/lexperience-recrosses-au-congres-communautes-energetiques-renouvelables-opportunites-et-experiences\\\/\"},\"wordCount\":190,\"commentCount\":0,\"image\":{\"@id\":\"https:\\\/\\\/recrosses.eu\\\/fr\\\/lexperience-recrosses-au-congres-communautes-energetiques-renouvelables-opportunites-et-experiences\\\/#primaryimage\"},\"thumbnailUrl\":\"https:\\\/\\\/recrosses.eu\\\/wp-content\\\/uploads\\\/2025\\\/04\\\/Convegno-02-05_Immagine-sito_QUADRATA.jpg\",\"articleSection\":[\"\u00c9V\u00c9NEMENT\"],\"inLanguage\":\"fr-FR\",\"potentialAction\":[{\"@type\":\"CommentAction\",\"name\":\"Comment\",\"target\":[\"https:\\\/\\\/recrosses.eu\\\/fr\\\/lexperience-recrosses-au-congres-communautes-energetiques-renouvelables-opportunites-et-experiences\\\/#respond\"]}]},{\"@type\":\"WebPage\",\"@id\":\"https:\\\/\\\/recrosses.eu\\\/fr\\\/lexperience-recrosses-au-congres-communautes-energetiques-renouvelables-opportunites-et-experiences\\\/\",\"url\":\"https:\\\/\\\/recrosses.eu\\\/fr\\\/lexperience-recrosses-au-congres-communautes-energetiques-renouvelables-opportunites-et-experiences\\\/\",\"name\":\"L\u2019exp\u00e9rience RECROSSES au Congr\u00e8s \\\"Communaut\u00e9s \u00c9nerg\u00e9tiques Renouvelables : opportunit\u00e9s et exp\u00e9riences\\\" - Recrosses\",\"isPartOf\":{\"@id\":\"https:\\\/\\\/recrosses.eu\\\/fr\\\/#website\"},\"primaryImageOfPage\":{\"@id\":\"https:\\\/\\\/recrosses.eu\\\/fr\\\/lexperience-recrosses-au-congres-communautes-energetiques-renouvelables-opportunites-et-experiences\\\/#primaryimage\"},\"image\":{\"@id\":\"https:\\\/\\\/recrosses.eu\\\/fr\\\/lexperience-recrosses-au-congres-communautes-energetiques-renouvelables-opportunites-et-experiences\\\/#primaryimage\"},\"thumbnailUrl\":\"https:\\\/\\\/recrosses.eu\\\/wp-content\\\/uploads\\\/2025\\\/04\\\/Convegno-02-05_Immagine-sito_QUADRATA.jpg\",\"datePublished\":\"2025-04-17T13:43:10+00:00\",\"dateModified\":\"2025-06-25T13:47:06+00:00\",\"author\":{\"@id\":\"https:\\\/\\\/recrosses.eu\\\/fr\\\/#\\\/schema\\\/person\\\/2327e244e995abff4eaeb4f639000640\"},\"description\":\"Dans le cadre de la dixi\u00e8me \u00e9dition de l\u2019\u00e9v\u00e9nement Maison Loisir X, l'Assessorat de l\u2019essor \u00e9conomique, de la formation et du travail, des transports et de la mobilit\u00e9 durable, en collaboration avec le COA energia de Finaosta S.p.A et la Chambre vald\u00f4taine des entreprises et des activit\u00e9s lib\u00e9rales organise le congr\u00e8s \\\"Communaut\u00e9s \u00e9nerg\u00e9tiques renouvelables - opportunit\u00e9s et exp\u00e9riences\\\" qui se d\u00e9roulera vendredi 2 mai de 10h:30 \u00e0 12h30, dans la salle de conf\u00e9rence de Maison Loisir X, c\\\/o l'Area Espace Aosta, via Lavoratori Vittime Col du Mont, 50 - 11100 Aosta. L\u2019\u00e9v\u00e9nement pr\u00e9voit une mise \u00e0 jour sur les Communaut\u00e9s d\u2019\u00e9nergie Renouvelable, la pr\u00e9sentation de l\u2019exp\u00e9rience du projet Alcotra RECROSSES, des mesures et des opportunit\u00e9s disponibles, des initiatives de soutien aux entreprises et une comparaison entre les exp\u00e9riences de CER en Vall\u00e9e d\u2019Aoste.\",\"breadcrumb\":{\"@id\":\"https:\\\/\\\/recrosses.eu\\\/fr\\\/lexperience-recrosses-au-congres-communautes-energetiques-renouvelables-opportunites-et-experiences\\\/#breadcrumb\"},\"inLanguage\":\"fr-FR\",\"potentialAction\":[{\"@type\":\"ReadAction\",\"target\":[\"https:\\\/\\\/recrosses.eu\\\/fr\\\/lexperience-recrosses-au-congres-communautes-energetiques-renouvelables-opportunites-et-experiences\\\/\"]}]},{\"@type\":\"ImageObject\",\"inLanguage\":\"fr-FR\",\"@id\":\"https:\\\/\\\/recrosses.eu\\\/fr\\\/lexperience-recrosses-au-congres-communautes-energetiques-renouvelables-opportunites-et-experiences\\\/#primaryimage\",\"url\":\"https:\\\/\\\/recrosses.eu\\\/wp-content\\\/uploads\\\/2025\\\/04\\\/Convegno-02-05_Immagine-sito_QUADRATA.jpg\",\"contentUrl\":\"https:\\\/\\\/recrosses.eu\\\/wp-content\\\/uploads\\\/2025\\\/04\\\/Convegno-02-05_Immagine-sito_QUADRATA.jpg\",\"width\":246,\"height\":250},{\"@type\":\"BreadcrumbList\",\"@id\":\"https:\\\/\\\/recrosses.eu\\\/fr\\\/lexperience-recrosses-au-congres-communautes-energetiques-renouvelables-opportunites-et-experiences\\\/#breadcrumb\",\"itemListElement\":[{\"@type\":\"ListItem\",\"position\":1,\"name\":\"Home\",\"item\":\"https:\\\/\\\/recrosses.eu\\\/fr\\\/home\\\/\"},{\"@type\":\"ListItem\",\"position\":2,\"name\":\"L\u2019exp\u00e9rience RECROSSES au Congr\u00e8s \u00ab\u00a0Communaut\u00e9s \u00c9nerg\u00e9tiques Renouvelables : opportunit\u00e9s et exp\u00e9riences\u00a0\u00bb\"}]},{\"@type\":\"WebSite\",\"@id\":\"https:\\\/\\\/recrosses.eu\\\/fr\\\/#website\",\"url\":\"https:\\\/\\\/recrosses.eu\\\/fr\\\/\",\"name\":\"Recrosses\",\"description\":\"L&#039;energia che unisce - L&#039;\u00e9nergie qui unit\",\"potentialAction\":[{\"@type\":\"SearchAction\",\"target\":{\"@type\":\"EntryPoint\",\"urlTemplate\":\"https:\\\/\\\/recrosses.eu\\\/fr\\\/?s={search_term_string}\"},\"query-input\":{\"@type\":\"PropertyValueSpecification\",\"valueRequired\":true,\"valueName\":\"search_term_string\"}}],\"inLanguage\":\"fr-FR\"},{\"@type\":\"Person\",\"@id\":\"https:\\\/\\\/recrosses.eu\\\/fr\\\/#\\\/schema\\\/person\\\/2327e244e995abff4eaeb4f639000640\",\"name\":\"Chiara Bertolin\",\"image\":{\"@type\":\"ImageObject\",\"inLanguage\":\"fr-FR\",\"@id\":\"https:\\\/\\\/secure.gravatar.com\\\/avatar\\\/4789acd3dd60d7a775c67e44f6a017499f73531a758ddf33045a7e35ffafeda6?s=96&d=mm&r=g\",\"url\":\"https:\\\/\\\/secure.gravatar.com\\\/avatar\\\/4789acd3dd60d7a775c67e44f6a017499f73531a758ddf33045a7e35ffafeda6?s=96&d=mm&r=g\",\"contentUrl\":\"https:\\\/\\\/secure.gravatar.com\\\/avatar\\\/4789acd3dd60d7a775c67e44f6a017499f73531a758ddf33045a7e35ffafeda6?s=96&d=mm&r=g\",\"caption\":\"Chiara Bertolin\"},\"url\":\"https:\\\/\\\/recrosses.eu\\\/fr\\\/author\\\/chiara\\\/\"}]}<\/script>\n<!-- \/ Yoast SEO plugin. -->","yoast_head_json":{"title":"L\u2019exp\u00e9rience RECROSSES au Congr\u00e8s \"Communaut\u00e9s \u00c9nerg\u00e9tiques Renouvelables : opportunit\u00e9s et exp\u00e9riences\" - Recrosses","description":"Dans le cadre de la dixi\u00e8me \u00e9dition de l\u2019\u00e9v\u00e9nement Maison Loisir X, l'Assessorat de l\u2019essor \u00e9conomique, de la formation et du travail, des transports et de la mobilit\u00e9 durable, en collaboration avec le COA energia de Finaosta S.p.A et la Chambre vald\u00f4taine des entreprises et des activit\u00e9s lib\u00e9rales organise le congr\u00e8s \"Communaut\u00e9s \u00e9nerg\u00e9tiques renouvelables - opportunit\u00e9s et exp\u00e9riences\" qui se d\u00e9roulera vendredi 2 mai de 10h:30 \u00e0 12h30, dans la salle de conf\u00e9rence de Maison Loisir X, c\/o l'Area Espace Aosta, via Lavoratori Vittime Col du Mont, 50 - 11100 Aosta. L\u2019\u00e9v\u00e9nement pr\u00e9voit une mise \u00e0 jour sur les Communaut\u00e9s d\u2019\u00e9nergie Renouvelable, la pr\u00e9sentation de l\u2019exp\u00e9rience du projet Alcotra RECROSSES, des mesures et des opportunit\u00e9s disponibles, des initiatives de soutien aux entreprises et une comparaison entre les exp\u00e9riences de CER en Vall\u00e9e d\u2019Aoste.","robots":{"index":"index","follow":"follow","max-snippet":"max-snippet:-1","max-image-preview":"max-image-preview:large","max-video-preview":"max-video-preview:-1"},"canonical":"https:\/\/recrosses.eu\/fr\/lexperience-recrosses-au-congres-communautes-energetiques-renouvelables-opportunites-et-experiences\/","og_locale":"fr_FR","og_type":"article","og_title":"L\u2019exp\u00e9rience RECROSSES au Congr\u00e8s \"Communaut\u00e9s \u00c9nerg\u00e9tiques Renouvelables : opportunit\u00e9s et exp\u00e9riences\" - Recrosses","og_description":"Dans le cadre de la dixi\u00e8me \u00e9dition de l\u2019\u00e9v\u00e9nement Maison Loisir X, l'Assessorat de l\u2019essor \u00e9conomique, de la formation et du travail, des transports et de la mobilit\u00e9 durable, en collaboration avec le COA energia de Finaosta S.p.A et la Chambre vald\u00f4taine des entreprises et des activit\u00e9s lib\u00e9rales organise le congr\u00e8s \"Communaut\u00e9s \u00e9nerg\u00e9tiques renouvelables - opportunit\u00e9s et exp\u00e9riences\" qui se d\u00e9roulera vendredi 2 mai de 10h:30 \u00e0 12h30, dans la salle de conf\u00e9rence de Maison Loisir X, c\/o l'Area Espace Aosta, via Lavoratori Vittime Col du Mont, 50 - 11100 Aosta. L\u2019\u00e9v\u00e9nement pr\u00e9voit une mise \u00e0 jour sur les Communaut\u00e9s d\u2019\u00e9nergie Renouvelable, la pr\u00e9sentation de l\u2019exp\u00e9rience du projet Alcotra RECROSSES, des mesures et des opportunit\u00e9s disponibles, des initiatives de soutien aux entreprises et une comparaison entre les exp\u00e9riences de CER en Vall\u00e9e d\u2019Aoste.","og_url":"https:\/\/recrosses.eu\/fr\/lexperience-recrosses-au-congres-communautes-energetiques-renouvelables-opportunites-et-experiences\/","og_site_name":"Recrosses","article_published_time":"2025-04-17T13:43:10+00:00","article_modified_time":"2025-06-25T13:47:06+00:00","og_image":[{"width":246,"height":250,"url":"https:\/\/recrosses.eu\/wp-content\/uploads\/2025\/04\/Convegno-02-05_Immagine-sito_QUADRATA.jpg","type":"image\/jpeg"}],"author":"Chiara Bertolin","twitter_card":"summary_large_image","twitter_misc":{"\u00c9crit par":"Chiara Bertolin","Dur\u00e9e de lecture estim\u00e9e":"1 minute"},"schema":{"@context":"https:\/\/schema.org","@graph":[{"@type":"Article","@id":"https:\/\/recrosses.eu\/fr\/lexperience-recrosses-au-congres-communautes-energetiques-renouvelables-opportunites-et-experiences\/#article","isPartOf":{"@id":"https:\/\/recrosses.eu\/fr\/lexperience-recrosses-au-congres-communautes-energetiques-renouvelables-opportunites-et-experiences\/"},"author":{"name":"Chiara Bertolin","@id":"https:\/\/recrosses.eu\/fr\/#\/schema\/person\/2327e244e995abff4eaeb4f639000640"},"headline":"L\u2019exp\u00e9rience RECROSSES au Congr\u00e8s \u00ab\u00a0Communaut\u00e9s \u00c9nerg\u00e9tiques Renouvelables : opportunit\u00e9s et exp\u00e9riences\u00a0\u00bb","datePublished":"2025-04-17T13:43:10+00:00","dateModified":"2025-06-25T13:47:06+00:00","mainEntityOfPage":{"@id":"https:\/\/recrosses.eu\/fr\/lexperience-recrosses-au-congres-communautes-energetiques-renouvelables-opportunites-et-experiences\/"},"wordCount":190,"commentCount":0,"image":{"@id":"https:\/\/recrosses.eu\/fr\/lexperience-recrosses-au-congres-communautes-energetiques-renouvelables-opportunites-et-experiences\/#primaryimage"},"thumbnailUrl":"https:\/\/recrosses.eu\/wp-content\/uploads\/2025\/04\/Convegno-02-05_Immagine-sito_QUADRATA.jpg","articleSection":["\u00c9V\u00c9NEMENT"],"inLanguage":"fr-FR","potentialAction":[{"@type":"CommentAction","name":"Comment","target":["https:\/\/recrosses.eu\/fr\/lexperience-recrosses-au-congres-communautes-energetiques-renouvelables-opportunites-et-experiences\/#respond"]}]},{"@type":"WebPage","@id":"https:\/\/recrosses.eu\/fr\/lexperience-recrosses-au-congres-communautes-energetiques-renouvelables-opportunites-et-experiences\/","url":"https:\/\/recrosses.eu\/fr\/lexperience-recrosses-au-congres-communautes-energetiques-renouvelables-opportunites-et-experiences\/","name":"L\u2019exp\u00e9rience RECROSSES au Congr\u00e8s \"Communaut\u00e9s \u00c9nerg\u00e9tiques Renouvelables : opportunit\u00e9s et exp\u00e9riences\" - Recrosses","isPartOf":{"@id":"https:\/\/recrosses.eu\/fr\/#website"},"primaryImageOfPage":{"@id":"https:\/\/recrosses.eu\/fr\/lexperience-recrosses-au-congres-communautes-energetiques-renouvelables-opportunites-et-experiences\/#primaryimage"},"image":{"@id":"https:\/\/recrosses.eu\/fr\/lexperience-recrosses-au-congres-communautes-energetiques-renouvelables-opportunites-et-experiences\/#primaryimage"},"thumbnailUrl":"https:\/\/recrosses.eu\/wp-content\/uploads\/2025\/04\/Convegno-02-05_Immagine-sito_QUADRATA.jpg","datePublished":"2025-04-17T13:43:10+00:00","dateModified":"2025-06-25T13:47:06+00:00","author":{"@id":"https:\/\/recrosses.eu\/fr\/#\/schema\/person\/2327e244e995abff4eaeb4f639000640"},"description":"Dans le cadre de la dixi\u00e8me \u00e9dition de l\u2019\u00e9v\u00e9nement Maison Loisir X, l'Assessorat de l\u2019essor \u00e9conomique, de la formation et du travail, des transports et de la mobilit\u00e9 durable, en collaboration avec le COA energia de Finaosta S.p.A et la Chambre vald\u00f4taine des entreprises et des activit\u00e9s lib\u00e9rales organise le congr\u00e8s \"Communaut\u00e9s \u00e9nerg\u00e9tiques renouvelables - opportunit\u00e9s et exp\u00e9riences\" qui se d\u00e9roulera vendredi 2 mai de 10h:30 \u00e0 12h30, dans la salle de conf\u00e9rence de Maison Loisir X, c\/o l'Area Espace Aosta, via Lavoratori Vittime Col du Mont, 50 - 11100 Aosta. L\u2019\u00e9v\u00e9nement pr\u00e9voit une mise \u00e0 jour sur les Communaut\u00e9s d\u2019\u00e9nergie Renouvelable, la pr\u00e9sentation de l\u2019exp\u00e9rience du projet Alcotra RECROSSES, des mesures et des opportunit\u00e9s disponibles, des initiatives de soutien aux entreprises et une comparaison entre les exp\u00e9riences de CER en Vall\u00e9e d\u2019Aoste.","breadcrumb":{"@id":"https:\/\/recrosses.eu\/fr\/lexperience-recrosses-au-congres-communautes-energetiques-renouvelables-opportunites-et-experiences\/#breadcrumb"},"inLanguage":"fr-FR","potentialAction":[{"@type":"ReadAction","target":["https:\/\/recrosses.eu\/fr\/lexperience-recrosses-au-congres-communautes-energetiques-renouvelables-opportunites-et-experiences\/"]}]},{"@type":"ImageObject","inLanguage":"fr-FR","@id":"https:\/\/recrosses.eu\/fr\/lexperience-recrosses-au-congres-communautes-energetiques-renouvelables-opportunites-et-experiences\/#primaryimage","url":"https:\/\/recrosses.eu\/wp-content\/uploads\/2025\/04\/Convegno-02-05_Immagine-sito_QUADRATA.jpg","contentUrl":"https:\/\/recrosses.eu\/wp-content\/uploads\/2025\/04\/Convegno-02-05_Immagine-sito_QUADRATA.jpg","width":246,"height":250},{"@type":"BreadcrumbList","@id":"https:\/\/recrosses.eu\/fr\/lexperience-recrosses-au-congres-communautes-energetiques-renouvelables-opportunites-et-experiences\/#breadcrumb","itemListElement":[{"@type":"ListItem","position":1,"name":"Home","item":"https:\/\/recrosses.eu\/fr\/home\/"},{"@type":"ListItem","position":2,"name":"L\u2019exp\u00e9rience RECROSSES au Congr\u00e8s \u00ab\u00a0Communaut\u00e9s \u00c9nerg\u00e9tiques Renouvelables : opportunit\u00e9s et exp\u00e9riences\u00a0\u00bb"}]},{"@type":"WebSite","@id":"https:\/\/recrosses.eu\/fr\/#website","url":"https:\/\/recrosses.eu\/fr\/","name":"Recrosses","description":"L&#039;energia che unisce - L&#039;\u00e9nergie qui unit","potentialAction":[{"@type":"SearchAction","target":{"@type":"EntryPoint","urlTemplate":"https:\/\/recrosses.eu\/fr\/?s={search_term_string}"},"query-input":{"@type":"PropertyValueSpecification","valueRequired":true,"valueName":"search_term_string"}}],"inLanguage":"fr-FR"},{"@type":"Person","@id":"https:\/\/recrosses.eu\/fr\/#\/schema\/person\/2327e244e995abff4eaeb4f639000640","name":"Chiara Bertolin","image":{"@type":"ImageObject","inLanguage":"fr-FR","@id":"https:\/\/secure.gravatar.com\/avatar\/4789acd3dd60d7a775c67e44f6a017499f73531a758ddf33045a7e35ffafeda6?s=96&d=mm&r=g","url":"https:\/\/secure.gravatar.com\/avatar\/4789acd3dd60d7a775c67e44f6a017499f73531a758ddf33045a7e35ffafeda6?s=96&d=mm&r=g","contentUrl":"https:\/\/secure.gravatar.com\/avatar\/4789acd3dd60d7a775c67e44f6a017499f73531a758ddf33045a7e35ffafeda6?s=96&d=mm&r=g","caption":"Chiara Bertolin"},"url":"https:\/\/recrosses.eu\/fr\/author\/chiara\/"}]}},"_links":{"self":[{"href":"https:\/\/recrosses.eu\/fr\/wp-json\/wp\/v2\/posts\/1310","targetHints":{"allow":["GET"]}}],"collection":[{"href":"https:\/\/recrosses.eu\/fr\/wp-json\/wp\/v2\/posts"}],"about":[{"href":"https:\/\/recrosses.eu\/fr\/wp-json\/wp\/v2\/types\/post"}],"author":[{"embeddable":true,"href":"https:\/\/recrosses.eu\/fr\/wp-json\/wp\/v2\/users\/4"}],"replies":[{"embeddable":true,"href":"https:\/\/recrosses.eu\/fr\/wp-json\/wp\/v2\/comments?post=1310"}],"version-history":[{"count":1,"href":"https:\/\/recrosses.eu\/fr\/wp-json\/wp\/v2\/posts\/1310\/revisions"}],"predecessor-version":[{"id":1311,"href":"https:\/\/recrosses.eu\/fr\/wp-json\/wp\/v2\/posts\/1310\/revisions\/1311"}],"wp:featuredmedia":[{"embeddable":true,"href":"https:\/\/recrosses.eu\/fr\/wp-json\/wp\/v2\/media\/1249"}],"wp:attachment":[{"href":"https:\/\/recrosses.eu\/fr\/wp-json\/wp\/v2\/media?parent=1310"}],"wp:term":[{"taxonomy":"category","embeddable":true,"href":"https:\/\/recrosses.eu\/fr\/wp-json\/wp\/v2\/categories?post=1310"},{"taxonomy":"post_tag","embeddable":true,"href":"https:\/\/recrosses.eu\/fr\/wp-json\/wp\/v2\/tags?post=1310"}],"curies":[{"name":"wp","href":"https:\/\/api.w.org\/{rel}","templated":true}]}}