{"id":1363,"date":"2025-09-10T17:04:27","date_gmt":"2025-09-10T16:04:27","guid":{"rendered":"https:\/\/recrosses.eu\/cest-parti-pour-le-premier-cer-tour-de-recrosses\/"},"modified":"2025-10-08T15:25:16","modified_gmt":"2025-10-08T14:25:16","slug":"cest-parti-pour-le-premier-cer-tour-de-recrosses","status":"publish","type":"post","link":"https:\/\/recrosses.eu\/fr\/cest-parti-pour-le-premier-cer-tour-de-recrosses\/","title":{"rendered":"C\u2019est parti pour le premier CER Tour de RECROSSES !"},"content":{"rendered":"\n<p class=\"wp-block-paragraph\">Dans le cadre du Projet <a href=\"https:\/\/interreg-alcotra.eu\/it\">Interreg ALCOTRA<\/a> RECROSSES, les partenaires organisent <strong>le premier Tour d\u00e9di\u00e9 \u00e0 la rencontre et au partage d\u2019exp\u00e9riences entre les Communaut\u00e9s d\u2019\u00c9nergie Renouvelable<\/strong> (CER) <strong>italiennes et fran\u00e7aises <\/strong>impliqu\u00e9es dans le projet, avec pour objectif d\u2019en <strong>renforcer la valeur transfrontali\u00e8re<\/strong>.<\/p>\n\n<p class=\"wp-block-paragraph\">L\u2019\u00e9v\u00e9nement, plac\u00e9 sous le patronage de <a href=\"https:\/\/renael.net\/\">RENAEL<\/a>, s\u2019inscrira pleinement dans la <a href=\"https:\/\/www.mase.gov.it\/portale\/settimana-europea-della-mobilit%C3%A0-2025\">Semaine europ\u00e9enne de la mobilit\u00e9 2025<\/a> : afin de limiter les \u00e9missions de CO<sub>\u2082<\/sub> et de r\u00e9duire l\u2019empreinte carbone, en coh\u00e9rence avec les objectifs du projet RECROSSES, le voyage se d\u00e9roulera en plusieurs \u00e9tapes \u00e0 v\u00e9lo, traversant les territoires Alcotra de la Vall\u00e9e d\u2019Aoste, des provinces de Turin et de Cuneo, dans le Pi\u00e9mont, pour arriver jusqu\u2019\u00e0 Nice, dans les Alpes-Maritimes. \u00bb<\/p>\n\n<p class=\"wp-block-paragraph\">\u00c0 chaque \u00e9tape, \u00e0 travers des visites et des \u00e9v\u00e9nements, les CER pourront se rencontrer, partager leur exp\u00e9rience et signer un accord pour l\u2019\u00e9change de bonnes pratiques. Pour rester inform\u00e9 des \u00e9tapes du parcours et participer aux \u00e9v\u00e9nements organis\u00e9s sur le territoire, suivez le CER Tour dans la <a href=\"https:\/\/recrosses.eu\/fr\/evenements\/\">section d\u00e9di\u00e9e du site de RECROSSES<\/a> ainsi que sur les r\u00e9seaux sociaux <a href=\"https:\/\/www.linkedin.com\/company\/alcotra-recrosses\/?viewAsMember=true\">LinkedIn<\/a> et<a href=\"https:\/\/www.instagram.com\/fitfor2030bybike\/\"> Instagram<\/a>, qui diffuseront l\u2019\u00e9v\u00e9nement en temps r\u00e9el. <\/p>\n\n<p class=\"wp-block-paragraph\"><\/p>\n\n<p class=\"wp-block-paragraph\"><\/p>\n\n<figure class=\"wp-block-gallery has-nested-images columns-default is-cropped wp-block-gallery-1 is-layout-flex wp-block-gallery-is-layout-flex\">\n<figure class=\"wp-block-image size-large\"><img fetchpriority=\"high\" decoding=\"async\" width=\"725\" height=\"1024\" data-src=\"https:\/\/recrosses.eu\/wp-content\/uploads\/2025\/09\/CER-Tour_locandina_ITA-725x1024.jpg\" data-id=\"1360\" src=\"data:image\/gif;base64,R0lGODlhAQABAIAAAAAAAP\/\/\/yH5BAEAAAAALAAAAAABAAEAAAIBRAA7\" alt=\"\" class=\"wp-image-1360 lazyload\"\/><noscript><img decoding=\"async\" width=\"725\" height=\"1024\" data-id=\"1360\" src=\"https:\/\/recrosses.eu\/wp-content\/uploads\/2025\/09\/CER-Tour_locandina_ITA-725x1024.jpg\" alt=\"\" class=\"wp-image-1360\" srcset=\"https:\/\/recrosses.eu\/wp-content\/uploads\/2025\/09\/CER-Tour_locandina_ITA-725x1024.jpg 725w, https:\/\/recrosses.eu\/wp-content\/uploads\/2025\/09\/CER-Tour_locandina_ITA-212x300.jpg 212w, https:\/\/recrosses.eu\/wp-content\/uploads\/2025\/09\/CER-Tour_locandina_ITA-768x1085.jpg 768w, https:\/\/recrosses.eu\/wp-content\/uploads\/2025\/09\/CER-Tour_locandina_ITA-1087x1536.jpg 1087w, https:\/\/recrosses.eu\/wp-content\/uploads\/2025\/09\/CER-Tour_locandina_ITA.jpg 1241w\" sizes=\"(max-width: 725px) 100vw, 725px\" \/><\/noscript><\/figure>\n<\/figure>\n","protected":false},"excerpt":{"rendered":"<p>Dans le cadre du Projet Interreg ALCOTRA RECROSSES, les partenaires organisent le premier Tour d\u00e9di\u00e9 \u00e0 la rencontre et au partage d\u2019exp\u00e9riences entre les Communaut\u00e9s d\u2019\u00c9nergie Renouvelable (CER) italiennes et fran\u00e7aises impliqu\u00e9es dans le projet, avec pour objectif d\u2019en renforcer la valeur transfrontali\u00e8re. L\u2019\u00e9v\u00e9nement, plac\u00e9 sous le patronage de RENAEL, s\u2019inscrira pleinement dans la Semaine [&hellip;]<\/p>\n","protected":false},"author":4,"featured_media":1409,"comment_status":"open","ping_status":"open","sticky":false,"template":"","format":"standard","meta":{"_acf_changed":false,"footnotes":""},"categories":[26,22],"tags":[],"class_list":["post-1363","post","type-post","status-publish","format-standard","has-post-thumbnail","hentry","category-evenement-fr","category-nuovelles"],"acf":[],"yoast_head":"<!-- This site is optimized with the Yoast SEO plugin v28.3 - https:\/\/yoast.com\/product\/yoast-seo-wordpress\/ -->\n<title>C\u2019est parti pour le premier CER Tour de RECROSSES ! - Recrosses<\/title>\n<meta name=\"description\" content=\"Dans le cadre du Projet Interreg ALCOTRA RECROSSES, les partenaires organisent le premier Tour d\u00e9di\u00e9 \u00e0 la rencontre et au partage d\u2019exp\u00e9riences entre les Communaut\u00e9s d\u2019\u00c9nergie Renouvelable (CER) italiennes et fran\u00e7aises impliqu\u00e9es dans le projet, avec pour objectif d\u2019en renforcer la valeur transfrontali\u00e8re.L\u2019\u00e9v\u00e9nement, plac\u00e9 sous le patronage de RENAEL, s\u2019inscrira pleinement dans la Semaine europ\u00e9enne de la mobilit\u00e9 2025 : afin de limiter les \u00e9missions de CO\u2082 et de r\u00e9duire l\u2019empreinte carbone, en coh\u00e9rence avec les objectifs du projet RECROSSES, le voyage se d\u00e9roulera en plusieurs \u00e9tapes \u00e0 v\u00e9lo, traversant les territoires Alcotra de la Vall\u00e9e d\u2019Aoste, des provinces de Turin et de Cuneo, dans le Pi\u00e9mont, pour arriver jusqu\u2019\u00e0 Nice, dans les Alpes-Maritimes.\u00c0 chaque \u00e9tape, \u00e0 travers des visites et des \u00e9v\u00e9nements, les CER pourront se rencontrer, partager leur exp\u00e9rience et signer un accord pour l\u2019\u00e9change de bonnes pratiques. Pour rester inform\u00e9 des \u00e9tapes du parcours et participer aux \u00e9v\u00e9nements organis\u00e9s sur le territoire, suivez le CER Tour dans la section d\u00e9di\u00e9e du site de RECROSSES ainsi que sur les r\u00e9seaux sociaux LinkedIn et Instagram, qui diffuseront l\u2019\u00e9v\u00e9nement en temps r\u00e9el.\" \/>\n<meta name=\"robots\" content=\"index, follow, max-snippet:-1, max-image-preview:large, max-video-preview:-1\" \/>\n<link rel=\"canonical\" href=\"https:\/\/recrosses.eu\/fr\/cest-parti-pour-le-premier-cer-tour-de-recrosses\/\" \/>\n<meta property=\"og:locale\" content=\"fr_FR\" \/>\n<meta property=\"og:type\" content=\"article\" \/>\n<meta property=\"og:title\" content=\"C\u2019est parti pour le premier CER Tour de RECROSSES ! - Recrosses\" \/>\n<meta property=\"og:description\" content=\"Dans le cadre du Projet Interreg ALCOTRA RECROSSES, les partenaires organisent le premier Tour d\u00e9di\u00e9 \u00e0 la rencontre et au partage d\u2019exp\u00e9riences entre les Communaut\u00e9s d\u2019\u00c9nergie Renouvelable (CER) italiennes et fran\u00e7aises impliqu\u00e9es dans le projet, avec pour objectif d\u2019en renforcer la valeur transfrontali\u00e8re.L\u2019\u00e9v\u00e9nement, plac\u00e9 sous le patronage de RENAEL, s\u2019inscrira pleinement dans la Semaine europ\u00e9enne de la mobilit\u00e9 2025 : afin de limiter les \u00e9missions de CO\u2082 et de r\u00e9duire l\u2019empreinte carbone, en coh\u00e9rence avec les objectifs du projet RECROSSES, le voyage se d\u00e9roulera en plusieurs \u00e9tapes \u00e0 v\u00e9lo, traversant les territoires Alcotra de la Vall\u00e9e d\u2019Aoste, des provinces de Turin et de Cuneo, dans le Pi\u00e9mont, pour arriver jusqu\u2019\u00e0 Nice, dans les Alpes-Maritimes.\u00c0 chaque \u00e9tape, \u00e0 travers des visites et des \u00e9v\u00e9nements, les CER pourront se rencontrer, partager leur exp\u00e9rience et signer un accord pour l\u2019\u00e9change de bonnes pratiques. Pour rester inform\u00e9 des \u00e9tapes du parcours et participer aux \u00e9v\u00e9nements organis\u00e9s sur le territoire, suivez le CER Tour dans la section d\u00e9di\u00e9e du site de RECROSSES ainsi que sur les r\u00e9seaux sociaux LinkedIn et Instagram, qui diffuseront l\u2019\u00e9v\u00e9nement en temps r\u00e9el.\" \/>\n<meta property=\"og:url\" content=\"https:\/\/recrosses.eu\/fr\/cest-parti-pour-le-premier-cer-tour-de-recrosses\/\" \/>\n<meta property=\"og:site_name\" content=\"Recrosses\" \/>\n<meta property=\"article:published_time\" content=\"2025-09-10T16:04:27+00:00\" \/>\n<meta property=\"article:modified_time\" content=\"2025-10-08T14:25:16+00:00\" \/>\n<meta property=\"og:image\" content=\"https:\/\/recrosses.eu\/wp-content\/uploads\/2025\/09\/CER-Tour_All-1.jpg\" \/>\n\t<meta property=\"og:image:width\" content=\"384\" \/>\n\t<meta property=\"og:image:height\" content=\"425\" \/>\n\t<meta property=\"og:image:type\" content=\"image\/jpeg\" \/>\n<meta name=\"author\" content=\"Chiara Bertolin\" \/>\n<meta name=\"twitter:card\" content=\"summary_large_image\" \/>\n<meta name=\"twitter:label1\" content=\"\u00c9crit par\" \/>\n\t<meta name=\"twitter:data1\" content=\"Chiara Bertolin\" \/>\n\t<meta name=\"twitter:label2\" content=\"Dur\u00e9e de lecture estim\u00e9e\" \/>\n\t<meta name=\"twitter:data2\" content=\"1 minute\" \/>\n<script type=\"application\/ld+json\" class=\"yoast-schema-graph\">{\"@context\":\"https:\\\/\\\/schema.org\",\"@graph\":[{\"@type\":\"Article\",\"@id\":\"https:\\\/\\\/recrosses.eu\\\/fr\\\/cest-parti-pour-le-premier-cer-tour-de-recrosses\\\/#article\",\"isPartOf\":{\"@id\":\"https:\\\/\\\/recrosses.eu\\\/fr\\\/cest-parti-pour-le-premier-cer-tour-de-recrosses\\\/\"},\"author\":{\"name\":\"Chiara Bertolin\",\"@id\":\"https:\\\/\\\/recrosses.eu\\\/fr\\\/#\\\/schema\\\/person\\\/2327e244e995abff4eaeb4f639000640\"},\"headline\":\"C\u2019est parti pour le premier CER Tour de RECROSSES !\",\"datePublished\":\"2025-09-10T16:04:27+00:00\",\"dateModified\":\"2025-10-08T14:25:16+00:00\",\"mainEntityOfPage\":{\"@id\":\"https:\\\/\\\/recrosses.eu\\\/fr\\\/cest-parti-pour-le-premier-cer-tour-de-recrosses\\\/\"},\"wordCount\":220,\"commentCount\":0,\"image\":{\"@id\":\"https:\\\/\\\/recrosses.eu\\\/fr\\\/cest-parti-pour-le-premier-cer-tour-de-recrosses\\\/#primaryimage\"},\"thumbnailUrl\":\"https:\\\/\\\/recrosses.eu\\\/wp-content\\\/uploads\\\/2025\\\/09\\\/CER-Tour_All-1.jpg\",\"articleSection\":[\"\u00c9V\u00c9NEMENT\",\"Nuovelles\"],\"inLanguage\":\"fr-FR\",\"potentialAction\":[{\"@type\":\"CommentAction\",\"name\":\"Comment\",\"target\":[\"https:\\\/\\\/recrosses.eu\\\/fr\\\/cest-parti-pour-le-premier-cer-tour-de-recrosses\\\/#respond\"]}]},{\"@type\":\"WebPage\",\"@id\":\"https:\\\/\\\/recrosses.eu\\\/fr\\\/cest-parti-pour-le-premier-cer-tour-de-recrosses\\\/\",\"url\":\"https:\\\/\\\/recrosses.eu\\\/fr\\\/cest-parti-pour-le-premier-cer-tour-de-recrosses\\\/\",\"name\":\"C\u2019est parti pour le premier CER Tour de RECROSSES ! - Recrosses\",\"isPartOf\":{\"@id\":\"https:\\\/\\\/recrosses.eu\\\/fr\\\/#website\"},\"primaryImageOfPage\":{\"@id\":\"https:\\\/\\\/recrosses.eu\\\/fr\\\/cest-parti-pour-le-premier-cer-tour-de-recrosses\\\/#primaryimage\"},\"image\":{\"@id\":\"https:\\\/\\\/recrosses.eu\\\/fr\\\/cest-parti-pour-le-premier-cer-tour-de-recrosses\\\/#primaryimage\"},\"thumbnailUrl\":\"https:\\\/\\\/recrosses.eu\\\/wp-content\\\/uploads\\\/2025\\\/09\\\/CER-Tour_All-1.jpg\",\"datePublished\":\"2025-09-10T16:04:27+00:00\",\"dateModified\":\"2025-10-08T14:25:16+00:00\",\"author\":{\"@id\":\"https:\\\/\\\/recrosses.eu\\\/fr\\\/#\\\/schema\\\/person\\\/2327e244e995abff4eaeb4f639000640\"},\"description\":\"Dans le cadre du Projet Interreg ALCOTRA RECROSSES, les partenaires organisent le premier Tour d\u00e9di\u00e9 \u00e0 la rencontre et au partage d\u2019exp\u00e9riences entre les Communaut\u00e9s d\u2019\u00c9nergie Renouvelable (CER) italiennes et fran\u00e7aises impliqu\u00e9es dans le projet, avec pour objectif d\u2019en renforcer la valeur transfrontali\u00e8re.L\u2019\u00e9v\u00e9nement, plac\u00e9 sous le patronage de RENAEL, s\u2019inscrira pleinement dans la Semaine europ\u00e9enne de la mobilit\u00e9 2025 : afin de limiter les \u00e9missions de CO\u2082 et de r\u00e9duire l\u2019empreinte carbone, en coh\u00e9rence avec les objectifs du projet RECROSSES, le voyage se d\u00e9roulera en plusieurs \u00e9tapes \u00e0 v\u00e9lo, traversant les territoires Alcotra de la Vall\u00e9e d\u2019Aoste, des provinces de Turin et de Cuneo, dans le Pi\u00e9mont, pour arriver jusqu\u2019\u00e0 Nice, dans les Alpes-Maritimes.\u00c0 chaque \u00e9tape, \u00e0 travers des visites et des \u00e9v\u00e9nements, les CER pourront se rencontrer, partager leur exp\u00e9rience et signer un accord pour l\u2019\u00e9change de bonnes pratiques. Pour rester inform\u00e9 des \u00e9tapes du parcours et participer aux \u00e9v\u00e9nements organis\u00e9s sur le territoire, suivez le CER Tour dans la section d\u00e9di\u00e9e du site de RECROSSES ainsi que sur les r\u00e9seaux sociaux LinkedIn et Instagram, qui diffuseront l\u2019\u00e9v\u00e9nement en temps r\u00e9el.\",\"breadcrumb\":{\"@id\":\"https:\\\/\\\/recrosses.eu\\\/fr\\\/cest-parti-pour-le-premier-cer-tour-de-recrosses\\\/#breadcrumb\"},\"inLanguage\":\"fr-FR\",\"potentialAction\":[{\"@type\":\"ReadAction\",\"target\":[\"https:\\\/\\\/recrosses.eu\\\/fr\\\/cest-parti-pour-le-premier-cer-tour-de-recrosses\\\/\"]}]},{\"@type\":\"ImageObject\",\"inLanguage\":\"fr-FR\",\"@id\":\"https:\\\/\\\/recrosses.eu\\\/fr\\\/cest-parti-pour-le-premier-cer-tour-de-recrosses\\\/#primaryimage\",\"url\":\"https:\\\/\\\/recrosses.eu\\\/wp-content\\\/uploads\\\/2025\\\/09\\\/CER-Tour_All-1.jpg\",\"contentUrl\":\"https:\\\/\\\/recrosses.eu\\\/wp-content\\\/uploads\\\/2025\\\/09\\\/CER-Tour_All-1.jpg\",\"width\":384,\"height\":425},{\"@type\":\"BreadcrumbList\",\"@id\":\"https:\\\/\\\/recrosses.eu\\\/fr\\\/cest-parti-pour-le-premier-cer-tour-de-recrosses\\\/#breadcrumb\",\"itemListElement\":[{\"@type\":\"ListItem\",\"position\":1,\"name\":\"Home\",\"item\":\"https:\\\/\\\/recrosses.eu\\\/fr\\\/home\\\/\"},{\"@type\":\"ListItem\",\"position\":2,\"name\":\"C\u2019est parti pour le premier CER Tour de RECROSSES !\"}]},{\"@type\":\"WebSite\",\"@id\":\"https:\\\/\\\/recrosses.eu\\\/fr\\\/#website\",\"url\":\"https:\\\/\\\/recrosses.eu\\\/fr\\\/\",\"name\":\"Recrosses\",\"description\":\"L&#039;energia che unisce - L&#039;\u00e9nergie qui unit\",\"potentialAction\":[{\"@type\":\"SearchAction\",\"target\":{\"@type\":\"EntryPoint\",\"urlTemplate\":\"https:\\\/\\\/recrosses.eu\\\/fr\\\/?s={search_term_string}\"},\"query-input\":{\"@type\":\"PropertyValueSpecification\",\"valueRequired\":true,\"valueName\":\"search_term_string\"}}],\"inLanguage\":\"fr-FR\"},{\"@type\":\"Person\",\"@id\":\"https:\\\/\\\/recrosses.eu\\\/fr\\\/#\\\/schema\\\/person\\\/2327e244e995abff4eaeb4f639000640\",\"name\":\"Chiara Bertolin\",\"image\":{\"@type\":\"ImageObject\",\"inLanguage\":\"fr-FR\",\"@id\":\"https:\\\/\\\/secure.gravatar.com\\\/avatar\\\/4789acd3dd60d7a775c67e44f6a017499f73531a758ddf33045a7e35ffafeda6?s=96&d=mm&r=g\",\"url\":\"https:\\\/\\\/secure.gravatar.com\\\/avatar\\\/4789acd3dd60d7a775c67e44f6a017499f73531a758ddf33045a7e35ffafeda6?s=96&d=mm&r=g\",\"contentUrl\":\"https:\\\/\\\/secure.gravatar.com\\\/avatar\\\/4789acd3dd60d7a775c67e44f6a017499f73531a758ddf33045a7e35ffafeda6?s=96&d=mm&r=g\",\"caption\":\"Chiara Bertolin\"},\"url\":\"https:\\\/\\\/recrosses.eu\\\/fr\\\/author\\\/chiara\\\/\"}]}<\/script>\n<!-- \/ Yoast SEO plugin. -->","yoast_head_json":{"title":"C\u2019est parti pour le premier CER Tour de RECROSSES ! - Recrosses","description":"Dans le cadre du Projet Interreg ALCOTRA RECROSSES, les partenaires organisent le premier Tour d\u00e9di\u00e9 \u00e0 la rencontre et au partage d\u2019exp\u00e9riences entre les Communaut\u00e9s d\u2019\u00c9nergie Renouvelable (CER) italiennes et fran\u00e7aises impliqu\u00e9es dans le projet, avec pour objectif d\u2019en renforcer la valeur transfrontali\u00e8re.L\u2019\u00e9v\u00e9nement, plac\u00e9 sous le patronage de RENAEL, s\u2019inscrira pleinement dans la Semaine europ\u00e9enne de la mobilit\u00e9 2025 : afin de limiter les \u00e9missions de CO\u2082 et de r\u00e9duire l\u2019empreinte carbone, en coh\u00e9rence avec les objectifs du projet RECROSSES, le voyage se d\u00e9roulera en plusieurs \u00e9tapes \u00e0 v\u00e9lo, traversant les territoires Alcotra de la Vall\u00e9e d\u2019Aoste, des provinces de Turin et de Cuneo, dans le Pi\u00e9mont, pour arriver jusqu\u2019\u00e0 Nice, dans les Alpes-Maritimes.\u00c0 chaque \u00e9tape, \u00e0 travers des visites et des \u00e9v\u00e9nements, les CER pourront se rencontrer, partager leur exp\u00e9rience et signer un accord pour l\u2019\u00e9change de bonnes pratiques. Pour rester inform\u00e9 des \u00e9tapes du parcours et participer aux \u00e9v\u00e9nements organis\u00e9s sur le territoire, suivez le CER Tour dans la section d\u00e9di\u00e9e du site de RECROSSES ainsi que sur les r\u00e9seaux sociaux LinkedIn et Instagram, qui diffuseront l\u2019\u00e9v\u00e9nement en temps r\u00e9el.","robots":{"index":"index","follow":"follow","max-snippet":"max-snippet:-1","max-image-preview":"max-image-preview:large","max-video-preview":"max-video-preview:-1"},"canonical":"https:\/\/recrosses.eu\/fr\/cest-parti-pour-le-premier-cer-tour-de-recrosses\/","og_locale":"fr_FR","og_type":"article","og_title":"C\u2019est parti pour le premier CER Tour de RECROSSES ! - Recrosses","og_description":"Dans le cadre du Projet Interreg ALCOTRA RECROSSES, les partenaires organisent le premier Tour d\u00e9di\u00e9 \u00e0 la rencontre et au partage d\u2019exp\u00e9riences entre les Communaut\u00e9s d\u2019\u00c9nergie Renouvelable (CER) italiennes et fran\u00e7aises impliqu\u00e9es dans le projet, avec pour objectif d\u2019en renforcer la valeur transfrontali\u00e8re.L\u2019\u00e9v\u00e9nement, plac\u00e9 sous le patronage de RENAEL, s\u2019inscrira pleinement dans la Semaine europ\u00e9enne de la mobilit\u00e9 2025 : afin de limiter les \u00e9missions de CO\u2082 et de r\u00e9duire l\u2019empreinte carbone, en coh\u00e9rence avec les objectifs du projet RECROSSES, le voyage se d\u00e9roulera en plusieurs \u00e9tapes \u00e0 v\u00e9lo, traversant les territoires Alcotra de la Vall\u00e9e d\u2019Aoste, des provinces de Turin et de Cuneo, dans le Pi\u00e9mont, pour arriver jusqu\u2019\u00e0 Nice, dans les Alpes-Maritimes.\u00c0 chaque \u00e9tape, \u00e0 travers des visites et des \u00e9v\u00e9nements, les CER pourront se rencontrer, partager leur exp\u00e9rience et signer un accord pour l\u2019\u00e9change de bonnes pratiques. Pour rester inform\u00e9 des \u00e9tapes du parcours et participer aux \u00e9v\u00e9nements organis\u00e9s sur le territoire, suivez le CER Tour dans la section d\u00e9di\u00e9e du site de RECROSSES ainsi que sur les r\u00e9seaux sociaux LinkedIn et Instagram, qui diffuseront l\u2019\u00e9v\u00e9nement en temps r\u00e9el.","og_url":"https:\/\/recrosses.eu\/fr\/cest-parti-pour-le-premier-cer-tour-de-recrosses\/","og_site_name":"Recrosses","article_published_time":"2025-09-10T16:04:27+00:00","article_modified_time":"2025-10-08T14:25:16+00:00","og_image":[{"width":384,"height":425,"url":"https:\/\/recrosses.eu\/wp-content\/uploads\/2025\/09\/CER-Tour_All-1.jpg","type":"image\/jpeg"}],"author":"Chiara Bertolin","twitter_card":"summary_large_image","twitter_misc":{"\u00c9crit par":"Chiara Bertolin","Dur\u00e9e de lecture estim\u00e9e":"1 minute"},"schema":{"@context":"https:\/\/schema.org","@graph":[{"@type":"Article","@id":"https:\/\/recrosses.eu\/fr\/cest-parti-pour-le-premier-cer-tour-de-recrosses\/#article","isPartOf":{"@id":"https:\/\/recrosses.eu\/fr\/cest-parti-pour-le-premier-cer-tour-de-recrosses\/"},"author":{"name":"Chiara Bertolin","@id":"https:\/\/recrosses.eu\/fr\/#\/schema\/person\/2327e244e995abff4eaeb4f639000640"},"headline":"C\u2019est parti pour le premier CER Tour de RECROSSES !","datePublished":"2025-09-10T16:04:27+00:00","dateModified":"2025-10-08T14:25:16+00:00","mainEntityOfPage":{"@id":"https:\/\/recrosses.eu\/fr\/cest-parti-pour-le-premier-cer-tour-de-recrosses\/"},"wordCount":220,"commentCount":0,"image":{"@id":"https:\/\/recrosses.eu\/fr\/cest-parti-pour-le-premier-cer-tour-de-recrosses\/#primaryimage"},"thumbnailUrl":"https:\/\/recrosses.eu\/wp-content\/uploads\/2025\/09\/CER-Tour_All-1.jpg","articleSection":["\u00c9V\u00c9NEMENT","Nuovelles"],"inLanguage":"fr-FR","potentialAction":[{"@type":"CommentAction","name":"Comment","target":["https:\/\/recrosses.eu\/fr\/cest-parti-pour-le-premier-cer-tour-de-recrosses\/#respond"]}]},{"@type":"WebPage","@id":"https:\/\/recrosses.eu\/fr\/cest-parti-pour-le-premier-cer-tour-de-recrosses\/","url":"https:\/\/recrosses.eu\/fr\/cest-parti-pour-le-premier-cer-tour-de-recrosses\/","name":"C\u2019est parti pour le premier CER Tour de RECROSSES ! - Recrosses","isPartOf":{"@id":"https:\/\/recrosses.eu\/fr\/#website"},"primaryImageOfPage":{"@id":"https:\/\/recrosses.eu\/fr\/cest-parti-pour-le-premier-cer-tour-de-recrosses\/#primaryimage"},"image":{"@id":"https:\/\/recrosses.eu\/fr\/cest-parti-pour-le-premier-cer-tour-de-recrosses\/#primaryimage"},"thumbnailUrl":"https:\/\/recrosses.eu\/wp-content\/uploads\/2025\/09\/CER-Tour_All-1.jpg","datePublished":"2025-09-10T16:04:27+00:00","dateModified":"2025-10-08T14:25:16+00:00","author":{"@id":"https:\/\/recrosses.eu\/fr\/#\/schema\/person\/2327e244e995abff4eaeb4f639000640"},"description":"Dans le cadre du Projet Interreg ALCOTRA RECROSSES, les partenaires organisent le premier Tour d\u00e9di\u00e9 \u00e0 la rencontre et au partage d\u2019exp\u00e9riences entre les Communaut\u00e9s d\u2019\u00c9nergie Renouvelable (CER) italiennes et fran\u00e7aises impliqu\u00e9es dans le projet, avec pour objectif d\u2019en renforcer la valeur transfrontali\u00e8re.L\u2019\u00e9v\u00e9nement, plac\u00e9 sous le patronage de RENAEL, s\u2019inscrira pleinement dans la Semaine europ\u00e9enne de la mobilit\u00e9 2025 : afin de limiter les \u00e9missions de CO\u2082 et de r\u00e9duire l\u2019empreinte carbone, en coh\u00e9rence avec les objectifs du projet RECROSSES, le voyage se d\u00e9roulera en plusieurs \u00e9tapes \u00e0 v\u00e9lo, traversant les territoires Alcotra de la Vall\u00e9e d\u2019Aoste, des provinces de Turin et de Cuneo, dans le Pi\u00e9mont, pour arriver jusqu\u2019\u00e0 Nice, dans les Alpes-Maritimes.\u00c0 chaque \u00e9tape, \u00e0 travers des visites et des \u00e9v\u00e9nements, les CER pourront se rencontrer, partager leur exp\u00e9rience et signer un accord pour l\u2019\u00e9change de bonnes pratiques. Pour rester inform\u00e9 des \u00e9tapes du parcours et participer aux \u00e9v\u00e9nements organis\u00e9s sur le territoire, suivez le CER Tour dans la section d\u00e9di\u00e9e du site de RECROSSES ainsi que sur les r\u00e9seaux sociaux LinkedIn et Instagram, qui diffuseront l\u2019\u00e9v\u00e9nement en temps r\u00e9el.","breadcrumb":{"@id":"https:\/\/recrosses.eu\/fr\/cest-parti-pour-le-premier-cer-tour-de-recrosses\/#breadcrumb"},"inLanguage":"fr-FR","potentialAction":[{"@type":"ReadAction","target":["https:\/\/recrosses.eu\/fr\/cest-parti-pour-le-premier-cer-tour-de-recrosses\/"]}]},{"@type":"ImageObject","inLanguage":"fr-FR","@id":"https:\/\/recrosses.eu\/fr\/cest-parti-pour-le-premier-cer-tour-de-recrosses\/#primaryimage","url":"https:\/\/recrosses.eu\/wp-content\/uploads\/2025\/09\/CER-Tour_All-1.jpg","contentUrl":"https:\/\/recrosses.eu\/wp-content\/uploads\/2025\/09\/CER-Tour_All-1.jpg","width":384,"height":425},{"@type":"BreadcrumbList","@id":"https:\/\/recrosses.eu\/fr\/cest-parti-pour-le-premier-cer-tour-de-recrosses\/#breadcrumb","itemListElement":[{"@type":"ListItem","position":1,"name":"Home","item":"https:\/\/recrosses.eu\/fr\/home\/"},{"@type":"ListItem","position":2,"name":"C\u2019est parti pour le premier CER Tour de RECROSSES !"}]},{"@type":"WebSite","@id":"https:\/\/recrosses.eu\/fr\/#website","url":"https:\/\/recrosses.eu\/fr\/","name":"Recrosses","description":"L&#039;energia che unisce - L&#039;\u00e9nergie qui unit","potentialAction":[{"@type":"SearchAction","target":{"@type":"EntryPoint","urlTemplate":"https:\/\/recrosses.eu\/fr\/?s={search_term_string}"},"query-input":{"@type":"PropertyValueSpecification","valueRequired":true,"valueName":"search_term_string"}}],"inLanguage":"fr-FR"},{"@type":"Person","@id":"https:\/\/recrosses.eu\/fr\/#\/schema\/person\/2327e244e995abff4eaeb4f639000640","name":"Chiara Bertolin","image":{"@type":"ImageObject","inLanguage":"fr-FR","@id":"https:\/\/secure.gravatar.com\/avatar\/4789acd3dd60d7a775c67e44f6a017499f73531a758ddf33045a7e35ffafeda6?s=96&d=mm&r=g","url":"https:\/\/secure.gravatar.com\/avatar\/4789acd3dd60d7a775c67e44f6a017499f73531a758ddf33045a7e35ffafeda6?s=96&d=mm&r=g","contentUrl":"https:\/\/secure.gravatar.com\/avatar\/4789acd3dd60d7a775c67e44f6a017499f73531a758ddf33045a7e35ffafeda6?s=96&d=mm&r=g","caption":"Chiara Bertolin"},"url":"https:\/\/recrosses.eu\/fr\/author\/chiara\/"}]}},"_links":{"self":[{"href":"https:\/\/recrosses.eu\/fr\/wp-json\/wp\/v2\/posts\/1363","targetHints":{"allow":["GET"]}}],"collection":[{"href":"https:\/\/recrosses.eu\/fr\/wp-json\/wp\/v2\/posts"}],"about":[{"href":"https:\/\/recrosses.eu\/fr\/wp-json\/wp\/v2\/types\/post"}],"author":[{"embeddable":true,"href":"https:\/\/recrosses.eu\/fr\/wp-json\/wp\/v2\/users\/4"}],"replies":[{"embeddable":true,"href":"https:\/\/recrosses.eu\/fr\/wp-json\/wp\/v2\/comments?post=1363"}],"version-history":[{"count":3,"href":"https:\/\/recrosses.eu\/fr\/wp-json\/wp\/v2\/posts\/1363\/revisions"}],"predecessor-version":[{"id":1366,"href":"https:\/\/recrosses.eu\/fr\/wp-json\/wp\/v2\/posts\/1363\/revisions\/1366"}],"wp:featuredmedia":[{"embeddable":true,"href":"https:\/\/recrosses.eu\/fr\/wp-json\/wp\/v2\/media\/1409"}],"wp:attachment":[{"href":"https:\/\/recrosses.eu\/fr\/wp-json\/wp\/v2\/media?parent=1363"}],"wp:term":[{"taxonomy":"category","embeddable":true,"href":"https:\/\/recrosses.eu\/fr\/wp-json\/wp\/v2\/categories?post=1363"},{"taxonomy":"post_tag","embeddable":true,"href":"https:\/\/recrosses.eu\/fr\/wp-json\/wp\/v2\/tags?post=1363"}],"curies":[{"name":"wp","href":"https:\/\/api.w.org\/{rel}","templated":true}]}}