{"id":1400,"date":"2025-09-19T09:02:23","date_gmt":"2025-09-19T08:02:23","guid":{"rendered":"https:\/\/recrosses.eu\/cer-tour-de-recrosses-etape-1\/"},"modified":"2025-10-09T12:08:52","modified_gmt":"2025-10-09T11:08:52","slug":"cer-tour-de-recrosses-etape-1","status":"publish","type":"post","link":"https:\/\/recrosses.eu\/fr\/cer-tour-de-recrosses-etape-1\/","title":{"rendered":"CER Tour de RECROSSES: ETAPE 1!"},"content":{"rendered":"\n<p class=\"wp-block-paragraph\">Notre parcours cycliste avec les Communaut\u00e9s \u00c9nerg\u00e9tiques Renouvelables sur les territoires <a href=\"https:\/\/www.linkedin.com\/company\/interreg-france-italia-alcotra\/\">Interreg France\u2013Italie ALCOTRA<\/a> de la Vall\u00e9e d\u2019Aoste, des provinces de Turin et de Cuneo en Pi\u00e9mont, jusqu\u2019\u00e0 Nice, dans les Alpes-Maritimes, est sur la ligne de d\u00e9part.<br\/><br\/>\u25b6\ufe0f <strong>\u00c0 9h00, le samedi 20 septembre<\/strong>, le CER Tour partira d\u2019Aoste, depuis le si\u00e8ge du partenaire FinAosta S.p.A., pour rejoindre la piste cyclable qui traverse la vall\u00e9e, en suivant le cours de la Doire Balt\u00e9e entre les ch\u00e2teaux m\u00e9di\u00e9vaux encadr\u00e9s par le paysage montagneux des Alpes, afin d\u2019arriver sur le territoire de Borgofranco et des cinq lacs au pied de la Serra Morenica.<\/p>\n\n<p class=\"wp-block-paragraph\">Participeront \u00e0 l\u2019\u00e9tape les CER fran\u00e7aises : <a href=\"https:\/\/energicimes.fr\/\">Centrales villageoises Energicimes<\/a>, <a href=\"https:\/\/www.perle.centralesvillageoises.fr\/\">Centrales villageoises Perle<\/a>, <a href=\"https:\/\/www.solaret.centralesvillageoises.fr\/\">Centrales villageoises Le Solaret<\/a>, <a href=\"https:\/\/www.regiondecondrieu.centralesvillageoises.fr\/\">Centrales villageoises R\u00e9gion du Condrieu<\/a>, ainsi que la CER vald\u00f4taine <a href=\"https:\/\/www.cerenerg-ethique.it\/\">Energ-\u00e9thique<\/a> et la <a href=\"https:\/\/cer-dora.it\/\">CER Dora 5 Laghi<\/a> de Ivrea.<\/p>\n\n<p class=\"wp-block-paragraph\"><a href=\"https:\/\/www.linkedin.com\/company\/alcotra-recrosses\/\">RECROSSES<\/a>, sur le territoire vald\u00f4tain, soutient, \u00e0 travers <a href=\"https:\/\/www.linkedin.com\/company\/finaostaspa\/\">FinAosta S.p.A.<\/a> avec le service COA \u00e9nergie (bras op\u00e9rationnel de l\u2019Assessorat de l\u2019essor \u00e9conomique, de la formation et du travail, des transports et de la mobilit\u00e9 durable de la <a href=\"https:\/\/www.linkedin.com\/company\/regione-autonoma-valle-d-aosta\/\">R\u00e9gion autonome Vall\u00e9e d\u2019Aoste<\/a>), l\u2019ensemble des acteurs impliqu\u00e9s (en particulier les collectivit\u00e9s locales et les acteurs priv\u00e9s). L\u2019appui se concr\u00e9tise par une collaboration \u00e0 l\u2019activit\u00e9 l\u00e9gislative \u00e0 l\u2019\u00e9chelle r\u00e9gionale pour favoriser la cr\u00e9ation des CER et par la fourniture de conseils techniques, notamment sur les aspects juridiques, techniques et relatifs aux incitations.<br\/>Plusieurs \u00e9v\u00e9nements organis\u00e9s sur le territoire ont vu l\u2019implication et la participation de CER r\u00e9gionales en cours de constitution ou d\u00e9j\u00e0 constitu\u00e9es, afin de favoriser des moments de formation, d\u2019\u00e9change et de partage de bonnes pratiques.<br\/><br\/>Sur le territoire d\u2019Ivrea, la CER Dora 5 Laghi, organisatrice de l\u2019\u00e9v\u00e9nement final de la premi\u00e8re \u00e9tape, a b\u00e9n\u00e9fici\u00e9, pour sa constitution, du soutien du projet <a href=\"https:\/\/www.linkedin.com\/company\/alcotra-recrosses\/\">RECROSSES<\/a>, via <a href=\"https:\/\/www.linkedin.com\/company\/environment-park\/\">Environment Park<\/a>, en particulier pour l\u2019\u00e9tude de faisabilit\u00e9 technico-\u00e9conomique de la configuration de CER r\u00e9alisable.<\/p>\n\n<p class=\"wp-block-paragraph\">Pour <strong>suivre le r\u00e9cit de l\u2019\u00c9TAPE 1 et des CER rencontr\u00e9es<\/strong>, rendez-vous sur les profils sociaux li\u00e9s \u00e0 l\u2019\u00e9v\u00e9nement, en particulier :<\/p>\n\n<ul class=\"wp-block-list\">\n<li>le r\u00e9seau Instagram \u00ab\u00a0<a href=\"https:\/\/www.instagram.com\/fitfor2030bybike\/\">Fitfor2030bybike<\/a>\u00ab\u00a0: \n<ul class=\"wp-block-list\">\n<li><a href=\"https:\/\/www.instagram.com\/p\/DO1fpU6DAei\/\">Relive<\/a>;<\/li>\n\n\n\n<li><a href=\"https:\/\/www.instagram.com\/p\/DO3IKUgDBrN\/?img_index=1\">Carrousel<\/a>;<\/li>\n\n\n\n<li><a href=\"https:\/\/www.instagram.com\/p\/DO3jUxGjFmV\/\">Interview de Davide Longo<\/a> d\u2019Environment Park, coordinateur du CER Tour;<\/li>\n<\/ul>\n<\/li>\n\n\n\n<li>Le post sur le <a href=\"https:\/\/www.linkedin.com\/company\/alcotra-recrosses\">profil LinkedIn<\/a> de RECROSSES:\n<ul class=\"wp-block-list\">\n<li><a href=\"https:\/\/www.linkedin.com\/posts\/alcotra-recrosses_questa-mattina-il-primo-cer-tour-del-activity-7375102582274310144--N3F?utm_source=share&amp;utm_medium=member_desktop&amp;rcm=ACoAAAcGPCIBEGb8P_flBe0vx30hbCPXN3Wdb-o\">le d\u00e9part <\/a> du si\u00e8ge de Finaosta S.p.A.; <\/li>\n\n\n\n<li>les premi\u00e8res <a href=\"https:\/\/www.linkedin.com\/posts\/alcotra-recrosses_alla-partenza-del-cer-tour-organizzato-activity-7375106043292401664-8V-r?utm_source=share&amp;utm_medium=member_desktop&amp;rcm=ACoAAAcGPCIBEGb8P_flBe0vx30hbCPXN3Wdb-o\">signatures de la Charte de Coop\u00e9ration Transfrontali\u00e8re<\/a> entre CER; <\/li>\n\n\n\n<li>l&rsquo;<a href=\"https:\/\/www.linkedin.com\/posts\/alcotra-recrosses_dopo-un-suggestivo-attraversamento-del-fondovalle-activity-7375218627643371520-rV4M?utm_source=share&amp;utm_medium=member_desktop&amp;rcm=ACoAAAcGPCIBEGb8P_flBe0vx30hbCPXN3Wdb-o\">inauguration de l\u2019\u00c9cole Gioncaretto<\/a> de Borgofranco d&rsquo;Ivrea;<\/li>\n\n\n\n<li>l&rsquo;<a href=\"https:\/\/www.linkedin.com\/posts\/alcotra-recrosses_nella-splendida-cornice-di-palazzo-marini-activity-7375220360587329536-C7af?utm_source=share&amp;utm_medium=member_desktop&amp;rcm=ACoAAAcGPCIBEGb8P_flBe0vx30hbCPXN3Wdb-o\">l&rsquo;\u00e9v\u00e9nement avec la CER Dora 5 laghi <\/a>et la <a href=\"https:\/\/www.linkedin.com\/posts\/alcotra-recrosses_il-sindaco-di-borgofranco-divrea-in-qualit%C3%A0-activity-7375406078739709952-llGN?utm_source=share&amp;utm_medium=member_desktop&amp;rcm=ACoAAAcGPCIBEGb8P_flBe0vx30hbCPXN3Wdb-o\">signature de la Charte<\/a>.<br\/><br\/><\/li>\n<\/ul>\n<\/li>\n<\/ul>\n\n<figure class=\"wp-block-image size-large\"><img fetchpriority=\"high\" decoding=\"async\" width=\"819\" height=\"1024\" data-src=\"https:\/\/recrosses.eu\/wp-content\/uploads\/2025\/09\/CER-tour_locandina_IG_Tappa1-819x1024.jpg\" src=\"data:image\/gif;base64,R0lGODlhAQABAIAAAAAAAP\/\/\/yH5BAEAAAAALAAAAAABAAEAAAIBRAA7\" alt=\"\" class=\"wp-image-1392 lazyload\"\/><noscript><img decoding=\"async\" width=\"819\" height=\"1024\" src=\"https:\/\/recrosses.eu\/wp-content\/uploads\/2025\/09\/CER-tour_locandina_IG_Tappa1-819x1024.jpg\" alt=\"\" class=\"wp-image-1392\" srcset=\"https:\/\/recrosses.eu\/wp-content\/uploads\/2025\/09\/CER-tour_locandina_IG_Tappa1-819x1024.jpg 819w, https:\/\/recrosses.eu\/wp-content\/uploads\/2025\/09\/CER-tour_locandina_IG_Tappa1-240x300.jpg 240w, https:\/\/recrosses.eu\/wp-content\/uploads\/2025\/09\/CER-tour_locandina_IG_Tappa1-768x960.jpg 768w, https:\/\/recrosses.eu\/wp-content\/uploads\/2025\/09\/CER-tour_locandina_IG_Tappa1-1229x1536.jpg 1229w, https:\/\/recrosses.eu\/wp-content\/uploads\/2025\/09\/CER-tour_locandina_IG_Tappa1-1638x2048.jpg 1638w, https:\/\/recrosses.eu\/wp-content\/uploads\/2025\/09\/CER-tour_locandina_IG_Tappa1-scaled.jpg 2048w\" sizes=\"(max-width: 819px) 100vw, 819px\" \/><\/noscript><\/figure>\n","protected":false},"excerpt":{"rendered":"<p>Notre parcours cycliste avec les Communaut\u00e9s \u00c9nerg\u00e9tiques Renouvelables sur les territoires Interreg France\u2013Italie ALCOTRA de la Vall\u00e9e d\u2019Aoste, des provinces de Turin et de Cuneo en Pi\u00e9mont, jusqu\u2019\u00e0 Nice, dans les Alpes-Maritimes, est sur la ligne de d\u00e9part. \u25b6\ufe0f \u00c0 9h00, le samedi 20 septembre, le CER Tour partira d\u2019Aoste, depuis le si\u00e8ge du partenaire [&hellip;]<\/p>\n","protected":false},"author":4,"featured_media":1411,"comment_status":"open","ping_status":"open","sticky":false,"template":"","format":"standard","meta":{"_acf_changed":false,"footnotes":""},"categories":[26],"tags":[],"class_list":["post-1400","post","type-post","status-publish","format-standard","has-post-thumbnail","hentry","category-evenement-fr"],"acf":[],"yoast_head":"<!-- This site is optimized with the Yoast SEO plugin v28.3 - https:\/\/yoast.com\/product\/yoast-seo-wordpress\/ -->\n<title>CER Tour de RECROSSES: ETAPE 1! - Recrosses<\/title>\n<meta name=\"description\" content=\"Notre parcours cycliste avec les Communaut\u00e9s \u00c9nerg\u00e9tiques Renouvelables sur les territoires Interreg France\u2013Italie ALCOTRA, de la Vall\u00e9e d\u2019Aoste, des provinces de Turin et de Cuneo en Pi\u00e9mont, jusqu\u2019\u00e0 Nice, dans les Alpes-Maritimes, est sur la ligne de d\u00e9part. \u00c0 9h00, le samedi 20 septembre, le CER Tour partira d\u2019Aoste, depuis le si\u00e8ge du partenaire FinAosta S.p.A., pour rejoindre la piste cyclable qui traverse la vall\u00e9e, en suivant le cours de la Doire Balt\u00e9e entre les ch\u00e2teaux m\u00e9di\u00e9vaux encadr\u00e9s par le paysage montagneux des Alpes, afin d\u2019arriver sur le territoire de Borgofranco et des cinq lacs au pied de la Serra Morenica.Participeront \u00e0 l\u2019\u00e9tape les CER fran\u00e7aises : Centrales villageoises Energicimes, Centrales villageoises Perle, Centrales villageoises Le Solaret, Centrales villageoises R\u00e9gion du Condrieu, ainsi que la CER vald\u00f4taine Energ-\u00e9thique et celle d\u2019Ivr\u00e9e, CER Dora 5 Laghi.RECROSSES, sur le territoire vald\u00f4tain, soutient, \u00e0 travers FinAosta S.p.A. avec le service COA \u00e9nergie (bras op\u00e9rationnel de l\u2019Assessorat de l\u2019essor \u00e9conomique, de la formation et du travail, des transports et de la mobilit\u00e9 durable de la R\u00e9gion autonome Vall\u00e9e d\u2019Aoste), l\u2019ensemble des acteurs impliqu\u00e9s (en particulier les collectivit\u00e9s locales et les acteurs priv\u00e9s). L\u2019appui se concr\u00e9tise par une collaboration \u00e0 l\u2019activit\u00e9 l\u00e9gislative \u00e0 l\u2019\u00e9chelle r\u00e9gionale pour favoriser la cr\u00e9ation des CER et par la fourniture de conseils techniques, notamment sur les aspects juridiques, techniques et relatifs aux incitations.Plusieurs \u00e9v\u00e9nements organis\u00e9s sur le territoire ont vu l\u2019implication et la participation de CER r\u00e9gionales en cours de constitution ou d\u00e9j\u00e0 constitu\u00e9es, afin de favoriser des moments de formation, d\u2019\u00e9change et de partage de bonnes pratiques.Sur le territoire d\u2019Ivrea, la CER Dora 5 Laghi, organisatrice de l\u2019\u00e9v\u00e9nement final de la premi\u00e8re \u00e9tape, a b\u00e9n\u00e9fici\u00e9, pour sa constitution, du soutien du projet RECROSSES, via Environment Park, en particulier pour l\u2019\u00e9tude de faisabilit\u00e9 technico-\u00e9conomique de la configuration de CER r\u00e9alisable.\" \/>\n<meta name=\"robots\" content=\"index, follow, max-snippet:-1, max-image-preview:large, max-video-preview:-1\" \/>\n<link rel=\"canonical\" href=\"https:\/\/recrosses.eu\/fr\/cer-tour-de-recrosses-etape-1\/\" \/>\n<meta property=\"og:locale\" content=\"fr_FR\" \/>\n<meta property=\"og:type\" content=\"article\" \/>\n<meta property=\"og:title\" content=\"CER Tour de RECROSSES: ETAPE 1! - Recrosses\" \/>\n<meta property=\"og:description\" content=\"Notre parcours cycliste avec les Communaut\u00e9s \u00c9nerg\u00e9tiques Renouvelables sur les territoires Interreg France\u2013Italie ALCOTRA, de la Vall\u00e9e d\u2019Aoste, des provinces de Turin et de Cuneo en Pi\u00e9mont, jusqu\u2019\u00e0 Nice, dans les Alpes-Maritimes, est sur la ligne de d\u00e9part. \u00c0 9h00, le samedi 20 septembre, le CER Tour partira d\u2019Aoste, depuis le si\u00e8ge du partenaire FinAosta S.p.A., pour rejoindre la piste cyclable qui traverse la vall\u00e9e, en suivant le cours de la Doire Balt\u00e9e entre les ch\u00e2teaux m\u00e9di\u00e9vaux encadr\u00e9s par le paysage montagneux des Alpes, afin d\u2019arriver sur le territoire de Borgofranco et des cinq lacs au pied de la Serra Morenica.Participeront \u00e0 l\u2019\u00e9tape les CER fran\u00e7aises : Centrales villageoises Energicimes, Centrales villageoises Perle, Centrales villageoises Le Solaret, Centrales villageoises R\u00e9gion du Condrieu, ainsi que la CER vald\u00f4taine Energ-\u00e9thique et celle d\u2019Ivr\u00e9e, CER Dora 5 Laghi.RECROSSES, sur le territoire vald\u00f4tain, soutient, \u00e0 travers FinAosta S.p.A. avec le service COA \u00e9nergie (bras op\u00e9rationnel de l\u2019Assessorat de l\u2019essor \u00e9conomique, de la formation et du travail, des transports et de la mobilit\u00e9 durable de la R\u00e9gion autonome Vall\u00e9e d\u2019Aoste), l\u2019ensemble des acteurs impliqu\u00e9s (en particulier les collectivit\u00e9s locales et les acteurs priv\u00e9s). L\u2019appui se concr\u00e9tise par une collaboration \u00e0 l\u2019activit\u00e9 l\u00e9gislative \u00e0 l\u2019\u00e9chelle r\u00e9gionale pour favoriser la cr\u00e9ation des CER et par la fourniture de conseils techniques, notamment sur les aspects juridiques, techniques et relatifs aux incitations.Plusieurs \u00e9v\u00e9nements organis\u00e9s sur le territoire ont vu l\u2019implication et la participation de CER r\u00e9gionales en cours de constitution ou d\u00e9j\u00e0 constitu\u00e9es, afin de favoriser des moments de formation, d\u2019\u00e9change et de partage de bonnes pratiques.Sur le territoire d\u2019Ivrea, la CER Dora 5 Laghi, organisatrice de l\u2019\u00e9v\u00e9nement final de la premi\u00e8re \u00e9tape, a b\u00e9n\u00e9fici\u00e9, pour sa constitution, du soutien du projet RECROSSES, via Environment Park, en particulier pour l\u2019\u00e9tude de faisabilit\u00e9 technico-\u00e9conomique de la configuration de CER r\u00e9alisable.\" \/>\n<meta property=\"og:url\" content=\"https:\/\/recrosses.eu\/fr\/cer-tour-de-recrosses-etape-1\/\" \/>\n<meta property=\"og:site_name\" content=\"Recrosses\" \/>\n<meta property=\"article:published_time\" content=\"2025-09-19T08:02:23+00:00\" \/>\n<meta property=\"article:modified_time\" content=\"2025-10-09T11:08:52+00:00\" \/>\n<meta property=\"og:image\" content=\"https:\/\/recrosses.eu\/wp-content\/uploads\/2025\/09\/CER-Tour_Tappa1.jpg\" \/>\n\t<meta property=\"og:image:width\" content=\"384\" \/>\n\t<meta property=\"og:image:height\" content=\"425\" \/>\n\t<meta property=\"og:image:type\" content=\"image\/jpeg\" \/>\n<meta name=\"author\" content=\"Chiara Bertolin\" \/>\n<meta name=\"twitter:card\" content=\"summary_large_image\" \/>\n<meta name=\"twitter:label1\" content=\"\u00c9crit par\" \/>\n\t<meta name=\"twitter:data1\" content=\"Chiara Bertolin\" \/>\n\t<meta name=\"twitter:label2\" content=\"Dur\u00e9e de lecture estim\u00e9e\" \/>\n\t<meta name=\"twitter:data2\" content=\"2 minutes\" \/>\n<script type=\"application\/ld+json\" class=\"yoast-schema-graph\">{\"@context\":\"https:\\\/\\\/schema.org\",\"@graph\":[{\"@type\":\"Article\",\"@id\":\"https:\\\/\\\/recrosses.eu\\\/fr\\\/cer-tour-de-recrosses-etape-1\\\/#article\",\"isPartOf\":{\"@id\":\"https:\\\/\\\/recrosses.eu\\\/fr\\\/cer-tour-de-recrosses-etape-1\\\/\"},\"author\":{\"name\":\"Chiara Bertolin\",\"@id\":\"https:\\\/\\\/recrosses.eu\\\/fr\\\/#\\\/schema\\\/person\\\/2327e244e995abff4eaeb4f639000640\"},\"headline\":\"CER Tour de RECROSSES: ETAPE 1!\",\"datePublished\":\"2025-09-19T08:02:23+00:00\",\"dateModified\":\"2025-10-09T11:08:52+00:00\",\"mainEntityOfPage\":{\"@id\":\"https:\\\/\\\/recrosses.eu\\\/fr\\\/cer-tour-de-recrosses-etape-1\\\/\"},\"wordCount\":462,\"commentCount\":0,\"image\":{\"@id\":\"https:\\\/\\\/recrosses.eu\\\/fr\\\/cer-tour-de-recrosses-etape-1\\\/#primaryimage\"},\"thumbnailUrl\":\"https:\\\/\\\/recrosses.eu\\\/wp-content\\\/uploads\\\/2025\\\/09\\\/CER-Tour_Tappa1.jpg\",\"articleSection\":[\"\u00c9V\u00c9NEMENT\"],\"inLanguage\":\"fr-FR\",\"potentialAction\":[{\"@type\":\"CommentAction\",\"name\":\"Comment\",\"target\":[\"https:\\\/\\\/recrosses.eu\\\/fr\\\/cer-tour-de-recrosses-etape-1\\\/#respond\"]}]},{\"@type\":\"WebPage\",\"@id\":\"https:\\\/\\\/recrosses.eu\\\/fr\\\/cer-tour-de-recrosses-etape-1\\\/\",\"url\":\"https:\\\/\\\/recrosses.eu\\\/fr\\\/cer-tour-de-recrosses-etape-1\\\/\",\"name\":\"CER Tour de RECROSSES: ETAPE 1! - Recrosses\",\"isPartOf\":{\"@id\":\"https:\\\/\\\/recrosses.eu\\\/fr\\\/#website\"},\"primaryImageOfPage\":{\"@id\":\"https:\\\/\\\/recrosses.eu\\\/fr\\\/cer-tour-de-recrosses-etape-1\\\/#primaryimage\"},\"image\":{\"@id\":\"https:\\\/\\\/recrosses.eu\\\/fr\\\/cer-tour-de-recrosses-etape-1\\\/#primaryimage\"},\"thumbnailUrl\":\"https:\\\/\\\/recrosses.eu\\\/wp-content\\\/uploads\\\/2025\\\/09\\\/CER-Tour_Tappa1.jpg\",\"datePublished\":\"2025-09-19T08:02:23+00:00\",\"dateModified\":\"2025-10-09T11:08:52+00:00\",\"author\":{\"@id\":\"https:\\\/\\\/recrosses.eu\\\/fr\\\/#\\\/schema\\\/person\\\/2327e244e995abff4eaeb4f639000640\"},\"description\":\"Notre parcours cycliste avec les Communaut\u00e9s \u00c9nerg\u00e9tiques Renouvelables sur les territoires Interreg France\u2013Italie ALCOTRA, de la Vall\u00e9e d\u2019Aoste, des provinces de Turin et de Cuneo en Pi\u00e9mont, jusqu\u2019\u00e0 Nice, dans les Alpes-Maritimes, est sur la ligne de d\u00e9part. \u00c0 9h00, le samedi 20 septembre, le CER Tour partira d\u2019Aoste, depuis le si\u00e8ge du partenaire FinAosta S.p.A., pour rejoindre la piste cyclable qui traverse la vall\u00e9e, en suivant le cours de la Doire Balt\u00e9e entre les ch\u00e2teaux m\u00e9di\u00e9vaux encadr\u00e9s par le paysage montagneux des Alpes, afin d\u2019arriver sur le territoire de Borgofranco et des cinq lacs au pied de la Serra Morenica.Participeront \u00e0 l\u2019\u00e9tape les CER fran\u00e7aises : Centrales villageoises Energicimes, Centrales villageoises Perle, Centrales villageoises Le Solaret, Centrales villageoises R\u00e9gion du Condrieu, ainsi que la CER vald\u00f4taine Energ-\u00e9thique et celle d\u2019Ivr\u00e9e, CER Dora 5 Laghi.RECROSSES, sur le territoire vald\u00f4tain, soutient, \u00e0 travers FinAosta S.p.A. avec le service COA \u00e9nergie (bras op\u00e9rationnel de l\u2019Assessorat de l\u2019essor \u00e9conomique, de la formation et du travail, des transports et de la mobilit\u00e9 durable de la R\u00e9gion autonome Vall\u00e9e d\u2019Aoste), l\u2019ensemble des acteurs impliqu\u00e9s (en particulier les collectivit\u00e9s locales et les acteurs priv\u00e9s). L\u2019appui se concr\u00e9tise par une collaboration \u00e0 l\u2019activit\u00e9 l\u00e9gislative \u00e0 l\u2019\u00e9chelle r\u00e9gionale pour favoriser la cr\u00e9ation des CER et par la fourniture de conseils techniques, notamment sur les aspects juridiques, techniques et relatifs aux incitations.Plusieurs \u00e9v\u00e9nements organis\u00e9s sur le territoire ont vu l\u2019implication et la participation de CER r\u00e9gionales en cours de constitution ou d\u00e9j\u00e0 constitu\u00e9es, afin de favoriser des moments de formation, d\u2019\u00e9change et de partage de bonnes pratiques.Sur le territoire d\u2019Ivrea, la CER Dora 5 Laghi, organisatrice de l\u2019\u00e9v\u00e9nement final de la premi\u00e8re \u00e9tape, a b\u00e9n\u00e9fici\u00e9, pour sa constitution, du soutien du projet RECROSSES, via Environment Park, en particulier pour l\u2019\u00e9tude de faisabilit\u00e9 technico-\u00e9conomique de la configuration de CER r\u00e9alisable.\",\"breadcrumb\":{\"@id\":\"https:\\\/\\\/recrosses.eu\\\/fr\\\/cer-tour-de-recrosses-etape-1\\\/#breadcrumb\"},\"inLanguage\":\"fr-FR\",\"potentialAction\":[{\"@type\":\"ReadAction\",\"target\":[\"https:\\\/\\\/recrosses.eu\\\/fr\\\/cer-tour-de-recrosses-etape-1\\\/\"]}]},{\"@type\":\"ImageObject\",\"inLanguage\":\"fr-FR\",\"@id\":\"https:\\\/\\\/recrosses.eu\\\/fr\\\/cer-tour-de-recrosses-etape-1\\\/#primaryimage\",\"url\":\"https:\\\/\\\/recrosses.eu\\\/wp-content\\\/uploads\\\/2025\\\/09\\\/CER-Tour_Tappa1.jpg\",\"contentUrl\":\"https:\\\/\\\/recrosses.eu\\\/wp-content\\\/uploads\\\/2025\\\/09\\\/CER-Tour_Tappa1.jpg\",\"width\":384,\"height\":425},{\"@type\":\"BreadcrumbList\",\"@id\":\"https:\\\/\\\/recrosses.eu\\\/fr\\\/cer-tour-de-recrosses-etape-1\\\/#breadcrumb\",\"itemListElement\":[{\"@type\":\"ListItem\",\"position\":1,\"name\":\"Home\",\"item\":\"https:\\\/\\\/recrosses.eu\\\/fr\\\/home\\\/\"},{\"@type\":\"ListItem\",\"position\":2,\"name\":\"CER Tour de RECROSSES: ETAPE 1!\"}]},{\"@type\":\"WebSite\",\"@id\":\"https:\\\/\\\/recrosses.eu\\\/fr\\\/#website\",\"url\":\"https:\\\/\\\/recrosses.eu\\\/fr\\\/\",\"name\":\"Recrosses\",\"description\":\"L&#039;energia che unisce - L&#039;\u00e9nergie qui unit\",\"potentialAction\":[{\"@type\":\"SearchAction\",\"target\":{\"@type\":\"EntryPoint\",\"urlTemplate\":\"https:\\\/\\\/recrosses.eu\\\/fr\\\/?s={search_term_string}\"},\"query-input\":{\"@type\":\"PropertyValueSpecification\",\"valueRequired\":true,\"valueName\":\"search_term_string\"}}],\"inLanguage\":\"fr-FR\"},{\"@type\":\"Person\",\"@id\":\"https:\\\/\\\/recrosses.eu\\\/fr\\\/#\\\/schema\\\/person\\\/2327e244e995abff4eaeb4f639000640\",\"name\":\"Chiara Bertolin\",\"image\":{\"@type\":\"ImageObject\",\"inLanguage\":\"fr-FR\",\"@id\":\"https:\\\/\\\/secure.gravatar.com\\\/avatar\\\/4789acd3dd60d7a775c67e44f6a017499f73531a758ddf33045a7e35ffafeda6?s=96&d=mm&r=g\",\"url\":\"https:\\\/\\\/secure.gravatar.com\\\/avatar\\\/4789acd3dd60d7a775c67e44f6a017499f73531a758ddf33045a7e35ffafeda6?s=96&d=mm&r=g\",\"contentUrl\":\"https:\\\/\\\/secure.gravatar.com\\\/avatar\\\/4789acd3dd60d7a775c67e44f6a017499f73531a758ddf33045a7e35ffafeda6?s=96&d=mm&r=g\",\"caption\":\"Chiara Bertolin\"},\"url\":\"https:\\\/\\\/recrosses.eu\\\/fr\\\/author\\\/chiara\\\/\"}]}<\/script>\n<!-- \/ Yoast SEO plugin. -->","yoast_head_json":{"title":"CER Tour de RECROSSES: ETAPE 1! - Recrosses","description":"Notre parcours cycliste avec les Communaut\u00e9s \u00c9nerg\u00e9tiques Renouvelables sur les territoires Interreg France\u2013Italie ALCOTRA, de la Vall\u00e9e d\u2019Aoste, des provinces de Turin et de Cuneo en Pi\u00e9mont, jusqu\u2019\u00e0 Nice, dans les Alpes-Maritimes, est sur la ligne de d\u00e9part. \u00c0 9h00, le samedi 20 septembre, le CER Tour partira d\u2019Aoste, depuis le si\u00e8ge du partenaire FinAosta S.p.A., pour rejoindre la piste cyclable qui traverse la vall\u00e9e, en suivant le cours de la Doire Balt\u00e9e entre les ch\u00e2teaux m\u00e9di\u00e9vaux encadr\u00e9s par le paysage montagneux des Alpes, afin d\u2019arriver sur le territoire de Borgofranco et des cinq lacs au pied de la Serra Morenica.Participeront \u00e0 l\u2019\u00e9tape les CER fran\u00e7aises : Centrales villageoises Energicimes, Centrales villageoises Perle, Centrales villageoises Le Solaret, Centrales villageoises R\u00e9gion du Condrieu, ainsi que la CER vald\u00f4taine Energ-\u00e9thique et celle d\u2019Ivr\u00e9e, CER Dora 5 Laghi.RECROSSES, sur le territoire vald\u00f4tain, soutient, \u00e0 travers FinAosta S.p.A. avec le service COA \u00e9nergie (bras op\u00e9rationnel de l\u2019Assessorat de l\u2019essor \u00e9conomique, de la formation et du travail, des transports et de la mobilit\u00e9 durable de la R\u00e9gion autonome Vall\u00e9e d\u2019Aoste), l\u2019ensemble des acteurs impliqu\u00e9s (en particulier les collectivit\u00e9s locales et les acteurs priv\u00e9s). L\u2019appui se concr\u00e9tise par une collaboration \u00e0 l\u2019activit\u00e9 l\u00e9gislative \u00e0 l\u2019\u00e9chelle r\u00e9gionale pour favoriser la cr\u00e9ation des CER et par la fourniture de conseils techniques, notamment sur les aspects juridiques, techniques et relatifs aux incitations.Plusieurs \u00e9v\u00e9nements organis\u00e9s sur le territoire ont vu l\u2019implication et la participation de CER r\u00e9gionales en cours de constitution ou d\u00e9j\u00e0 constitu\u00e9es, afin de favoriser des moments de formation, d\u2019\u00e9change et de partage de bonnes pratiques.Sur le territoire d\u2019Ivrea, la CER Dora 5 Laghi, organisatrice de l\u2019\u00e9v\u00e9nement final de la premi\u00e8re \u00e9tape, a b\u00e9n\u00e9fici\u00e9, pour sa constitution, du soutien du projet RECROSSES, via Environment Park, en particulier pour l\u2019\u00e9tude de faisabilit\u00e9 technico-\u00e9conomique de la configuration de CER r\u00e9alisable.","robots":{"index":"index","follow":"follow","max-snippet":"max-snippet:-1","max-image-preview":"max-image-preview:large","max-video-preview":"max-video-preview:-1"},"canonical":"https:\/\/recrosses.eu\/fr\/cer-tour-de-recrosses-etape-1\/","og_locale":"fr_FR","og_type":"article","og_title":"CER Tour de RECROSSES: ETAPE 1! - Recrosses","og_description":"Notre parcours cycliste avec les Communaut\u00e9s \u00c9nerg\u00e9tiques Renouvelables sur les territoires Interreg France\u2013Italie ALCOTRA, de la Vall\u00e9e d\u2019Aoste, des provinces de Turin et de Cuneo en Pi\u00e9mont, jusqu\u2019\u00e0 Nice, dans les Alpes-Maritimes, est sur la ligne de d\u00e9part. \u00c0 9h00, le samedi 20 septembre, le CER Tour partira d\u2019Aoste, depuis le si\u00e8ge du partenaire FinAosta S.p.A., pour rejoindre la piste cyclable qui traverse la vall\u00e9e, en suivant le cours de la Doire Balt\u00e9e entre les ch\u00e2teaux m\u00e9di\u00e9vaux encadr\u00e9s par le paysage montagneux des Alpes, afin d\u2019arriver sur le territoire de Borgofranco et des cinq lacs au pied de la Serra Morenica.Participeront \u00e0 l\u2019\u00e9tape les CER fran\u00e7aises : Centrales villageoises Energicimes, Centrales villageoises Perle, Centrales villageoises Le Solaret, Centrales villageoises R\u00e9gion du Condrieu, ainsi que la CER vald\u00f4taine Energ-\u00e9thique et celle d\u2019Ivr\u00e9e, CER Dora 5 Laghi.RECROSSES, sur le territoire vald\u00f4tain, soutient, \u00e0 travers FinAosta S.p.A. avec le service COA \u00e9nergie (bras op\u00e9rationnel de l\u2019Assessorat de l\u2019essor \u00e9conomique, de la formation et du travail, des transports et de la mobilit\u00e9 durable de la R\u00e9gion autonome Vall\u00e9e d\u2019Aoste), l\u2019ensemble des acteurs impliqu\u00e9s (en particulier les collectivit\u00e9s locales et les acteurs priv\u00e9s). L\u2019appui se concr\u00e9tise par une collaboration \u00e0 l\u2019activit\u00e9 l\u00e9gislative \u00e0 l\u2019\u00e9chelle r\u00e9gionale pour favoriser la cr\u00e9ation des CER et par la fourniture de conseils techniques, notamment sur les aspects juridiques, techniques et relatifs aux incitations.Plusieurs \u00e9v\u00e9nements organis\u00e9s sur le territoire ont vu l\u2019implication et la participation de CER r\u00e9gionales en cours de constitution ou d\u00e9j\u00e0 constitu\u00e9es, afin de favoriser des moments de formation, d\u2019\u00e9change et de partage de bonnes pratiques.Sur le territoire d\u2019Ivrea, la CER Dora 5 Laghi, organisatrice de l\u2019\u00e9v\u00e9nement final de la premi\u00e8re \u00e9tape, a b\u00e9n\u00e9fici\u00e9, pour sa constitution, du soutien du projet RECROSSES, via Environment Park, en particulier pour l\u2019\u00e9tude de faisabilit\u00e9 technico-\u00e9conomique de la configuration de CER r\u00e9alisable.","og_url":"https:\/\/recrosses.eu\/fr\/cer-tour-de-recrosses-etape-1\/","og_site_name":"Recrosses","article_published_time":"2025-09-19T08:02:23+00:00","article_modified_time":"2025-10-09T11:08:52+00:00","og_image":[{"width":384,"height":425,"url":"https:\/\/recrosses.eu\/wp-content\/uploads\/2025\/09\/CER-Tour_Tappa1.jpg","type":"image\/jpeg"}],"author":"Chiara Bertolin","twitter_card":"summary_large_image","twitter_misc":{"\u00c9crit par":"Chiara Bertolin","Dur\u00e9e de lecture estim\u00e9e":"2 minutes"},"schema":{"@context":"https:\/\/schema.org","@graph":[{"@type":"Article","@id":"https:\/\/recrosses.eu\/fr\/cer-tour-de-recrosses-etape-1\/#article","isPartOf":{"@id":"https:\/\/recrosses.eu\/fr\/cer-tour-de-recrosses-etape-1\/"},"author":{"name":"Chiara Bertolin","@id":"https:\/\/recrosses.eu\/fr\/#\/schema\/person\/2327e244e995abff4eaeb4f639000640"},"headline":"CER Tour de RECROSSES: ETAPE 1!","datePublished":"2025-09-19T08:02:23+00:00","dateModified":"2025-10-09T11:08:52+00:00","mainEntityOfPage":{"@id":"https:\/\/recrosses.eu\/fr\/cer-tour-de-recrosses-etape-1\/"},"wordCount":462,"commentCount":0,"image":{"@id":"https:\/\/recrosses.eu\/fr\/cer-tour-de-recrosses-etape-1\/#primaryimage"},"thumbnailUrl":"https:\/\/recrosses.eu\/wp-content\/uploads\/2025\/09\/CER-Tour_Tappa1.jpg","articleSection":["\u00c9V\u00c9NEMENT"],"inLanguage":"fr-FR","potentialAction":[{"@type":"CommentAction","name":"Comment","target":["https:\/\/recrosses.eu\/fr\/cer-tour-de-recrosses-etape-1\/#respond"]}]},{"@type":"WebPage","@id":"https:\/\/recrosses.eu\/fr\/cer-tour-de-recrosses-etape-1\/","url":"https:\/\/recrosses.eu\/fr\/cer-tour-de-recrosses-etape-1\/","name":"CER Tour de RECROSSES: ETAPE 1! - Recrosses","isPartOf":{"@id":"https:\/\/recrosses.eu\/fr\/#website"},"primaryImageOfPage":{"@id":"https:\/\/recrosses.eu\/fr\/cer-tour-de-recrosses-etape-1\/#primaryimage"},"image":{"@id":"https:\/\/recrosses.eu\/fr\/cer-tour-de-recrosses-etape-1\/#primaryimage"},"thumbnailUrl":"https:\/\/recrosses.eu\/wp-content\/uploads\/2025\/09\/CER-Tour_Tappa1.jpg","datePublished":"2025-09-19T08:02:23+00:00","dateModified":"2025-10-09T11:08:52+00:00","author":{"@id":"https:\/\/recrosses.eu\/fr\/#\/schema\/person\/2327e244e995abff4eaeb4f639000640"},"description":"Notre parcours cycliste avec les Communaut\u00e9s \u00c9nerg\u00e9tiques Renouvelables sur les territoires Interreg France\u2013Italie ALCOTRA, de la Vall\u00e9e d\u2019Aoste, des provinces de Turin et de Cuneo en Pi\u00e9mont, jusqu\u2019\u00e0 Nice, dans les Alpes-Maritimes, est sur la ligne de d\u00e9part. \u00c0 9h00, le samedi 20 septembre, le CER Tour partira d\u2019Aoste, depuis le si\u00e8ge du partenaire FinAosta S.p.A., pour rejoindre la piste cyclable qui traverse la vall\u00e9e, en suivant le cours de la Doire Balt\u00e9e entre les ch\u00e2teaux m\u00e9di\u00e9vaux encadr\u00e9s par le paysage montagneux des Alpes, afin d\u2019arriver sur le territoire de Borgofranco et des cinq lacs au pied de la Serra Morenica.Participeront \u00e0 l\u2019\u00e9tape les CER fran\u00e7aises : Centrales villageoises Energicimes, Centrales villageoises Perle, Centrales villageoises Le Solaret, Centrales villageoises R\u00e9gion du Condrieu, ainsi que la CER vald\u00f4taine Energ-\u00e9thique et celle d\u2019Ivr\u00e9e, CER Dora 5 Laghi.RECROSSES, sur le territoire vald\u00f4tain, soutient, \u00e0 travers FinAosta S.p.A. avec le service COA \u00e9nergie (bras op\u00e9rationnel de l\u2019Assessorat de l\u2019essor \u00e9conomique, de la formation et du travail, des transports et de la mobilit\u00e9 durable de la R\u00e9gion autonome Vall\u00e9e d\u2019Aoste), l\u2019ensemble des acteurs impliqu\u00e9s (en particulier les collectivit\u00e9s locales et les acteurs priv\u00e9s). L\u2019appui se concr\u00e9tise par une collaboration \u00e0 l\u2019activit\u00e9 l\u00e9gislative \u00e0 l\u2019\u00e9chelle r\u00e9gionale pour favoriser la cr\u00e9ation des CER et par la fourniture de conseils techniques, notamment sur les aspects juridiques, techniques et relatifs aux incitations.Plusieurs \u00e9v\u00e9nements organis\u00e9s sur le territoire ont vu l\u2019implication et la participation de CER r\u00e9gionales en cours de constitution ou d\u00e9j\u00e0 constitu\u00e9es, afin de favoriser des moments de formation, d\u2019\u00e9change et de partage de bonnes pratiques.Sur le territoire d\u2019Ivrea, la CER Dora 5 Laghi, organisatrice de l\u2019\u00e9v\u00e9nement final de la premi\u00e8re \u00e9tape, a b\u00e9n\u00e9fici\u00e9, pour sa constitution, du soutien du projet RECROSSES, via Environment Park, en particulier pour l\u2019\u00e9tude de faisabilit\u00e9 technico-\u00e9conomique de la configuration de CER r\u00e9alisable.","breadcrumb":{"@id":"https:\/\/recrosses.eu\/fr\/cer-tour-de-recrosses-etape-1\/#breadcrumb"},"inLanguage":"fr-FR","potentialAction":[{"@type":"ReadAction","target":["https:\/\/recrosses.eu\/fr\/cer-tour-de-recrosses-etape-1\/"]}]},{"@type":"ImageObject","inLanguage":"fr-FR","@id":"https:\/\/recrosses.eu\/fr\/cer-tour-de-recrosses-etape-1\/#primaryimage","url":"https:\/\/recrosses.eu\/wp-content\/uploads\/2025\/09\/CER-Tour_Tappa1.jpg","contentUrl":"https:\/\/recrosses.eu\/wp-content\/uploads\/2025\/09\/CER-Tour_Tappa1.jpg","width":384,"height":425},{"@type":"BreadcrumbList","@id":"https:\/\/recrosses.eu\/fr\/cer-tour-de-recrosses-etape-1\/#breadcrumb","itemListElement":[{"@type":"ListItem","position":1,"name":"Home","item":"https:\/\/recrosses.eu\/fr\/home\/"},{"@type":"ListItem","position":2,"name":"CER Tour de RECROSSES: ETAPE 1!"}]},{"@type":"WebSite","@id":"https:\/\/recrosses.eu\/fr\/#website","url":"https:\/\/recrosses.eu\/fr\/","name":"Recrosses","description":"L&#039;energia che unisce - L&#039;\u00e9nergie qui unit","potentialAction":[{"@type":"SearchAction","target":{"@type":"EntryPoint","urlTemplate":"https:\/\/recrosses.eu\/fr\/?s={search_term_string}"},"query-input":{"@type":"PropertyValueSpecification","valueRequired":true,"valueName":"search_term_string"}}],"inLanguage":"fr-FR"},{"@type":"Person","@id":"https:\/\/recrosses.eu\/fr\/#\/schema\/person\/2327e244e995abff4eaeb4f639000640","name":"Chiara Bertolin","image":{"@type":"ImageObject","inLanguage":"fr-FR","@id":"https:\/\/secure.gravatar.com\/avatar\/4789acd3dd60d7a775c67e44f6a017499f73531a758ddf33045a7e35ffafeda6?s=96&d=mm&r=g","url":"https:\/\/secure.gravatar.com\/avatar\/4789acd3dd60d7a775c67e44f6a017499f73531a758ddf33045a7e35ffafeda6?s=96&d=mm&r=g","contentUrl":"https:\/\/secure.gravatar.com\/avatar\/4789acd3dd60d7a775c67e44f6a017499f73531a758ddf33045a7e35ffafeda6?s=96&d=mm&r=g","caption":"Chiara Bertolin"},"url":"https:\/\/recrosses.eu\/fr\/author\/chiara\/"}]}},"_links":{"self":[{"href":"https:\/\/recrosses.eu\/fr\/wp-json\/wp\/v2\/posts\/1400","targetHints":{"allow":["GET"]}}],"collection":[{"href":"https:\/\/recrosses.eu\/fr\/wp-json\/wp\/v2\/posts"}],"about":[{"href":"https:\/\/recrosses.eu\/fr\/wp-json\/wp\/v2\/types\/post"}],"author":[{"embeddable":true,"href":"https:\/\/recrosses.eu\/fr\/wp-json\/wp\/v2\/users\/4"}],"replies":[{"embeddable":true,"href":"https:\/\/recrosses.eu\/fr\/wp-json\/wp\/v2\/comments?post=1400"}],"version-history":[{"count":3,"href":"https:\/\/recrosses.eu\/fr\/wp-json\/wp\/v2\/posts\/1400\/revisions"}],"predecessor-version":[{"id":1453,"href":"https:\/\/recrosses.eu\/fr\/wp-json\/wp\/v2\/posts\/1400\/revisions\/1453"}],"wp:featuredmedia":[{"embeddable":true,"href":"https:\/\/recrosses.eu\/fr\/wp-json\/wp\/v2\/media\/1411"}],"wp:attachment":[{"href":"https:\/\/recrosses.eu\/fr\/wp-json\/wp\/v2\/media?parent=1400"}],"wp:term":[{"taxonomy":"category","embeddable":true,"href":"https:\/\/recrosses.eu\/fr\/wp-json\/wp\/v2\/categories?post=1400"},{"taxonomy":"post_tag","embeddable":true,"href":"https:\/\/recrosses.eu\/fr\/wp-json\/wp\/v2\/tags?post=1400"}],"curies":[{"name":"wp","href":"https:\/\/api.w.org\/{rel}","templated":true}]}}