{"id":1413,"date":"2025-10-09T09:47:09","date_gmt":"2025-10-09T08:47:09","guid":{"rendered":"https:\/\/recrosses.eu\/?p=1413"},"modified":"2025-10-09T12:31:12","modified_gmt":"2025-10-09T11:31:12","slug":"cer-tour-de-recrosses-etape-1-2","status":"publish","type":"post","link":"https:\/\/recrosses.eu\/fr\/cer-tour-de-recrosses-etape-1-2\/","title":{"rendered":"CER Tour de RECROSSES: \u00c9TAPE 2!"},"content":{"rendered":"\n<p class=\"wp-block-paragraph\">La deuxi\u00e8me \u00e9tape du CER Tour se d\u00e9ploie depuis le territoire \u00e9poredien des 5 Lacs, longeant le Canavais \u00e0 travers ses merveilleux villages (Collaretto Giacosa, Agli\u00e8, \u2026) et la R\u00e9serve Naturelle de la Vauda.<br\/><br\/>L\u2019activit\u00e9 de guichet unique du projet <a href=\"https:\/\/www.linkedin.com\/company\/interreg-france-italia-alcotra\/\">Interreg France\u2013Italie ALCOTRA<\/a> <a href=\"https:\/\/www.linkedin.com\/company\/alcotra-recrosses\/\">RECROSSES<\/a>, sur le territoire entre Borgofranco d\u2019Ivrea et Turin, a permis d\u2019accompagner plusieurs Communaut\u00e9s d&rsquo;\u00c9nergies Renouvelables<br\/><br\/>Lors de la premi\u00e8re halte de cette \u00e9tape, le CER Tour a \u00e9t\u00e9 accueilli par la <strong>\n  <a href=\"https:\/\/www.cercanavesana.it\/\">CER Canavesana<\/a>\n<\/strong>, fond\u00e9e, avec le soutien technique d\u2019<a href=\"https:\/\/www.linkedin.com\/company\/environment-park\/\">Environment Park<\/a>, par les communes d\u2019Ozegna, San Giusto Canavese, Ciconio et Lusigli\u00e8. Elle a partag\u00e9 avec les CER fran\u00e7aises son parcours de cr\u00e9ation ainsi que ses objectifs \u00e0 moyen et long terme.<\/p>\n\n<p class=\"wp-block-paragraph\">Sur le parcours depuis Ozegna, en longeant le Parc de la Vauda, le CER Tour a ensuite \u00e9t\u00e9 accueilli par la <strong>\n  <a href=\"https:\/\/www.cersancarlo.it\/\">CER San Carlo Canavese<\/a>\n<\/strong>, constitu\u00e9e en juillet 2024 \u00e0 l\u2019initiative de la Commune. Elle regroupe aujourd\u2019hui environ 40 particuliers, une dizaine de PME et d\u2019organismes publics, avec l\u2019objectif d\u2019\u00e9largir la communaut\u00e9 \u00e0 l\u2019ensemble du Canavese.<br\/>La \u201cCER Digitale\u201d est la vision qui caract\u00e9rise cette communaut\u00e9, afin d\u2019accompagner l\u2019\u00e9volution technologique des 20 prochaines ann\u00e9es en associant le num\u00e9rique \u00e0 l\u2019\u00e9nergie, \u00e0 travers plusieurs projets en cours de d\u00e9veloppement : Domotique Communautaire (Comotica), Salle de sport num\u00e9rique et Communaut\u00e9 Mobile.<\/p>\n\n<p class=\"wp-block-paragraph\">Le CER Tour de <a href=\"https:\/\/www.linkedin.com\/company\/alcotra-recrosses\/\">RECROSSES<\/a> a ensuite rencontr\u00e9, au si\u00e8ge d\u2019Environment Park, la <strong>\n  <a href=\"https:\/\/www.atspinerolese.it\/ita\/leggi_documentazione.aspx?id=5\">CER \u00c9nergie pour tous<\/a>\n<\/strong>, n\u00e9e comme r\u00e9sultat d\u2019un long parcours entam\u00e9 en 2021 dans la zone homog\u00e8ne du Pinerolese, dans la province de Turin, avec la cr\u00e9ation, \u00e0 l\u2019initiative de 41 communes, de l\u2019A.T.S. Communaut\u00e9 de l\u2019\u00c9nergie du Pinerolese puis, par la suite, avec l\u2019\u00e9laboration d\u2019une \u00e9tude de faisabilit\u00e9 approfondie sur le potentiel \u00e9nerg\u00e9tique du territoire. En 2023, la CER \u00c9nergie pour tous a \u00e9t\u00e9 constitu\u00e9e sous forme juridique d\u2019Association.<br\/>Le professeur \u00e9m\u00e9rite du Politecnico de Turin, Angelo Tartaglia, en a illustr\u00e9 les caract\u00e9ristiques : \u00e0 ce jour, l\u2019association compte 72 membres, avec un besoin \u00e9nerg\u00e9tique annuel global d\u2019environ 250 MWh et une puissance totale d\u2019installations photovolta\u00efques d\u2019environ 176 kWp, \u00e0 laquelle viendront s\u2019ajouter, dans les prochains mois, d\u2019autres kWp suppl\u00e9mentaires.<br\/>La CER souhaite impliquer les entreprises en tant que producteurs d\u2019\u00e9nergie renouvelable capables de mobiliser des investissements dans les \u00e9nergies renouvelables et d\u2019offrir \u00e0 un nombre croissant de citoyens-consommateurs l\u2019opportunit\u00e9 de partager une \u00e9nergie propre. <\/p>\n\n<p class=\"wp-block-paragraph\">La rencontre avec la CER du <a href=\"https:\/\/www.linkedin.com\/company\/consorzio-merak\/\">Consortium Merak<\/a> conclut l\u2019\u00c9TAPE 2 du CER Tour de <a href=\"https:\/\/www.linkedin.com\/company\/alcotra-recrosses\/\">RECROSSES.<\/a><\/p>\n\n<p class=\"wp-block-paragraph\">N\u00e9e en octobre 2024 de l\u2019initiative et de la collaboration de plusieurs organismes du Tiers Secteur \u00e0 but non lucratif \u2013 parmi lesquels la Coop\u00e9rative Sociale P.G. Frassati s.c.s. onlus, la Coop\u00e9rative Animazione Valdocco s.c.s. onlus, la Coop\u00e9rative Sociale P.G. Frassati de Production et de Travail s.c.s. ETS \u2013 ainsi que d\u2019autres Coop\u00e9ratives et Organismes du Tiers Secteur, avec 10 personnes physiques, la CER Merak est une Coop\u00e9rative \u00e9galement \u00e0 but non lucratif.<br\/>Les objectifs de la CER sont d\u2019ordre environnemental, \u00e9conomique et social, avec des retomb\u00e9es sur les territoires o\u00f9 sont implant\u00e9es les installations de sources d\u2019\u00e9nergie renouvelable, en aidant les personnes les plus fragiles, en promouvant les droits et en r\u00e9duisant les co\u00fbts.<\/p>\n\n<p class=\"wp-block-paragraph\">En signant le Protocole de Coop\u00e9ration Transfrontali\u00e8re entre Communaut\u00e9s \u00c9nerg\u00e9tiques Renouvelables de <a href=\"https:\/\/www.linkedin.com\/company\/alcotra-recrosses\/\">RECROSSES<\/a>, toutes les CER rencontr\u00e9es ont soulign\u00e9 l\u2019importance de la cr\u00e9ation d\u2019un r\u00e9seau entre CER ainsi que de l\u2019\u00e9change d\u2019exp\u00e9riences et de bonnes pratiques.<\/p>\n\n<p class=\"wp-block-paragraph\">Pour <strong>suivre le r\u00e9cit de l\u2019\u00c9TAPE 2 et des CER rencontr\u00e9es<\/strong>, rendez-vous sur les profils sociaux li\u00e9s \u00e0 l\u2019\u00e9v\u00e9nement, en particulier :<\/p>\n\n<ul class=\"wp-block-list\">\n<li>le r\u00e9seau Instagram \u00ab\u00a0<a href=\"https:\/\/www.instagram.com\/fitfor2030bybike\/\">Fitfor2030bybike<\/a>\u00ab\u00a0: \n<ul class=\"wp-block-list\">\n<li><a href=\"https:\/\/www.instagram.com\/reel\/DO4UwSejEC4\/?utm_source=ig_web_copy_link&amp;igsh=MzRlODBiNWFlZA==\">Relive<\/a>;<\/li>\n\n\n\n<li><a href=\"https:\/\/www.instagram.com\/p\/DO5QmUmDJyM\/?utm_source=ig_web_copy_link&amp;igsh=MzRlODBiNWFlZA==\">Carrousel<\/a>;<\/li>\n\n\n\n<li><a href=\"https:\/\/www.instagram.com\/p\/DO6e4vzDIRG\/\">Fin \u00c9tape<\/a>;<\/li>\n\n\n\n<li><a href=\"https:\/\/www.instagram.com\/reel\/DO6h01kDCZ-\/?utm_source=ig_web_copy_link&amp;igsh=MzRlODBiNWFlZA==\">Interview de Mauro Cornaglia<\/a> d\u2019Environment Park;<\/li>\n<\/ul>\n<\/li>\n\n\n\n<li>Le post sur le <a href=\"https:\/\/www.linkedin.com\/company\/alcotra-recrosses\">profil LinkedIn<\/a> de RECROSSES:\n<ul class=\"wp-block-list\">\n<li><a href=\"https:\/\/www.linkedin.com\/feed\/update\/urn:li:activity:7375534179574337536\">la rencontre avec la CER Canavesana<\/a>;<\/li>\n\n\n\n<li><a href=\"https:\/\/www.linkedin.com\/feed\/update\/urn:li:activity:7375537447197286400\">la rencontre avec la CER San Carlo Canavese<\/a>;<\/li>\n\n\n\n<li><a href=\"https:\/\/www.linkedin.com\/feed\/update\/urn:li:activity:7376166938818846720\">la rencontre avec la CER Energia per tutti<\/a>;<\/li>\n\n\n\n<li><a href=\"https:\/\/www.linkedin.com\/feed\/update\/urn:li:activity:7376259857122783233\">la rencontre avec la CER Merak<\/a>.<br\/><br\/><\/li>\n<\/ul>\n<\/li>\n<\/ul>\n\n<figure class=\"wp-block-gallery has-nested-images columns-default is-cropped wp-block-gallery-1 is-layout-flex wp-block-gallery-is-layout-flex\">\n<figure class=\"wp-block-image size-large\"><img fetchpriority=\"high\" decoding=\"async\" width=\"819\" height=\"1024\" data-src=\"https:\/\/recrosses.eu\/wp-content\/uploads\/2025\/10\/CER-tour_locandina_IG_Tappa2-819x1024.jpg\" data-id=\"1415\" src=\"data:image\/gif;base64,R0lGODlhAQABAIAAAAAAAP\/\/\/yH5BAEAAAAALAAAAAABAAEAAAIBRAA7\" alt=\"\" class=\"wp-image-1415 lazyload\"\/><noscript><img decoding=\"async\" width=\"819\" height=\"1024\" data-id=\"1415\" src=\"https:\/\/recrosses.eu\/wp-content\/uploads\/2025\/10\/CER-tour_locandina_IG_Tappa2-819x1024.jpg\" alt=\"\" class=\"wp-image-1415\" srcset=\"https:\/\/recrosses.eu\/wp-content\/uploads\/2025\/10\/CER-tour_locandina_IG_Tappa2-819x1024.jpg 819w, https:\/\/recrosses.eu\/wp-content\/uploads\/2025\/10\/CER-tour_locandina_IG_Tappa2-240x300.jpg 240w, https:\/\/recrosses.eu\/wp-content\/uploads\/2025\/10\/CER-tour_locandina_IG_Tappa2-768x960.jpg 768w, https:\/\/recrosses.eu\/wp-content\/uploads\/2025\/10\/CER-tour_locandina_IG_Tappa2-1229x1536.jpg 1229w, https:\/\/recrosses.eu\/wp-content\/uploads\/2025\/10\/CER-tour_locandina_IG_Tappa2-1638x2048.jpg 1638w, https:\/\/recrosses.eu\/wp-content\/uploads\/2025\/10\/CER-tour_locandina_IG_Tappa2-scaled.jpg 2048w\" sizes=\"(max-width: 819px) 100vw, 819px\" \/><\/noscript><\/figure>\n<\/figure>\n","protected":false},"excerpt":{"rendered":"<p>La deuxi\u00e8me \u00e9tape du CER Tour se d\u00e9ploie depuis le territoire \u00e9poredien des 5 Lacs, longeant le Canavais \u00e0 travers ses merveilleux villages (Collaretto Giacosa, Agli\u00e8, \u2026) et la R\u00e9serve Naturelle de la Vauda. L\u2019activit\u00e9 de guichet unique du projet Interreg France\u2013Italie ALCOTRA RECROSSES, sur le territoire entre Borgofranco d\u2019Ivrea et Turin, a permis d\u2019accompagner [&hellip;]<\/p>\n","protected":false},"author":4,"featured_media":1418,"comment_status":"open","ping_status":"open","sticky":false,"template":"","format":"standard","meta":{"_acf_changed":false,"footnotes":""},"categories":[26],"tags":[],"class_list":["post-1413","post","type-post","status-publish","format-standard","has-post-thumbnail","hentry","category-evenement-fr"],"acf":[],"yoast_head":"<!-- This site is optimized with the Yoast SEO plugin v28.3 - https:\/\/yoast.com\/product\/yoast-seo-wordpress\/ -->\n<title>CER Tour de RECROSSES: ETAPE 2! - Recrosses<\/title>\n<meta name=\"description\" content=\"La deuxi\u00e8me \u00e9tape du CER Tour se d\u00e9roule dans le territoire \u00e9poredien des 5 Lacs, longeant le Canavais \u00e0 travers ses magnifiques villages (Collaretto Giacosa, Agli\u00e8, \u2026) et la R\u00e9serve Naturelle de la Vauda.L\u2019activit\u00e9 de guichet unique (One Stop Shop) du projet Interreg France\u2013Italie ALCOTRA RECROSSES, sur le territoire entre Borgofranco d\u2019Ivrea et Turin, a permis de soutenir plusieurs Communaut\u00e9s \u00c9nerg\u00e9tiques Renouvelables (CER).Lors de la premi\u00e8re halte de cette \u00e9tape, le CER Tour a \u00e9t\u00e9 accueilli par la CER Canavesana, fond\u00e9e, avec le soutien technique d\u2019Environment Park, par les communes d\u2019Ozegna, San Giusto Canavese, Ciconio et Lusigli\u00e8. Elle a partag\u00e9 avec les CER fran\u00e7aises son parcours de cr\u00e9ation ainsi que ses objectifs \u00e0 moyen et long terme.En suivant le parcours depuis Ozegna, en longeant le Parc de la Vauda, le CER Tour a ensuite \u00e9t\u00e9 accueilli par la CER San Carlo Canavese, constitu\u00e9e en juillet 2024 \u00e0 l\u2019initiative de la Commune. Elle regroupe aujourd\u2019hui environ 40 particuliers et une dizaine de PME et d\u2019organismes publics, avec l\u2019objectif d\u2019\u00e9tendre la communaut\u00e9 \u00e0 l\u2019ensemble du Canavais.La CER Digitale est la vision qui caract\u00e9rise cette communaut\u00e9, afin d\u2019accompagner l\u2019\u00e9volution technologique des 20 prochaines ann\u00e9es en associant le num\u00e9rique \u00e0 l\u2019\u00e9nergie, \u00e0 travers plusieurs projets en cours de d\u00e9veloppement : Domotique Communautaire (Comotica), Salle de sport num\u00e9rique et Communaut\u00e9 Mobile.Le CER Tour de RECROSSES a ensuite rencontr\u00e9, au si\u00e8ge d\u2019Environment Park, la CER \u00c9nergie pour tous, n\u00e9e d\u2019un long parcours entam\u00e9 en 2021 dans la zone homog\u00e8ne du Pinerolese, province de Turin, avec la cr\u00e9ation, \u00e0 l\u2019initiative de 41 communes, de l\u2019A.T.S. Communaut\u00e9 de l\u2019\u00c9nergie du Pinerolese, puis par la suite avec l\u2019\u00e9laboration d\u2019une \u00e9tude de faisabilit\u00e9 approfondie sur le potentiel \u00e9nerg\u00e9tique du territoire. En 2023, la CER \u00c9nergie pour tous a \u00e9t\u00e9 constitu\u00e9e sous forme juridique d\u2019association.Le professeur \u00e9m\u00e9rite du Politecnico de Turin, Angelo Tartaglia, en a pr\u00e9sent\u00e9 les caract\u00e9ristiques : \u00e0 ce jour, l\u2019association compte 72 membres, avec un besoin \u00e9nerg\u00e9tique annuel total d\u2019environ 250 MWh et une puissance totale d\u2019installations photovolta\u00efques d\u2019environ 176 kWp, \u00e0 laquelle s\u2019ajouteront, dans les prochains mois, des kWp suppl\u00e9mentaires.La CER vise \u00e0 impliquer les entreprises en tant que producteurs d\u2019\u00e9nergie renouvelable capables de mobiliser des investissements et \u00e0 offrir \u00e0 un nombre croissant de citoyens-consommateurs l\u2019opportunit\u00e9 de partager une \u00e9nergie propre.La rencontre avec la CER du Consortium Merak conclut la deuxi\u00e8me \u00e9tape du CER Tour de RECROSSES.N\u00e9e en octobre 2024 de l\u2019initiative et de la collaboration de plusieurs organismes du Tiers Secteur \u00e0 but non lucratif \u2013 parmi lesquels la Coop\u00e9rative Sociale P.G. Frassati s.c.s. onlus, la Coop\u00e9rative Animazione Valdocco s.c.s. onlus, la Coop\u00e9rative Sociale P.G. Frassati de Production et de Travail s.c.s. ETS \u2013 ainsi que d\u2019autres coop\u00e9ratives et organismes du Tiers Secteur, avec 10 personnes physiques, la CER Merak est une coop\u00e9rative \u00e9galement \u00e0 but non lucratif.Les objectifs de la CER sont d\u2019ordre environnemental, \u00e9conomique et social, avec des retomb\u00e9es sur les territoires o\u00f9 sont implant\u00e9es les installations de sources d\u2019\u00e9nergie renouvelable, en aidant les personnes les plus fragiles, en promouvant les droits et en r\u00e9duisant les co\u00fbts.En signant le Protocole de Coop\u00e9ration Transfrontali\u00e8re entre Communaut\u00e9s \u00c9nerg\u00e9tiques Renouvelables de RECROSSES, toutes les CER rencontr\u00e9es ont soulign\u00e9 l\u2019importance de cr\u00e9er un r\u00e9seau entre CER ainsi que d\u2019\u00e9changer exp\u00e9riences et bonnes pratiques.Pour suivre le r\u00e9cit de la deuxi\u00e8me \u00e9tape et des CER rencontr\u00e9es, rendez-vous sur les profils sociaux li\u00e9s \u00e0 l\u2019\u00e9v\u00e9nement, en particulier :Le compte Instagram \u201cFitfor2030bybike\u201d : Relive ; Carrousel ; Fin de l\u2019\u00e9tape ; Interview de Mauro Cornaglia d\u2019Environment Park.Le post sur le profil LinkedIn de RECROSSES :la rencontre avec la CER Canavesana ;la rencontre avec la CER San Carlo Canavese ;la rencontre avec la CER \u00c9nergie pour tous ;la rencontre avec la CER Merak.\" \/>\n<meta name=\"robots\" content=\"index, follow, max-snippet:-1, max-image-preview:large, max-video-preview:-1\" \/>\n<link rel=\"canonical\" href=\"https:\/\/recrosses.eu\/fr\/cer-tour-de-recrosses-etape-1-2\/\" \/>\n<meta property=\"og:locale\" content=\"fr_FR\" \/>\n<meta property=\"og:type\" content=\"article\" \/>\n<meta property=\"og:title\" content=\"CER Tour de RECROSSES: ETAPE 2! - Recrosses\" \/>\n<meta property=\"og:description\" content=\"La deuxi\u00e8me \u00e9tape du CER Tour se d\u00e9roule dans le territoire \u00e9poredien des 5 Lacs, longeant le Canavais \u00e0 travers ses magnifiques villages (Collaretto Giacosa, Agli\u00e8, \u2026) et la R\u00e9serve Naturelle de la Vauda.L\u2019activit\u00e9 de guichet unique (One Stop Shop) du projet Interreg France\u2013Italie ALCOTRA RECROSSES, sur le territoire entre Borgofranco d\u2019Ivrea et Turin, a permis de soutenir plusieurs Communaut\u00e9s \u00c9nerg\u00e9tiques Renouvelables (CER).Lors de la premi\u00e8re halte de cette \u00e9tape, le CER Tour a \u00e9t\u00e9 accueilli par la CER Canavesana, fond\u00e9e, avec le soutien technique d\u2019Environment Park, par les communes d\u2019Ozegna, San Giusto Canavese, Ciconio et Lusigli\u00e8. Elle a partag\u00e9 avec les CER fran\u00e7aises son parcours de cr\u00e9ation ainsi que ses objectifs \u00e0 moyen et long terme.En suivant le parcours depuis Ozegna, en longeant le Parc de la Vauda, le CER Tour a ensuite \u00e9t\u00e9 accueilli par la CER San Carlo Canavese, constitu\u00e9e en juillet 2024 \u00e0 l\u2019initiative de la Commune. Elle regroupe aujourd\u2019hui environ 40 particuliers et une dizaine de PME et d\u2019organismes publics, avec l\u2019objectif d\u2019\u00e9tendre la communaut\u00e9 \u00e0 l\u2019ensemble du Canavais.La CER Digitale est la vision qui caract\u00e9rise cette communaut\u00e9, afin d\u2019accompagner l\u2019\u00e9volution technologique des 20 prochaines ann\u00e9es en associant le num\u00e9rique \u00e0 l\u2019\u00e9nergie, \u00e0 travers plusieurs projets en cours de d\u00e9veloppement : Domotique Communautaire (Comotica), Salle de sport num\u00e9rique et Communaut\u00e9 Mobile.Le CER Tour de RECROSSES a ensuite rencontr\u00e9, au si\u00e8ge d\u2019Environment Park, la CER \u00c9nergie pour tous, n\u00e9e d\u2019un long parcours entam\u00e9 en 2021 dans la zone homog\u00e8ne du Pinerolese, province de Turin, avec la cr\u00e9ation, \u00e0 l\u2019initiative de 41 communes, de l\u2019A.T.S. Communaut\u00e9 de l\u2019\u00c9nergie du Pinerolese, puis par la suite avec l\u2019\u00e9laboration d\u2019une \u00e9tude de faisabilit\u00e9 approfondie sur le potentiel \u00e9nerg\u00e9tique du territoire. En 2023, la CER \u00c9nergie pour tous a \u00e9t\u00e9 constitu\u00e9e sous forme juridique d\u2019association.Le professeur \u00e9m\u00e9rite du Politecnico de Turin, Angelo Tartaglia, en a pr\u00e9sent\u00e9 les caract\u00e9ristiques : \u00e0 ce jour, l\u2019association compte 72 membres, avec un besoin \u00e9nerg\u00e9tique annuel total d\u2019environ 250 MWh et une puissance totale d\u2019installations photovolta\u00efques d\u2019environ 176 kWp, \u00e0 laquelle s\u2019ajouteront, dans les prochains mois, des kWp suppl\u00e9mentaires.La CER vise \u00e0 impliquer les entreprises en tant que producteurs d\u2019\u00e9nergie renouvelable capables de mobiliser des investissements et \u00e0 offrir \u00e0 un nombre croissant de citoyens-consommateurs l\u2019opportunit\u00e9 de partager une \u00e9nergie propre.La rencontre avec la CER du Consortium Merak conclut la deuxi\u00e8me \u00e9tape du CER Tour de RECROSSES.N\u00e9e en octobre 2024 de l\u2019initiative et de la collaboration de plusieurs organismes du Tiers Secteur \u00e0 but non lucratif \u2013 parmi lesquels la Coop\u00e9rative Sociale P.G. Frassati s.c.s. onlus, la Coop\u00e9rative Animazione Valdocco s.c.s. onlus, la Coop\u00e9rative Sociale P.G. Frassati de Production et de Travail s.c.s. ETS \u2013 ainsi que d\u2019autres coop\u00e9ratives et organismes du Tiers Secteur, avec 10 personnes physiques, la CER Merak est une coop\u00e9rative \u00e9galement \u00e0 but non lucratif.Les objectifs de la CER sont d\u2019ordre environnemental, \u00e9conomique et social, avec des retomb\u00e9es sur les territoires o\u00f9 sont implant\u00e9es les installations de sources d\u2019\u00e9nergie renouvelable, en aidant les personnes les plus fragiles, en promouvant les droits et en r\u00e9duisant les co\u00fbts.En signant le Protocole de Coop\u00e9ration Transfrontali\u00e8re entre Communaut\u00e9s \u00c9nerg\u00e9tiques Renouvelables de RECROSSES, toutes les CER rencontr\u00e9es ont soulign\u00e9 l\u2019importance de cr\u00e9er un r\u00e9seau entre CER ainsi que d\u2019\u00e9changer exp\u00e9riences et bonnes pratiques.Pour suivre le r\u00e9cit de la deuxi\u00e8me \u00e9tape et des CER rencontr\u00e9es, rendez-vous sur les profils sociaux li\u00e9s \u00e0 l\u2019\u00e9v\u00e9nement, en particulier :Le compte Instagram \u201cFitfor2030bybike\u201d : Relive ; Carrousel ; Fin de l\u2019\u00e9tape ; Interview de Mauro Cornaglia d\u2019Environment Park.Le post sur le profil LinkedIn de RECROSSES :la rencontre avec la CER Canavesana ;la rencontre avec la CER San Carlo Canavese ;la rencontre avec la CER \u00c9nergie pour tous ;la rencontre avec la CER Merak.\" \/>\n<meta property=\"og:url\" content=\"https:\/\/recrosses.eu\/fr\/cer-tour-de-recrosses-etape-1-2\/\" \/>\n<meta property=\"og:site_name\" content=\"Recrosses\" \/>\n<meta property=\"article:published_time\" content=\"2025-10-09T08:47:09+00:00\" \/>\n<meta property=\"article:modified_time\" content=\"2025-10-09T11:31:12+00:00\" \/>\n<meta property=\"og:image\" content=\"https:\/\/recrosses.eu\/wp-content\/uploads\/2025\/10\/CER-Tour_Tappa2.jpg\" \/>\n\t<meta property=\"og:image:width\" content=\"384\" \/>\n\t<meta property=\"og:image:height\" content=\"425\" \/>\n\t<meta property=\"og:image:type\" content=\"image\/jpeg\" \/>\n<meta name=\"author\" content=\"Chiara Bertolin\" \/>\n<meta name=\"twitter:card\" content=\"summary_large_image\" \/>\n<meta name=\"twitter:label1\" content=\"\u00c9crit par\" \/>\n\t<meta name=\"twitter:data1\" content=\"Chiara Bertolin\" \/>\n\t<meta name=\"twitter:label2\" content=\"Dur\u00e9e de lecture estim\u00e9e\" \/>\n\t<meta name=\"twitter:data2\" content=\"3 minutes\" \/>\n<script type=\"application\/ld+json\" class=\"yoast-schema-graph\">{\"@context\":\"https:\\\/\\\/schema.org\",\"@graph\":[{\"@type\":\"Article\",\"@id\":\"https:\\\/\\\/recrosses.eu\\\/fr\\\/cer-tour-de-recrosses-etape-1-2\\\/#article\",\"isPartOf\":{\"@id\":\"https:\\\/\\\/recrosses.eu\\\/fr\\\/cer-tour-de-recrosses-etape-1-2\\\/\"},\"author\":{\"name\":\"Chiara Bertolin\",\"@id\":\"https:\\\/\\\/recrosses.eu\\\/fr\\\/#\\\/schema\\\/person\\\/2327e244e995abff4eaeb4f639000640\"},\"headline\":\"CER Tour de RECROSSES: \u00c9TAPE 2!\",\"datePublished\":\"2025-10-09T08:47:09+00:00\",\"dateModified\":\"2025-10-09T11:31:12+00:00\",\"mainEntityOfPage\":{\"@id\":\"https:\\\/\\\/recrosses.eu\\\/fr\\\/cer-tour-de-recrosses-etape-1-2\\\/\"},\"wordCount\":698,\"commentCount\":0,\"image\":{\"@id\":\"https:\\\/\\\/recrosses.eu\\\/fr\\\/cer-tour-de-recrosses-etape-1-2\\\/#primaryimage\"},\"thumbnailUrl\":\"https:\\\/\\\/recrosses.eu\\\/wp-content\\\/uploads\\\/2025\\\/10\\\/CER-Tour_Tappa2.jpg\",\"articleSection\":[\"\u00c9V\u00c9NEMENT\"],\"inLanguage\":\"fr-FR\",\"potentialAction\":[{\"@type\":\"CommentAction\",\"name\":\"Comment\",\"target\":[\"https:\\\/\\\/recrosses.eu\\\/fr\\\/cer-tour-de-recrosses-etape-1-2\\\/#respond\"]}]},{\"@type\":\"WebPage\",\"@id\":\"https:\\\/\\\/recrosses.eu\\\/fr\\\/cer-tour-de-recrosses-etape-1-2\\\/\",\"url\":\"https:\\\/\\\/recrosses.eu\\\/fr\\\/cer-tour-de-recrosses-etape-1-2\\\/\",\"name\":\"CER Tour de RECROSSES: ETAPE 2! - Recrosses\",\"isPartOf\":{\"@id\":\"https:\\\/\\\/recrosses.eu\\\/fr\\\/#website\"},\"primaryImageOfPage\":{\"@id\":\"https:\\\/\\\/recrosses.eu\\\/fr\\\/cer-tour-de-recrosses-etape-1-2\\\/#primaryimage\"},\"image\":{\"@id\":\"https:\\\/\\\/recrosses.eu\\\/fr\\\/cer-tour-de-recrosses-etape-1-2\\\/#primaryimage\"},\"thumbnailUrl\":\"https:\\\/\\\/recrosses.eu\\\/wp-content\\\/uploads\\\/2025\\\/10\\\/CER-Tour_Tappa2.jpg\",\"datePublished\":\"2025-10-09T08:47:09+00:00\",\"dateModified\":\"2025-10-09T11:31:12+00:00\",\"author\":{\"@id\":\"https:\\\/\\\/recrosses.eu\\\/fr\\\/#\\\/schema\\\/person\\\/2327e244e995abff4eaeb4f639000640\"},\"description\":\"La deuxi\u00e8me \u00e9tape du CER Tour se d\u00e9roule dans le territoire \u00e9poredien des 5 Lacs, longeant le Canavais \u00e0 travers ses magnifiques villages (Collaretto Giacosa, Agli\u00e8, \u2026) et la R\u00e9serve Naturelle de la Vauda.L\u2019activit\u00e9 de guichet unique (One Stop Shop) du projet Interreg France\u2013Italie ALCOTRA RECROSSES, sur le territoire entre Borgofranco d\u2019Ivrea et Turin, a permis de soutenir plusieurs Communaut\u00e9s \u00c9nerg\u00e9tiques Renouvelables (CER).Lors de la premi\u00e8re halte de cette \u00e9tape, le CER Tour a \u00e9t\u00e9 accueilli par la CER Canavesana, fond\u00e9e, avec le soutien technique d\u2019Environment Park, par les communes d\u2019Ozegna, San Giusto Canavese, Ciconio et Lusigli\u00e8. Elle a partag\u00e9 avec les CER fran\u00e7aises son parcours de cr\u00e9ation ainsi que ses objectifs \u00e0 moyen et long terme.En suivant le parcours depuis Ozegna, en longeant le Parc de la Vauda, le CER Tour a ensuite \u00e9t\u00e9 accueilli par la CER San Carlo Canavese, constitu\u00e9e en juillet 2024 \u00e0 l\u2019initiative de la Commune. Elle regroupe aujourd\u2019hui environ 40 particuliers et une dizaine de PME et d\u2019organismes publics, avec l\u2019objectif d\u2019\u00e9tendre la communaut\u00e9 \u00e0 l\u2019ensemble du Canavais.La CER Digitale est la vision qui caract\u00e9rise cette communaut\u00e9, afin d\u2019accompagner l\u2019\u00e9volution technologique des 20 prochaines ann\u00e9es en associant le num\u00e9rique \u00e0 l\u2019\u00e9nergie, \u00e0 travers plusieurs projets en cours de d\u00e9veloppement : Domotique Communautaire (Comotica), Salle de sport num\u00e9rique et Communaut\u00e9 Mobile.Le CER Tour de RECROSSES a ensuite rencontr\u00e9, au si\u00e8ge d\u2019Environment Park, la CER \u00c9nergie pour tous, n\u00e9e d\u2019un long parcours entam\u00e9 en 2021 dans la zone homog\u00e8ne du Pinerolese, province de Turin, avec la cr\u00e9ation, \u00e0 l\u2019initiative de 41 communes, de l\u2019A.T.S. Communaut\u00e9 de l\u2019\u00c9nergie du Pinerolese, puis par la suite avec l\u2019\u00e9laboration d\u2019une \u00e9tude de faisabilit\u00e9 approfondie sur le potentiel \u00e9nerg\u00e9tique du territoire. En 2023, la CER \u00c9nergie pour tous a \u00e9t\u00e9 constitu\u00e9e sous forme juridique d\u2019association.Le professeur \u00e9m\u00e9rite du Politecnico de Turin, Angelo Tartaglia, en a pr\u00e9sent\u00e9 les caract\u00e9ristiques : \u00e0 ce jour, l\u2019association compte 72 membres, avec un besoin \u00e9nerg\u00e9tique annuel total d\u2019environ 250 MWh et une puissance totale d\u2019installations photovolta\u00efques d\u2019environ 176 kWp, \u00e0 laquelle s\u2019ajouteront, dans les prochains mois, des kWp suppl\u00e9mentaires.La CER vise \u00e0 impliquer les entreprises en tant que producteurs d\u2019\u00e9nergie renouvelable capables de mobiliser des investissements et \u00e0 offrir \u00e0 un nombre croissant de citoyens-consommateurs l\u2019opportunit\u00e9 de partager une \u00e9nergie propre.La rencontre avec la CER du Consortium Merak conclut la deuxi\u00e8me \u00e9tape du CER Tour de RECROSSES.N\u00e9e en octobre 2024 de l\u2019initiative et de la collaboration de plusieurs organismes du Tiers Secteur \u00e0 but non lucratif \u2013 parmi lesquels la Coop\u00e9rative Sociale P.G. Frassati s.c.s. onlus, la Coop\u00e9rative Animazione Valdocco s.c.s. onlus, la Coop\u00e9rative Sociale P.G. Frassati de Production et de Travail s.c.s. ETS \u2013 ainsi que d\u2019autres coop\u00e9ratives et organismes du Tiers Secteur, avec 10 personnes physiques, la CER Merak est une coop\u00e9rative \u00e9galement \u00e0 but non lucratif.Les objectifs de la CER sont d\u2019ordre environnemental, \u00e9conomique et social, avec des retomb\u00e9es sur les territoires o\u00f9 sont implant\u00e9es les installations de sources d\u2019\u00e9nergie renouvelable, en aidant les personnes les plus fragiles, en promouvant les droits et en r\u00e9duisant les co\u00fbts.En signant le Protocole de Coop\u00e9ration Transfrontali\u00e8re entre Communaut\u00e9s \u00c9nerg\u00e9tiques Renouvelables de RECROSSES, toutes les CER rencontr\u00e9es ont soulign\u00e9 l\u2019importance de cr\u00e9er un r\u00e9seau entre CER ainsi que d\u2019\u00e9changer exp\u00e9riences et bonnes pratiques.Pour suivre le r\u00e9cit de la deuxi\u00e8me \u00e9tape et des CER rencontr\u00e9es, rendez-vous sur les profils sociaux li\u00e9s \u00e0 l\u2019\u00e9v\u00e9nement, en particulier :Le compte Instagram \u201cFitfor2030bybike\u201d : Relive ; Carrousel ; Fin de l\u2019\u00e9tape ; Interview de Mauro Cornaglia d\u2019Environment Park.Le post sur le profil LinkedIn de RECROSSES :la rencontre avec la CER Canavesana ;la rencontre avec la CER San Carlo Canavese ;la rencontre avec la CER \u00c9nergie pour tous ;la rencontre avec la CER Merak.\",\"breadcrumb\":{\"@id\":\"https:\\\/\\\/recrosses.eu\\\/fr\\\/cer-tour-de-recrosses-etape-1-2\\\/#breadcrumb\"},\"inLanguage\":\"fr-FR\",\"potentialAction\":[{\"@type\":\"ReadAction\",\"target\":[\"https:\\\/\\\/recrosses.eu\\\/fr\\\/cer-tour-de-recrosses-etape-1-2\\\/\"]}]},{\"@type\":\"ImageObject\",\"inLanguage\":\"fr-FR\",\"@id\":\"https:\\\/\\\/recrosses.eu\\\/fr\\\/cer-tour-de-recrosses-etape-1-2\\\/#primaryimage\",\"url\":\"https:\\\/\\\/recrosses.eu\\\/wp-content\\\/uploads\\\/2025\\\/10\\\/CER-Tour_Tappa2.jpg\",\"contentUrl\":\"https:\\\/\\\/recrosses.eu\\\/wp-content\\\/uploads\\\/2025\\\/10\\\/CER-Tour_Tappa2.jpg\",\"width\":384,\"height\":425},{\"@type\":\"BreadcrumbList\",\"@id\":\"https:\\\/\\\/recrosses.eu\\\/fr\\\/cer-tour-de-recrosses-etape-1-2\\\/#breadcrumb\",\"itemListElement\":[{\"@type\":\"ListItem\",\"position\":1,\"name\":\"Home\",\"item\":\"https:\\\/\\\/recrosses.eu\\\/fr\\\/home\\\/\"},{\"@type\":\"ListItem\",\"position\":2,\"name\":\"CER Tour de RECROSSES: \u00c9TAPE 2!\"}]},{\"@type\":\"WebSite\",\"@id\":\"https:\\\/\\\/recrosses.eu\\\/fr\\\/#website\",\"url\":\"https:\\\/\\\/recrosses.eu\\\/fr\\\/\",\"name\":\"Recrosses\",\"description\":\"L&#039;energia che unisce - L&#039;\u00e9nergie qui unit\",\"potentialAction\":[{\"@type\":\"SearchAction\",\"target\":{\"@type\":\"EntryPoint\",\"urlTemplate\":\"https:\\\/\\\/recrosses.eu\\\/fr\\\/?s={search_term_string}\"},\"query-input\":{\"@type\":\"PropertyValueSpecification\",\"valueRequired\":true,\"valueName\":\"search_term_string\"}}],\"inLanguage\":\"fr-FR\"},{\"@type\":\"Person\",\"@id\":\"https:\\\/\\\/recrosses.eu\\\/fr\\\/#\\\/schema\\\/person\\\/2327e244e995abff4eaeb4f639000640\",\"name\":\"Chiara Bertolin\",\"image\":{\"@type\":\"ImageObject\",\"inLanguage\":\"fr-FR\",\"@id\":\"https:\\\/\\\/secure.gravatar.com\\\/avatar\\\/4789acd3dd60d7a775c67e44f6a017499f73531a758ddf33045a7e35ffafeda6?s=96&d=mm&r=g\",\"url\":\"https:\\\/\\\/secure.gravatar.com\\\/avatar\\\/4789acd3dd60d7a775c67e44f6a017499f73531a758ddf33045a7e35ffafeda6?s=96&d=mm&r=g\",\"contentUrl\":\"https:\\\/\\\/secure.gravatar.com\\\/avatar\\\/4789acd3dd60d7a775c67e44f6a017499f73531a758ddf33045a7e35ffafeda6?s=96&d=mm&r=g\",\"caption\":\"Chiara Bertolin\"},\"url\":\"https:\\\/\\\/recrosses.eu\\\/fr\\\/author\\\/chiara\\\/\"}]}<\/script>\n<!-- \/ Yoast SEO plugin. -->","yoast_head_json":{"title":"CER Tour de RECROSSES: ETAPE 2! - Recrosses","description":"La deuxi\u00e8me \u00e9tape du CER Tour se d\u00e9roule dans le territoire \u00e9poredien des 5 Lacs, longeant le Canavais \u00e0 travers ses magnifiques villages (Collaretto Giacosa, Agli\u00e8, \u2026) et la R\u00e9serve Naturelle de la Vauda.L\u2019activit\u00e9 de guichet unique (One Stop Shop) du projet Interreg France\u2013Italie ALCOTRA RECROSSES, sur le territoire entre Borgofranco d\u2019Ivrea et Turin, a permis de soutenir plusieurs Communaut\u00e9s \u00c9nerg\u00e9tiques Renouvelables (CER).Lors de la premi\u00e8re halte de cette \u00e9tape, le CER Tour a \u00e9t\u00e9 accueilli par la CER Canavesana, fond\u00e9e, avec le soutien technique d\u2019Environment Park, par les communes d\u2019Ozegna, San Giusto Canavese, Ciconio et Lusigli\u00e8. Elle a partag\u00e9 avec les CER fran\u00e7aises son parcours de cr\u00e9ation ainsi que ses objectifs \u00e0 moyen et long terme.En suivant le parcours depuis Ozegna, en longeant le Parc de la Vauda, le CER Tour a ensuite \u00e9t\u00e9 accueilli par la CER San Carlo Canavese, constitu\u00e9e en juillet 2024 \u00e0 l\u2019initiative de la Commune. Elle regroupe aujourd\u2019hui environ 40 particuliers et une dizaine de PME et d\u2019organismes publics, avec l\u2019objectif d\u2019\u00e9tendre la communaut\u00e9 \u00e0 l\u2019ensemble du Canavais.La CER Digitale est la vision qui caract\u00e9rise cette communaut\u00e9, afin d\u2019accompagner l\u2019\u00e9volution technologique des 20 prochaines ann\u00e9es en associant le num\u00e9rique \u00e0 l\u2019\u00e9nergie, \u00e0 travers plusieurs projets en cours de d\u00e9veloppement : Domotique Communautaire (Comotica), Salle de sport num\u00e9rique et Communaut\u00e9 Mobile.Le CER Tour de RECROSSES a ensuite rencontr\u00e9, au si\u00e8ge d\u2019Environment Park, la CER \u00c9nergie pour tous, n\u00e9e d\u2019un long parcours entam\u00e9 en 2021 dans la zone homog\u00e8ne du Pinerolese, province de Turin, avec la cr\u00e9ation, \u00e0 l\u2019initiative de 41 communes, de l\u2019A.T.S. Communaut\u00e9 de l\u2019\u00c9nergie du Pinerolese, puis par la suite avec l\u2019\u00e9laboration d\u2019une \u00e9tude de faisabilit\u00e9 approfondie sur le potentiel \u00e9nerg\u00e9tique du territoire. En 2023, la CER \u00c9nergie pour tous a \u00e9t\u00e9 constitu\u00e9e sous forme juridique d\u2019association.Le professeur \u00e9m\u00e9rite du Politecnico de Turin, Angelo Tartaglia, en a pr\u00e9sent\u00e9 les caract\u00e9ristiques : \u00e0 ce jour, l\u2019association compte 72 membres, avec un besoin \u00e9nerg\u00e9tique annuel total d\u2019environ 250 MWh et une puissance totale d\u2019installations photovolta\u00efques d\u2019environ 176 kWp, \u00e0 laquelle s\u2019ajouteront, dans les prochains mois, des kWp suppl\u00e9mentaires.La CER vise \u00e0 impliquer les entreprises en tant que producteurs d\u2019\u00e9nergie renouvelable capables de mobiliser des investissements et \u00e0 offrir \u00e0 un nombre croissant de citoyens-consommateurs l\u2019opportunit\u00e9 de partager une \u00e9nergie propre.La rencontre avec la CER du Consortium Merak conclut la deuxi\u00e8me \u00e9tape du CER Tour de RECROSSES.N\u00e9e en octobre 2024 de l\u2019initiative et de la collaboration de plusieurs organismes du Tiers Secteur \u00e0 but non lucratif \u2013 parmi lesquels la Coop\u00e9rative Sociale P.G. Frassati s.c.s. onlus, la Coop\u00e9rative Animazione Valdocco s.c.s. onlus, la Coop\u00e9rative Sociale P.G. Frassati de Production et de Travail s.c.s. ETS \u2013 ainsi que d\u2019autres coop\u00e9ratives et organismes du Tiers Secteur, avec 10 personnes physiques, la CER Merak est une coop\u00e9rative \u00e9galement \u00e0 but non lucratif.Les objectifs de la CER sont d\u2019ordre environnemental, \u00e9conomique et social, avec des retomb\u00e9es sur les territoires o\u00f9 sont implant\u00e9es les installations de sources d\u2019\u00e9nergie renouvelable, en aidant les personnes les plus fragiles, en promouvant les droits et en r\u00e9duisant les co\u00fbts.En signant le Protocole de Coop\u00e9ration Transfrontali\u00e8re entre Communaut\u00e9s \u00c9nerg\u00e9tiques Renouvelables de RECROSSES, toutes les CER rencontr\u00e9es ont soulign\u00e9 l\u2019importance de cr\u00e9er un r\u00e9seau entre CER ainsi que d\u2019\u00e9changer exp\u00e9riences et bonnes pratiques.Pour suivre le r\u00e9cit de la deuxi\u00e8me \u00e9tape et des CER rencontr\u00e9es, rendez-vous sur les profils sociaux li\u00e9s \u00e0 l\u2019\u00e9v\u00e9nement, en particulier :Le compte Instagram \u201cFitfor2030bybike\u201d : Relive ; Carrousel ; Fin de l\u2019\u00e9tape ; Interview de Mauro Cornaglia d\u2019Environment Park.Le post sur le profil LinkedIn de RECROSSES :la rencontre avec la CER Canavesana ;la rencontre avec la CER San Carlo Canavese ;la rencontre avec la CER \u00c9nergie pour tous ;la rencontre avec la CER Merak.","robots":{"index":"index","follow":"follow","max-snippet":"max-snippet:-1","max-image-preview":"max-image-preview:large","max-video-preview":"max-video-preview:-1"},"canonical":"https:\/\/recrosses.eu\/fr\/cer-tour-de-recrosses-etape-1-2\/","og_locale":"fr_FR","og_type":"article","og_title":"CER Tour de RECROSSES: ETAPE 2! - Recrosses","og_description":"La deuxi\u00e8me \u00e9tape du CER Tour se d\u00e9roule dans le territoire \u00e9poredien des 5 Lacs, longeant le Canavais \u00e0 travers ses magnifiques villages (Collaretto Giacosa, Agli\u00e8, \u2026) et la R\u00e9serve Naturelle de la Vauda.L\u2019activit\u00e9 de guichet unique (One Stop Shop) du projet Interreg France\u2013Italie ALCOTRA RECROSSES, sur le territoire entre Borgofranco d\u2019Ivrea et Turin, a permis de soutenir plusieurs Communaut\u00e9s \u00c9nerg\u00e9tiques Renouvelables (CER).Lors de la premi\u00e8re halte de cette \u00e9tape, le CER Tour a \u00e9t\u00e9 accueilli par la CER Canavesana, fond\u00e9e, avec le soutien technique d\u2019Environment Park, par les communes d\u2019Ozegna, San Giusto Canavese, Ciconio et Lusigli\u00e8. Elle a partag\u00e9 avec les CER fran\u00e7aises son parcours de cr\u00e9ation ainsi que ses objectifs \u00e0 moyen et long terme.En suivant le parcours depuis Ozegna, en longeant le Parc de la Vauda, le CER Tour a ensuite \u00e9t\u00e9 accueilli par la CER San Carlo Canavese, constitu\u00e9e en juillet 2024 \u00e0 l\u2019initiative de la Commune. Elle regroupe aujourd\u2019hui environ 40 particuliers et une dizaine de PME et d\u2019organismes publics, avec l\u2019objectif d\u2019\u00e9tendre la communaut\u00e9 \u00e0 l\u2019ensemble du Canavais.La CER Digitale est la vision qui caract\u00e9rise cette communaut\u00e9, afin d\u2019accompagner l\u2019\u00e9volution technologique des 20 prochaines ann\u00e9es en associant le num\u00e9rique \u00e0 l\u2019\u00e9nergie, \u00e0 travers plusieurs projets en cours de d\u00e9veloppement : Domotique Communautaire (Comotica), Salle de sport num\u00e9rique et Communaut\u00e9 Mobile.Le CER Tour de RECROSSES a ensuite rencontr\u00e9, au si\u00e8ge d\u2019Environment Park, la CER \u00c9nergie pour tous, n\u00e9e d\u2019un long parcours entam\u00e9 en 2021 dans la zone homog\u00e8ne du Pinerolese, province de Turin, avec la cr\u00e9ation, \u00e0 l\u2019initiative de 41 communes, de l\u2019A.T.S. Communaut\u00e9 de l\u2019\u00c9nergie du Pinerolese, puis par la suite avec l\u2019\u00e9laboration d\u2019une \u00e9tude de faisabilit\u00e9 approfondie sur le potentiel \u00e9nerg\u00e9tique du territoire. En 2023, la CER \u00c9nergie pour tous a \u00e9t\u00e9 constitu\u00e9e sous forme juridique d\u2019association.Le professeur \u00e9m\u00e9rite du Politecnico de Turin, Angelo Tartaglia, en a pr\u00e9sent\u00e9 les caract\u00e9ristiques : \u00e0 ce jour, l\u2019association compte 72 membres, avec un besoin \u00e9nerg\u00e9tique annuel total d\u2019environ 250 MWh et une puissance totale d\u2019installations photovolta\u00efques d\u2019environ 176 kWp, \u00e0 laquelle s\u2019ajouteront, dans les prochains mois, des kWp suppl\u00e9mentaires.La CER vise \u00e0 impliquer les entreprises en tant que producteurs d\u2019\u00e9nergie renouvelable capables de mobiliser des investissements et \u00e0 offrir \u00e0 un nombre croissant de citoyens-consommateurs l\u2019opportunit\u00e9 de partager une \u00e9nergie propre.La rencontre avec la CER du Consortium Merak conclut la deuxi\u00e8me \u00e9tape du CER Tour de RECROSSES.N\u00e9e en octobre 2024 de l\u2019initiative et de la collaboration de plusieurs organismes du Tiers Secteur \u00e0 but non lucratif \u2013 parmi lesquels la Coop\u00e9rative Sociale P.G. Frassati s.c.s. onlus, la Coop\u00e9rative Animazione Valdocco s.c.s. onlus, la Coop\u00e9rative Sociale P.G. Frassati de Production et de Travail s.c.s. ETS \u2013 ainsi que d\u2019autres coop\u00e9ratives et organismes du Tiers Secteur, avec 10 personnes physiques, la CER Merak est une coop\u00e9rative \u00e9galement \u00e0 but non lucratif.Les objectifs de la CER sont d\u2019ordre environnemental, \u00e9conomique et social, avec des retomb\u00e9es sur les territoires o\u00f9 sont implant\u00e9es les installations de sources d\u2019\u00e9nergie renouvelable, en aidant les personnes les plus fragiles, en promouvant les droits et en r\u00e9duisant les co\u00fbts.En signant le Protocole de Coop\u00e9ration Transfrontali\u00e8re entre Communaut\u00e9s \u00c9nerg\u00e9tiques Renouvelables de RECROSSES, toutes les CER rencontr\u00e9es ont soulign\u00e9 l\u2019importance de cr\u00e9er un r\u00e9seau entre CER ainsi que d\u2019\u00e9changer exp\u00e9riences et bonnes pratiques.Pour suivre le r\u00e9cit de la deuxi\u00e8me \u00e9tape et des CER rencontr\u00e9es, rendez-vous sur les profils sociaux li\u00e9s \u00e0 l\u2019\u00e9v\u00e9nement, en particulier :Le compte Instagram \u201cFitfor2030bybike\u201d : Relive ; Carrousel ; Fin de l\u2019\u00e9tape ; Interview de Mauro Cornaglia d\u2019Environment Park.Le post sur le profil LinkedIn de RECROSSES :la rencontre avec la CER Canavesana ;la rencontre avec la CER San Carlo Canavese ;la rencontre avec la CER \u00c9nergie pour tous ;la rencontre avec la CER Merak.","og_url":"https:\/\/recrosses.eu\/fr\/cer-tour-de-recrosses-etape-1-2\/","og_site_name":"Recrosses","article_published_time":"2025-10-09T08:47:09+00:00","article_modified_time":"2025-10-09T11:31:12+00:00","og_image":[{"width":384,"height":425,"url":"https:\/\/recrosses.eu\/wp-content\/uploads\/2025\/10\/CER-Tour_Tappa2.jpg","type":"image\/jpeg"}],"author":"Chiara Bertolin","twitter_card":"summary_large_image","twitter_misc":{"\u00c9crit par":"Chiara Bertolin","Dur\u00e9e de lecture estim\u00e9e":"3 minutes"},"schema":{"@context":"https:\/\/schema.org","@graph":[{"@type":"Article","@id":"https:\/\/recrosses.eu\/fr\/cer-tour-de-recrosses-etape-1-2\/#article","isPartOf":{"@id":"https:\/\/recrosses.eu\/fr\/cer-tour-de-recrosses-etape-1-2\/"},"author":{"name":"Chiara Bertolin","@id":"https:\/\/recrosses.eu\/fr\/#\/schema\/person\/2327e244e995abff4eaeb4f639000640"},"headline":"CER Tour de RECROSSES: \u00c9TAPE 2!","datePublished":"2025-10-09T08:47:09+00:00","dateModified":"2025-10-09T11:31:12+00:00","mainEntityOfPage":{"@id":"https:\/\/recrosses.eu\/fr\/cer-tour-de-recrosses-etape-1-2\/"},"wordCount":698,"commentCount":0,"image":{"@id":"https:\/\/recrosses.eu\/fr\/cer-tour-de-recrosses-etape-1-2\/#primaryimage"},"thumbnailUrl":"https:\/\/recrosses.eu\/wp-content\/uploads\/2025\/10\/CER-Tour_Tappa2.jpg","articleSection":["\u00c9V\u00c9NEMENT"],"inLanguage":"fr-FR","potentialAction":[{"@type":"CommentAction","name":"Comment","target":["https:\/\/recrosses.eu\/fr\/cer-tour-de-recrosses-etape-1-2\/#respond"]}]},{"@type":"WebPage","@id":"https:\/\/recrosses.eu\/fr\/cer-tour-de-recrosses-etape-1-2\/","url":"https:\/\/recrosses.eu\/fr\/cer-tour-de-recrosses-etape-1-2\/","name":"CER Tour de RECROSSES: ETAPE 2! - Recrosses","isPartOf":{"@id":"https:\/\/recrosses.eu\/fr\/#website"},"primaryImageOfPage":{"@id":"https:\/\/recrosses.eu\/fr\/cer-tour-de-recrosses-etape-1-2\/#primaryimage"},"image":{"@id":"https:\/\/recrosses.eu\/fr\/cer-tour-de-recrosses-etape-1-2\/#primaryimage"},"thumbnailUrl":"https:\/\/recrosses.eu\/wp-content\/uploads\/2025\/10\/CER-Tour_Tappa2.jpg","datePublished":"2025-10-09T08:47:09+00:00","dateModified":"2025-10-09T11:31:12+00:00","author":{"@id":"https:\/\/recrosses.eu\/fr\/#\/schema\/person\/2327e244e995abff4eaeb4f639000640"},"description":"La deuxi\u00e8me \u00e9tape du CER Tour se d\u00e9roule dans le territoire \u00e9poredien des 5 Lacs, longeant le Canavais \u00e0 travers ses magnifiques villages (Collaretto Giacosa, Agli\u00e8, \u2026) et la R\u00e9serve Naturelle de la Vauda.L\u2019activit\u00e9 de guichet unique (One Stop Shop) du projet Interreg France\u2013Italie ALCOTRA RECROSSES, sur le territoire entre Borgofranco d\u2019Ivrea et Turin, a permis de soutenir plusieurs Communaut\u00e9s \u00c9nerg\u00e9tiques Renouvelables (CER).Lors de la premi\u00e8re halte de cette \u00e9tape, le CER Tour a \u00e9t\u00e9 accueilli par la CER Canavesana, fond\u00e9e, avec le soutien technique d\u2019Environment Park, par les communes d\u2019Ozegna, San Giusto Canavese, Ciconio et Lusigli\u00e8. Elle a partag\u00e9 avec les CER fran\u00e7aises son parcours de cr\u00e9ation ainsi que ses objectifs \u00e0 moyen et long terme.En suivant le parcours depuis Ozegna, en longeant le Parc de la Vauda, le CER Tour a ensuite \u00e9t\u00e9 accueilli par la CER San Carlo Canavese, constitu\u00e9e en juillet 2024 \u00e0 l\u2019initiative de la Commune. Elle regroupe aujourd\u2019hui environ 40 particuliers et une dizaine de PME et d\u2019organismes publics, avec l\u2019objectif d\u2019\u00e9tendre la communaut\u00e9 \u00e0 l\u2019ensemble du Canavais.La CER Digitale est la vision qui caract\u00e9rise cette communaut\u00e9, afin d\u2019accompagner l\u2019\u00e9volution technologique des 20 prochaines ann\u00e9es en associant le num\u00e9rique \u00e0 l\u2019\u00e9nergie, \u00e0 travers plusieurs projets en cours de d\u00e9veloppement : Domotique Communautaire (Comotica), Salle de sport num\u00e9rique et Communaut\u00e9 Mobile.Le CER Tour de RECROSSES a ensuite rencontr\u00e9, au si\u00e8ge d\u2019Environment Park, la CER \u00c9nergie pour tous, n\u00e9e d\u2019un long parcours entam\u00e9 en 2021 dans la zone homog\u00e8ne du Pinerolese, province de Turin, avec la cr\u00e9ation, \u00e0 l\u2019initiative de 41 communes, de l\u2019A.T.S. Communaut\u00e9 de l\u2019\u00c9nergie du Pinerolese, puis par la suite avec l\u2019\u00e9laboration d\u2019une \u00e9tude de faisabilit\u00e9 approfondie sur le potentiel \u00e9nerg\u00e9tique du territoire. En 2023, la CER \u00c9nergie pour tous a \u00e9t\u00e9 constitu\u00e9e sous forme juridique d\u2019association.Le professeur \u00e9m\u00e9rite du Politecnico de Turin, Angelo Tartaglia, en a pr\u00e9sent\u00e9 les caract\u00e9ristiques : \u00e0 ce jour, l\u2019association compte 72 membres, avec un besoin \u00e9nerg\u00e9tique annuel total d\u2019environ 250 MWh et une puissance totale d\u2019installations photovolta\u00efques d\u2019environ 176 kWp, \u00e0 laquelle s\u2019ajouteront, dans les prochains mois, des kWp suppl\u00e9mentaires.La CER vise \u00e0 impliquer les entreprises en tant que producteurs d\u2019\u00e9nergie renouvelable capables de mobiliser des investissements et \u00e0 offrir \u00e0 un nombre croissant de citoyens-consommateurs l\u2019opportunit\u00e9 de partager une \u00e9nergie propre.La rencontre avec la CER du Consortium Merak conclut la deuxi\u00e8me \u00e9tape du CER Tour de RECROSSES.N\u00e9e en octobre 2024 de l\u2019initiative et de la collaboration de plusieurs organismes du Tiers Secteur \u00e0 but non lucratif \u2013 parmi lesquels la Coop\u00e9rative Sociale P.G. Frassati s.c.s. onlus, la Coop\u00e9rative Animazione Valdocco s.c.s. onlus, la Coop\u00e9rative Sociale P.G. Frassati de Production et de Travail s.c.s. ETS \u2013 ainsi que d\u2019autres coop\u00e9ratives et organismes du Tiers Secteur, avec 10 personnes physiques, la CER Merak est une coop\u00e9rative \u00e9galement \u00e0 but non lucratif.Les objectifs de la CER sont d\u2019ordre environnemental, \u00e9conomique et social, avec des retomb\u00e9es sur les territoires o\u00f9 sont implant\u00e9es les installations de sources d\u2019\u00e9nergie renouvelable, en aidant les personnes les plus fragiles, en promouvant les droits et en r\u00e9duisant les co\u00fbts.En signant le Protocole de Coop\u00e9ration Transfrontali\u00e8re entre Communaut\u00e9s \u00c9nerg\u00e9tiques Renouvelables de RECROSSES, toutes les CER rencontr\u00e9es ont soulign\u00e9 l\u2019importance de cr\u00e9er un r\u00e9seau entre CER ainsi que d\u2019\u00e9changer exp\u00e9riences et bonnes pratiques.Pour suivre le r\u00e9cit de la deuxi\u00e8me \u00e9tape et des CER rencontr\u00e9es, rendez-vous sur les profils sociaux li\u00e9s \u00e0 l\u2019\u00e9v\u00e9nement, en particulier :Le compte Instagram \u201cFitfor2030bybike\u201d : Relive ; Carrousel ; Fin de l\u2019\u00e9tape ; Interview de Mauro Cornaglia d\u2019Environment Park.Le post sur le profil LinkedIn de RECROSSES :la rencontre avec la CER Canavesana ;la rencontre avec la CER San Carlo Canavese ;la rencontre avec la CER \u00c9nergie pour tous ;la rencontre avec la CER Merak.","breadcrumb":{"@id":"https:\/\/recrosses.eu\/fr\/cer-tour-de-recrosses-etape-1-2\/#breadcrumb"},"inLanguage":"fr-FR","potentialAction":[{"@type":"ReadAction","target":["https:\/\/recrosses.eu\/fr\/cer-tour-de-recrosses-etape-1-2\/"]}]},{"@type":"ImageObject","inLanguage":"fr-FR","@id":"https:\/\/recrosses.eu\/fr\/cer-tour-de-recrosses-etape-1-2\/#primaryimage","url":"https:\/\/recrosses.eu\/wp-content\/uploads\/2025\/10\/CER-Tour_Tappa2.jpg","contentUrl":"https:\/\/recrosses.eu\/wp-content\/uploads\/2025\/10\/CER-Tour_Tappa2.jpg","width":384,"height":425},{"@type":"BreadcrumbList","@id":"https:\/\/recrosses.eu\/fr\/cer-tour-de-recrosses-etape-1-2\/#breadcrumb","itemListElement":[{"@type":"ListItem","position":1,"name":"Home","item":"https:\/\/recrosses.eu\/fr\/home\/"},{"@type":"ListItem","position":2,"name":"CER Tour de RECROSSES: \u00c9TAPE 2!"}]},{"@type":"WebSite","@id":"https:\/\/recrosses.eu\/fr\/#website","url":"https:\/\/recrosses.eu\/fr\/","name":"Recrosses","description":"L&#039;energia che unisce - L&#039;\u00e9nergie qui unit","potentialAction":[{"@type":"SearchAction","target":{"@type":"EntryPoint","urlTemplate":"https:\/\/recrosses.eu\/fr\/?s={search_term_string}"},"query-input":{"@type":"PropertyValueSpecification","valueRequired":true,"valueName":"search_term_string"}}],"inLanguage":"fr-FR"},{"@type":"Person","@id":"https:\/\/recrosses.eu\/fr\/#\/schema\/person\/2327e244e995abff4eaeb4f639000640","name":"Chiara Bertolin","image":{"@type":"ImageObject","inLanguage":"fr-FR","@id":"https:\/\/secure.gravatar.com\/avatar\/4789acd3dd60d7a775c67e44f6a017499f73531a758ddf33045a7e35ffafeda6?s=96&d=mm&r=g","url":"https:\/\/secure.gravatar.com\/avatar\/4789acd3dd60d7a775c67e44f6a017499f73531a758ddf33045a7e35ffafeda6?s=96&d=mm&r=g","contentUrl":"https:\/\/secure.gravatar.com\/avatar\/4789acd3dd60d7a775c67e44f6a017499f73531a758ddf33045a7e35ffafeda6?s=96&d=mm&r=g","caption":"Chiara Bertolin"},"url":"https:\/\/recrosses.eu\/fr\/author\/chiara\/"}]}},"_links":{"self":[{"href":"https:\/\/recrosses.eu\/fr\/wp-json\/wp\/v2\/posts\/1413","targetHints":{"allow":["GET"]}}],"collection":[{"href":"https:\/\/recrosses.eu\/fr\/wp-json\/wp\/v2\/posts"}],"about":[{"href":"https:\/\/recrosses.eu\/fr\/wp-json\/wp\/v2\/types\/post"}],"author":[{"embeddable":true,"href":"https:\/\/recrosses.eu\/fr\/wp-json\/wp\/v2\/users\/4"}],"replies":[{"embeddable":true,"href":"https:\/\/recrosses.eu\/fr\/wp-json\/wp\/v2\/comments?post=1413"}],"version-history":[{"count":3,"href":"https:\/\/recrosses.eu\/fr\/wp-json\/wp\/v2\/posts\/1413\/revisions"}],"predecessor-version":[{"id":1455,"href":"https:\/\/recrosses.eu\/fr\/wp-json\/wp\/v2\/posts\/1413\/revisions\/1455"}],"wp:featuredmedia":[{"embeddable":true,"href":"https:\/\/recrosses.eu\/fr\/wp-json\/wp\/v2\/media\/1418"}],"wp:attachment":[{"href":"https:\/\/recrosses.eu\/fr\/wp-json\/wp\/v2\/media?parent=1413"}],"wp:term":[{"taxonomy":"category","embeddable":true,"href":"https:\/\/recrosses.eu\/fr\/wp-json\/wp\/v2\/categories?post=1413"},{"taxonomy":"post_tag","embeddable":true,"href":"https:\/\/recrosses.eu\/fr\/wp-json\/wp\/v2\/tags?post=1413"}],"curies":[{"name":"wp","href":"https:\/\/api.w.org\/{rel}","templated":true}]}}