{"id":1429,"date":"2025-10-09T11:17:58","date_gmt":"2025-10-09T10:17:58","guid":{"rendered":"https:\/\/recrosses.eu\/?p=1429"},"modified":"2025-10-09T11:17:58","modified_gmt":"2025-10-09T10:17:58","slug":"cer-tour-de-recrosses-etape-1-4","status":"publish","type":"post","link":"https:\/\/recrosses.eu\/fr\/cer-tour-de-recrosses-etape-1-4\/","title":{"rendered":"CER Tour de RECROSSES: ETAPE 1!"},"content":{"rendered":"\n<p class=\"wp-block-paragraph\">Il Percorso della terza tappa del CER Tour \u00e8 dedicato alla visita delle CER presenti nel territorio Metropolitano di Torino. Con partenza da <a href=\"https:\/\/www.linkedin.com\/company\/environment-park\/\">Environment Park<\/a> e dopo una breve tappa presso la chiesa diocesana del Santo Volto l&rsquo;itinerario si svilupper\u00e0 interamente su piste ciclabili che si snodano lungo il parco del PO-Sangone dal Meisino fino alla Cascina della Vallere.<br\/><br\/>L\u2019attivit\u00e0 di One Stop Shop del progetto RECROSSES, nell\u2019Area Metropolitana di Torino ha fornito supporto a CER di diversa natura e finalit\u00e0: questa tappa, iniziata sotto la pioggia, ha visto un numero record di incontri con le Comunit\u00e0 Energetiche di RECROSSES e di partecipanti.<\/p>\n\n<p class=\"wp-block-paragraph\">Nel suggestivo complesso architettonico della Chiesa del Santo Volto il primo appuntamento \u00e8 con la <strong><a href=\"https:\/\/www.diocesi.torino.it\/site\/costituita-la-fondazione-diocesana-per-lo-sviluppo-delle-comunita-energetiche-rinnovabili\/\">CER ENERGIE DI COMUNITA&rsquo; ETS<\/a><\/strong>, costituita il 3 dicembre 2024 dall&rsquo;Arcidiocesi di Torino.<br\/>La CER \u00e8 operativa nei territori della diocesi stessa e di altre diocesi piemontesi con l\u2019obiettivo di favorire l&rsquo;assunzione di responsabilit\u00e0 da parte dei cristiani (e non solo) per l&rsquo;ecologia integrale realizzando quanto indicato da Papa Francesco nella sua enciclica \u201cLaudato Si&rsquo;\u201d. Ad oggi, la Comunit\u00e0 Energetica ha gi\u00e0 attivato 4 configurazioni in cui i 60 attuali membri possono scambiarsi energia rinnovabile.<\/p>\n\n<p class=\"wp-block-paragraph\">Il CER Tour raggiunge poi Porta Palazzo, presso lo Spazio di Community Land Trust di corso Giulio Cesare, per conoscere la <strong><a href=\"https:\/\/www.fondazioneportapalazzo.org\/comunita-energetiche-rinnovabili-solidali\/\">CER solidale ENERGIE DI QUARTIERE<\/a><\/strong>, nata nei quartieri di Aurora e Barriera di Milano.<br\/>In un territorio segnato da povert\u00e0 energetica, disuguaglianze e fragilit\u00e0 economiche, ma anche da una ricchezza di associazioni e iniziative sociali, l\u2019idea \u00e8 quella di produrre insieme energia da fonti rinnovabili, condividerla e trasformarla in un bene comune capace di alleggerire le bollette e allo stesso tempo rafforzare i legami di comunit\u00e0.<br\/>Grazie al coinvolgimento di Fondazione Terreno Comune, Via Baltea, ASAI e della Fondazione di Comunit\u00e0 Porta Palazzo, il progetto ha preso forma giuridica come associazione e ha gi\u00e0 attivato i primi impianti fotovoltaici su tetti sociali e spazi collettivi. L\u2019energia prodotta viene condivisa tra i membri e gli incentivi economici vengono interamente reinvestiti in un fondo comunitario, destinato a sostenere famiglie vulnerabili e ad avviare nuove azioni collettive di risparmio.<\/p>\n\n<p class=\"wp-block-paragraph\">Lo Spazio di Community Land Trust ospita anche la <a href=\"https:\/\/www.cersinergie.it\/\">CER SINERGIE<\/a>, costituita a novembre 2024 per promuovere una transizione energetica equa, inclusiva e partecipativa.<br\/>Fondata da Pro Natura Torino, Legambiente Metropolitano, ACMOS, Giustizia Climatica Ora! e Fondazione Benvenuti in Italia \u2013 ha l\u2019obiettivo di aiutare i cittadini, le piccole imprese, le autorit\u00e0 locali e le associazioni ad accedere ai vantaggi delle energie rinnovabili.<br\/>Sono presenti configurazioni nei comuni di Torino, San Giorgio Canavese, Ciri\u00e8, Oulx e Verbania, con impianti fotovoltaici operativi e in fase di progettazione. I 12 impianti in fase di realizzazione hanno una potenza di 80 kW. Al momento i membri sono 35, di cui 30 cittadini e 5 organizzazioni no profit.<br\/>CER SINERGIE offre una gestione centralizzata, supporto tecnico e servizi collettivi, preservando al contempo l&rsquo;autonomia locale. Il suo modello di governance garantisce l&rsquo;efficienza amministrativa a livello regionale e l&rsquo;autogestione a livello locale, con configurazioni di condivisione energetica su misura per le esigenze della comunit\u00e0.<br\/><\/p>\n\n<p class=\"wp-block-paragraph\">Il CER Tour fa, in seguito, tappa a CASA OZ, dove <a href=\"https:\/\/www.linkedin.com\/company\/fondazioneoz\/\">FondazioneOz ETS<\/a> ha attivato un importante progetto per unire al concetto di \u00ab\u00a0quotidianit\u00e0 che cura\u00a0\u00bb i principi di sostenibilit\u00e0 e tutela dell&rsquo;ambiente.<br\/>In collaborazione con <a href=\"https:\/\/www.linkedin.com\/company\/fondazione-eos\/\">Fondazione EOS<\/a>, infatti, \u00e8 in fase di studio la realizzazione di una Comunit\u00e0 Energetica Rinnovabile nell&rsquo;ambito della riqualificazione del Molino di Cavoretto. La CER consentirebbe non solo di ottenere una riduzione importante dei costi energetici delle strutture collegate alla stessa, ma anche di poter re-investire gli incentivi in progetti a sostegno delle attivit\u00e0 di Casa OZ.<\/p>\n\n<p class=\"wp-block-paragraph\">Il percorso della terza tappa del CER Tour di <a href=\"https:\/\/www.linkedin.com\/company\/alcotra-recrosses\/\">RECROSSES<\/a> si conclude al Parco delle Vallere nel <a href=\"https:\/\/www.linkedin.com\/company\/comune-di-moncalieri\/\">Comune di Moncalieri<\/a>.<br\/>La sede del Parco ha rappresentato un crocevia di due iniziative che promuovono la sostenibilit\u00e0 attraverso l&rsquo;uso della bicicletta: il CER Tour di <a href=\"https:\/\/www.linkedin.com\/company\/alcotra-recrosses\/\">RECROSSES<\/a> ha incontrato, infatti, MoPedala che, all&rsquo;interno della\u00a0Settimana della Mobilit\u00e0 Sostenibile, ha organizzato tre percorsi per promuovere l\u2019uso della bicicletta con partenza dalla Cascina del Parco delle Vallere.<br\/>In questa tappa il CER Tour ha incontrato CER MN, nata a febbraio 2024 dall&rsquo;iniziativa di alcuni cittadini residenti nei comuni di Moncalieri e Nichelino e come risultato delle attivit\u00e0 del comitato \u201cAttiva-CER\u201d. CER MN basa il proprio operato su alcuni principi fondamentali: senso di comunit\u00e0, coinvolgimento dei cittadini, condivisione delle energie rinnovabili, riduzione delle emissioni di CO2, consapevolezza dei cambiamenti climatici, coesione territoriale, collaborazione tra i membri, riduzione dei costi energetici e lotta alla povert\u00e0 energetica.<br\/>La CER \u00e8 attualmente operativa su territori di 15 comuni dell&rsquo;hinterland torinese e ha coinvolto il sindacato CGIL con un impianto fotovoltaico da 76 kW.<br\/><br\/>Le CER incontrate in questa giornata hanno fatto emergere il ruolo fondamentale delle Comunit\u00e0 Energetiche nello stimolare le comunit\u00e0 locali a un impegno concreto nella transizione energetica e hanno firmato \ud83d\udd8a\ufe0f il Protocollo di Cooperazione Transfrontaliera tra Comunit\u00e0 Energetiche Rinnovabili di <a href=\"https:\/\/www.linkedin.com\/company\/alcotra-recrosses\/\">RECROSSES<\/a>.<\/p>\n\n<p class=\"wp-block-paragraph\">Per <strong>seguire il racconto della TAPPA 3 e delle CER incontrate<\/strong> visita i profili social connessi all&rsquo;evento, in particolare:<\/p>\n\n<ul class=\"wp-block-list\">\n<li>le r\u00e9seau Instagram \u00ab\u00a0<a href=\"https:\/\/www.instagram.com\/fitfor2030bybike\/\">Fitfor2030bybike<\/a>\u00ab\u00a0: \n<ul class=\"wp-block-list\">\n<li><a href=\"https:\/\/www.instagram.com\/reel\/DO9RcVsjDoe\/?utm_source=ig_web_copy_link&amp;igsh=MzRlODBiNWFlZA==\">Preparazione della terza tappa<\/a>;<\/li>\n\n\n\n<li><a href=\"https:\/\/www.instagram.com\/p\/DO81_8RjKYg\/\">Relive<\/a>;<\/li>\n\n\n\n<li><a href=\"https:\/\/www.instagram.com\/p\/DO8RgN8jHSn\/?utm_source=ig_web_copy_link&amp;igsh=MzRlODBiNWFlZA==\">Carosello<\/a>;<\/li>\n\n\n\n<li><a href=\"https:\/\/www.instagram.com\/reel\/DO9DJGmjEWz\/?utm_source=ig_web_copy_link&amp;igsh=MzRlODBiNWFlZA==\">Intervista a Stefano Dotta<\/a> di Environment Park;<\/li>\n<\/ul>\n<\/li>\n\n\n\n<li>Le post sur le <a href=\"https:\/\/www.linkedin.com\/company\/alcotra-recrosses\">profil LinkedIn<\/a> de RECROSSES:\n<ul class=\"wp-block-list\">\n<li>la <a href=\"https:\/\/www.linkedin.com\/feed\/update\/urn:li:activity:7376510856831979520\">descrizione della tappa 3<\/a>;<\/li>\n\n\n\n<li>l&rsquo;<a href=\"https:\/\/www.linkedin.com\/feed\/update\/urn:li:activity:7376521605373423617\">incontro con la CER Energie di Comunit\u00e0 ETS<\/a>;<\/li>\n\n\n\n<li>l&rsquo;<a href=\"https:\/\/www.linkedin.com\/feed\/update\/urn:li:activity:7376555532914077696\">incontro con la CER Energie di Quartiere<\/a>;<\/li>\n\n\n\n<li>l&rsquo;<a href=\"https:\/\/www.linkedin.com\/feed\/update\/urn:li:activity:7376561272106090496\">incontro con la CER Sinergie<\/a>;<\/li>\n\n\n\n<li>l&rsquo;<a href=\"https:\/\/www.linkedin.com\/feed\/update\/urn:li:activity:7376600251798896640\">incontro con CasaOZ e Fondazione EOS<\/a>;<\/li>\n\n\n\n<li>l&rsquo;<a href=\"https:\/\/www.linkedin.com\/feed\/update\/urn:li:activity:7376624785700696084\">incontro con CER MN<\/a>.<br\/><br\/><\/li>\n<\/ul>\n<\/li>\n<\/ul>\n\n<figure class=\"wp-block-gallery has-nested-images columns-default is-cropped wp-block-gallery-1 is-layout-flex wp-block-gallery-is-layout-flex\">\n<figure class=\"wp-block-image size-large\"><img fetchpriority=\"high\" decoding=\"async\" width=\"819\" height=\"1024\" data-src=\"https:\/\/recrosses.eu\/wp-content\/uploads\/2025\/10\/CER-tour_locandina_IG_Tappa3-819x1024.jpg\" data-id=\"1423\" src=\"data:image\/gif;base64,R0lGODlhAQABAIAAAAAAAP\/\/\/yH5BAEAAAAALAAAAAABAAEAAAIBRAA7\" alt=\"\" class=\"wp-image-1423 lazyload\"\/><noscript><img decoding=\"async\" width=\"819\" height=\"1024\" data-id=\"1423\" src=\"https:\/\/recrosses.eu\/wp-content\/uploads\/2025\/10\/CER-tour_locandina_IG_Tappa3-819x1024.jpg\" alt=\"\" class=\"wp-image-1423\" srcset=\"https:\/\/recrosses.eu\/wp-content\/uploads\/2025\/10\/CER-tour_locandina_IG_Tappa3-819x1024.jpg 819w, https:\/\/recrosses.eu\/wp-content\/uploads\/2025\/10\/CER-tour_locandina_IG_Tappa3-240x300.jpg 240w, https:\/\/recrosses.eu\/wp-content\/uploads\/2025\/10\/CER-tour_locandina_IG_Tappa3-768x960.jpg 768w, https:\/\/recrosses.eu\/wp-content\/uploads\/2025\/10\/CER-tour_locandina_IG_Tappa3-1229x1536.jpg 1229w, https:\/\/recrosses.eu\/wp-content\/uploads\/2025\/10\/CER-tour_locandina_IG_Tappa3-1638x2048.jpg 1638w, https:\/\/recrosses.eu\/wp-content\/uploads\/2025\/10\/CER-tour_locandina_IG_Tappa3-scaled.jpg 2048w\" sizes=\"(max-width: 819px) 100vw, 819px\" \/><\/noscript><\/figure>\n<\/figure>\n","protected":false},"excerpt":{"rendered":"<p>Il Percorso della terza tappa del CER Tour \u00e8 dedicato alla visita delle CER presenti nel territorio Metropolitano di Torino. Con partenza da Environment Park e dopo una breve tappa presso la chiesa diocesana del Santo Volto l&rsquo;itinerario si svilupper\u00e0 interamente su piste ciclabili che si snodano lungo il parco del PO-Sangone dal Meisino fino [&hellip;]<\/p>\n","protected":false},"author":4,"featured_media":1435,"comment_status":"open","ping_status":"open","sticky":false,"template":"","format":"standard","meta":{"_acf_changed":false,"footnotes":""},"categories":[26],"tags":[],"class_list":["post-1429","post","type-post","status-publish","format-standard","has-post-thumbnail","hentry","category-evenement-fr"],"acf":[],"yoast_head":"<!-- This site is optimized with the Yoast SEO plugin v28.3 - https:\/\/yoast.com\/product\/yoast-seo-wordpress\/ -->\n<title>CER Tour de RECROSSES: ETAPE 1! - Recrosses<\/title>\n<meta name=\"description\" content=\"Notre parcours cycliste avec les Communaut\u00e9s \u00c9nerg\u00e9tiques Renouvelables sur les territoires Interreg France\u2013Italie ALCOTRA de la Vall\u00e9e d\u2019Aoste, des provinces de Turin et de Cuneo en Pi\u00e9mont, jusqu\u2019\u00e0 Nice, dans les Alpes-Maritimes, est sur la ligne de d\u00e9part. Alle ore 9.00 di sabato 20 settembre il CER Tour parte da Aosta dalla sede del partner FinAosta S.p.A. per raggiungere la pista ciclabile che attraversa il fondovalle, seguendo il corso del fiume Dora Baltea tra i castelli medievali incorniciati dal paesaggio montuoso delle Alpi per giungere nel territorio di Borgofranco e dei 5 laghi ai piedi della Serra Morenica.Parteciperanno alla tappa le CER francesi: Centrales villageoises Energicimes, Centrales villageoises Perle, Centrales villageoises Le Solaret, Centrales villageoises R\u00e9gion du Condrieu, la CER valdostana Energ-\u00e9thique e quella eporediese CER Dora 5 Laghi.RECROSSES, nel territorio valdostano, supporta, attraverso Finaosta S.p.A. con il servizio COA energia (braccio operativo dell\u2019Assessorato Sviluppo economico, Formazione e Lavoro, Trasporti e Mobilit\u00e0 sostenibile della Regione Autonoma Valle d&#039;Aosta) tutti gli attori coinvolti (in particolare Enti locali e privati) collaborando all\u2019attivit\u00e0 legislativa a scala regionale a supporto della costituzione delle CER e fornendo consulenze tecniche, in particolare relative agli aspetti giuridici e tecnici e agli incentivi.Diversi eventi realizzati sul territorio hanno visto il coinvolgimento e la partecipazione di CER regionali in fase di costituzione o gi\u00e0 costituite al fine di favorire momenti di formazione, confronto e scambio di buone pratiche.In territorio eporediese, la CER Dora 5 Laghi, organizzatrice dell&#039;evento finale della prima tappa si \u00e8 avvalsa, per la sua costituzione, del supporto del progetto RECROSSES, attraverso Environment Park, in particolare nello studio di fattibilit\u00e0 tecnico economico della configurazione di CER realizzabile.\" \/>\n<meta name=\"robots\" content=\"index, follow, max-snippet:-1, max-image-preview:large, max-video-preview:-1\" \/>\n<link rel=\"canonical\" href=\"https:\/\/recrosses.eu\/fr\/cer-tour-de-recrosses-etape-1-4\/\" \/>\n<meta property=\"og:locale\" content=\"fr_FR\" \/>\n<meta property=\"og:type\" content=\"article\" \/>\n<meta property=\"og:title\" content=\"CER Tour de RECROSSES: ETAPE 1! - Recrosses\" \/>\n<meta property=\"og:description\" content=\"Notre parcours cycliste avec les Communaut\u00e9s \u00c9nerg\u00e9tiques Renouvelables sur les territoires Interreg France\u2013Italie ALCOTRA de la Vall\u00e9e d\u2019Aoste, des provinces de Turin et de Cuneo en Pi\u00e9mont, jusqu\u2019\u00e0 Nice, dans les Alpes-Maritimes, est sur la ligne de d\u00e9part. Alle ore 9.00 di sabato 20 settembre il CER Tour parte da Aosta dalla sede del partner FinAosta S.p.A. per raggiungere la pista ciclabile che attraversa il fondovalle, seguendo il corso del fiume Dora Baltea tra i castelli medievali incorniciati dal paesaggio montuoso delle Alpi per giungere nel territorio di Borgofranco e dei 5 laghi ai piedi della Serra Morenica.Parteciperanno alla tappa le CER francesi: Centrales villageoises Energicimes, Centrales villageoises Perle, Centrales villageoises Le Solaret, Centrales villageoises R\u00e9gion du Condrieu, la CER valdostana Energ-\u00e9thique e quella eporediese CER Dora 5 Laghi.RECROSSES, nel territorio valdostano, supporta, attraverso Finaosta S.p.A. con il servizio COA energia (braccio operativo dell\u2019Assessorato Sviluppo economico, Formazione e Lavoro, Trasporti e Mobilit\u00e0 sostenibile della Regione Autonoma Valle d&#039;Aosta) tutti gli attori coinvolti (in particolare Enti locali e privati) collaborando all\u2019attivit\u00e0 legislativa a scala regionale a supporto della costituzione delle CER e fornendo consulenze tecniche, in particolare relative agli aspetti giuridici e tecnici e agli incentivi.Diversi eventi realizzati sul territorio hanno visto il coinvolgimento e la partecipazione di CER regionali in fase di costituzione o gi\u00e0 costituite al fine di favorire momenti di formazione, confronto e scambio di buone pratiche.In territorio eporediese, la CER Dora 5 Laghi, organizzatrice dell&#039;evento finale della prima tappa si \u00e8 avvalsa, per la sua costituzione, del supporto del progetto RECROSSES, attraverso Environment Park, in particolare nello studio di fattibilit\u00e0 tecnico economico della configurazione di CER realizzabile.\" \/>\n<meta property=\"og:url\" content=\"https:\/\/recrosses.eu\/fr\/cer-tour-de-recrosses-etape-1-4\/\" \/>\n<meta property=\"og:site_name\" content=\"Recrosses\" \/>\n<meta property=\"article:published_time\" content=\"2025-10-09T10:17:58+00:00\" \/>\n<meta property=\"og:image\" content=\"https:\/\/recrosses.eu\/wp-content\/uploads\/2025\/10\/CER-Tour_Tappa3.jpg\" \/>\n\t<meta property=\"og:image:width\" content=\"384\" \/>\n\t<meta property=\"og:image:height\" content=\"425\" \/>\n\t<meta property=\"og:image:type\" content=\"image\/jpeg\" \/>\n<meta name=\"author\" content=\"Chiara Bertolin\" \/>\n<meta name=\"twitter:card\" content=\"summary_large_image\" \/>\n<meta name=\"twitter:label1\" content=\"\u00c9crit par\" \/>\n\t<meta name=\"twitter:data1\" content=\"Chiara Bertolin\" \/>\n\t<meta name=\"twitter:label2\" content=\"Dur\u00e9e de lecture estim\u00e9e\" \/>\n\t<meta name=\"twitter:data2\" content=\"4 minutes\" \/>\n<script type=\"application\/ld+json\" class=\"yoast-schema-graph\">{\"@context\":\"https:\\\/\\\/schema.org\",\"@graph\":[{\"@type\":\"Article\",\"@id\":\"https:\\\/\\\/recrosses.eu\\\/fr\\\/cer-tour-de-recrosses-etape-1-4\\\/#article\",\"isPartOf\":{\"@id\":\"https:\\\/\\\/recrosses.eu\\\/fr\\\/cer-tour-de-recrosses-etape-1-4\\\/\"},\"author\":{\"name\":\"Chiara Bertolin\",\"@id\":\"https:\\\/\\\/recrosses.eu\\\/fr\\\/#\\\/schema\\\/person\\\/2327e244e995abff4eaeb4f639000640\"},\"headline\":\"CER Tour de RECROSSES: ETAPE 1!\",\"datePublished\":\"2025-10-09T10:17:58+00:00\",\"mainEntityOfPage\":{\"@id\":\"https:\\\/\\\/recrosses.eu\\\/fr\\\/cer-tour-de-recrosses-etape-1-4\\\/\"},\"wordCount\":905,\"commentCount\":0,\"image\":{\"@id\":\"https:\\\/\\\/recrosses.eu\\\/fr\\\/cer-tour-de-recrosses-etape-1-4\\\/#primaryimage\"},\"thumbnailUrl\":\"https:\\\/\\\/recrosses.eu\\\/wp-content\\\/uploads\\\/2025\\\/10\\\/CER-Tour_Tappa4.jpg\",\"articleSection\":[\"\u00c9V\u00c9NEMENT\"],\"inLanguage\":\"fr-FR\",\"potentialAction\":[{\"@type\":\"CommentAction\",\"name\":\"Comment\",\"target\":[\"https:\\\/\\\/recrosses.eu\\\/fr\\\/cer-tour-de-recrosses-etape-1-4\\\/#respond\"]}]},{\"@type\":\"WebPage\",\"@id\":\"https:\\\/\\\/recrosses.eu\\\/fr\\\/cer-tour-de-recrosses-etape-1-4\\\/\",\"url\":\"https:\\\/\\\/recrosses.eu\\\/fr\\\/cer-tour-de-recrosses-etape-1-4\\\/\",\"name\":\"CER Tour de RECROSSES: ETAPE 1! - Recrosses\",\"isPartOf\":{\"@id\":\"https:\\\/\\\/recrosses.eu\\\/fr\\\/#website\"},\"primaryImageOfPage\":{\"@id\":\"https:\\\/\\\/recrosses.eu\\\/fr\\\/cer-tour-de-recrosses-etape-1-4\\\/#primaryimage\"},\"image\":{\"@id\":\"https:\\\/\\\/recrosses.eu\\\/fr\\\/cer-tour-de-recrosses-etape-1-4\\\/#primaryimage\"},\"thumbnailUrl\":\"https:\\\/\\\/recrosses.eu\\\/wp-content\\\/uploads\\\/2025\\\/10\\\/CER-Tour_Tappa4.jpg\",\"datePublished\":\"2025-10-09T10:17:58+00:00\",\"author\":{\"@id\":\"https:\\\/\\\/recrosses.eu\\\/fr\\\/#\\\/schema\\\/person\\\/2327e244e995abff4eaeb4f639000640\"},\"description\":\"Notre parcours cycliste avec les Communaut\u00e9s \u00c9nerg\u00e9tiques Renouvelables sur les territoires Interreg France\u2013Italie ALCOTRA de la Vall\u00e9e d\u2019Aoste, des provinces de Turin et de Cuneo en Pi\u00e9mont, jusqu\u2019\u00e0 Nice, dans les Alpes-Maritimes, est sur la ligne de d\u00e9part. Alle ore 9.00 di sabato 20 settembre il CER Tour parte da Aosta dalla sede del partner FinAosta S.p.A. per raggiungere la pista ciclabile che attraversa il fondovalle, seguendo il corso del fiume Dora Baltea tra i castelli medievali incorniciati dal paesaggio montuoso delle Alpi per giungere nel territorio di Borgofranco e dei 5 laghi ai piedi della Serra Morenica.Parteciperanno alla tappa le CER francesi: Centrales villageoises Energicimes, Centrales villageoises Perle, Centrales villageoises Le Solaret, Centrales villageoises R\u00e9gion du Condrieu, la CER valdostana Energ-\u00e9thique e quella eporediese CER Dora 5 Laghi.RECROSSES, nel territorio valdostano, supporta, attraverso Finaosta S.p.A. con il servizio COA energia (braccio operativo dell\u2019Assessorato Sviluppo economico, Formazione e Lavoro, Trasporti e Mobilit\u00e0 sostenibile della Regione Autonoma Valle d'Aosta) tutti gli attori coinvolti (in particolare Enti locali e privati) collaborando all\u2019attivit\u00e0 legislativa a scala regionale a supporto della costituzione delle CER e fornendo consulenze tecniche, in particolare relative agli aspetti giuridici e tecnici e agli incentivi.Diversi eventi realizzati sul territorio hanno visto il coinvolgimento e la partecipazione di CER regionali in fase di costituzione o gi\u00e0 costituite al fine di favorire momenti di formazione, confronto e scambio di buone pratiche.In territorio eporediese, la CER Dora 5 Laghi, organizzatrice dell'evento finale della prima tappa si \u00e8 avvalsa, per la sua costituzione, del supporto del progetto RECROSSES, attraverso Environment Park, in particolare nello studio di fattibilit\u00e0 tecnico economico della configurazione di CER realizzabile.\",\"breadcrumb\":{\"@id\":\"https:\\\/\\\/recrosses.eu\\\/fr\\\/cer-tour-de-recrosses-etape-1-4\\\/#breadcrumb\"},\"inLanguage\":\"fr-FR\",\"potentialAction\":[{\"@type\":\"ReadAction\",\"target\":[\"https:\\\/\\\/recrosses.eu\\\/fr\\\/cer-tour-de-recrosses-etape-1-4\\\/\"]}]},{\"@type\":\"ImageObject\",\"inLanguage\":\"fr-FR\",\"@id\":\"https:\\\/\\\/recrosses.eu\\\/fr\\\/cer-tour-de-recrosses-etape-1-4\\\/#primaryimage\",\"url\":\"https:\\\/\\\/recrosses.eu\\\/wp-content\\\/uploads\\\/2025\\\/10\\\/CER-Tour_Tappa4.jpg\",\"contentUrl\":\"https:\\\/\\\/recrosses.eu\\\/wp-content\\\/uploads\\\/2025\\\/10\\\/CER-Tour_Tappa4.jpg\",\"width\":384,\"height\":425},{\"@type\":\"BreadcrumbList\",\"@id\":\"https:\\\/\\\/recrosses.eu\\\/fr\\\/cer-tour-de-recrosses-etape-1-4\\\/#breadcrumb\",\"itemListElement\":[{\"@type\":\"ListItem\",\"position\":1,\"name\":\"Home\",\"item\":\"https:\\\/\\\/recrosses.eu\\\/fr\\\/home\\\/\"},{\"@type\":\"ListItem\",\"position\":2,\"name\":\"CER Tour de RECROSSES: ETAPE 1!\"}]},{\"@type\":\"WebSite\",\"@id\":\"https:\\\/\\\/recrosses.eu\\\/fr\\\/#website\",\"url\":\"https:\\\/\\\/recrosses.eu\\\/fr\\\/\",\"name\":\"Recrosses\",\"description\":\"L&#039;energia che unisce - L&#039;\u00e9nergie qui unit\",\"potentialAction\":[{\"@type\":\"SearchAction\",\"target\":{\"@type\":\"EntryPoint\",\"urlTemplate\":\"https:\\\/\\\/recrosses.eu\\\/fr\\\/?s={search_term_string}\"},\"query-input\":{\"@type\":\"PropertyValueSpecification\",\"valueRequired\":true,\"valueName\":\"search_term_string\"}}],\"inLanguage\":\"fr-FR\"},{\"@type\":\"Person\",\"@id\":\"https:\\\/\\\/recrosses.eu\\\/fr\\\/#\\\/schema\\\/person\\\/2327e244e995abff4eaeb4f639000640\",\"name\":\"Chiara Bertolin\",\"image\":{\"@type\":\"ImageObject\",\"inLanguage\":\"fr-FR\",\"@id\":\"https:\\\/\\\/secure.gravatar.com\\\/avatar\\\/4789acd3dd60d7a775c67e44f6a017499f73531a758ddf33045a7e35ffafeda6?s=96&d=mm&r=g\",\"url\":\"https:\\\/\\\/secure.gravatar.com\\\/avatar\\\/4789acd3dd60d7a775c67e44f6a017499f73531a758ddf33045a7e35ffafeda6?s=96&d=mm&r=g\",\"contentUrl\":\"https:\\\/\\\/secure.gravatar.com\\\/avatar\\\/4789acd3dd60d7a775c67e44f6a017499f73531a758ddf33045a7e35ffafeda6?s=96&d=mm&r=g\",\"caption\":\"Chiara Bertolin\"},\"url\":\"https:\\\/\\\/recrosses.eu\\\/fr\\\/author\\\/chiara\\\/\"}]}<\/script>\n<!-- \/ Yoast SEO plugin. -->","yoast_head_json":{"title":"CER Tour de RECROSSES: ETAPE 1! - Recrosses","description":"Notre parcours cycliste avec les Communaut\u00e9s \u00c9nerg\u00e9tiques Renouvelables sur les territoires Interreg France\u2013Italie ALCOTRA de la Vall\u00e9e d\u2019Aoste, des provinces de Turin et de Cuneo en Pi\u00e9mont, jusqu\u2019\u00e0 Nice, dans les Alpes-Maritimes, est sur la ligne de d\u00e9part. Alle ore 9.00 di sabato 20 settembre il CER Tour parte da Aosta dalla sede del partner FinAosta S.p.A. per raggiungere la pista ciclabile che attraversa il fondovalle, seguendo il corso del fiume Dora Baltea tra i castelli medievali incorniciati dal paesaggio montuoso delle Alpi per giungere nel territorio di Borgofranco e dei 5 laghi ai piedi della Serra Morenica.Parteciperanno alla tappa le CER francesi: Centrales villageoises Energicimes, Centrales villageoises Perle, Centrales villageoises Le Solaret, Centrales villageoises R\u00e9gion du Condrieu, la CER valdostana Energ-\u00e9thique e quella eporediese CER Dora 5 Laghi.RECROSSES, nel territorio valdostano, supporta, attraverso Finaosta S.p.A. con il servizio COA energia (braccio operativo dell\u2019Assessorato Sviluppo economico, Formazione e Lavoro, Trasporti e Mobilit\u00e0 sostenibile della Regione Autonoma Valle d'Aosta) tutti gli attori coinvolti (in particolare Enti locali e privati) collaborando all\u2019attivit\u00e0 legislativa a scala regionale a supporto della costituzione delle CER e fornendo consulenze tecniche, in particolare relative agli aspetti giuridici e tecnici e agli incentivi.Diversi eventi realizzati sul territorio hanno visto il coinvolgimento e la partecipazione di CER regionali in fase di costituzione o gi\u00e0 costituite al fine di favorire momenti di formazione, confronto e scambio di buone pratiche.In territorio eporediese, la CER Dora 5 Laghi, organizzatrice dell'evento finale della prima tappa si \u00e8 avvalsa, per la sua costituzione, del supporto del progetto RECROSSES, attraverso Environment Park, in particolare nello studio di fattibilit\u00e0 tecnico economico della configurazione di CER realizzabile.","robots":{"index":"index","follow":"follow","max-snippet":"max-snippet:-1","max-image-preview":"max-image-preview:large","max-video-preview":"max-video-preview:-1"},"canonical":"https:\/\/recrosses.eu\/fr\/cer-tour-de-recrosses-etape-1-4\/","og_locale":"fr_FR","og_type":"article","og_title":"CER Tour de RECROSSES: ETAPE 1! - Recrosses","og_description":"Notre parcours cycliste avec les Communaut\u00e9s \u00c9nerg\u00e9tiques Renouvelables sur les territoires Interreg France\u2013Italie ALCOTRA de la Vall\u00e9e d\u2019Aoste, des provinces de Turin et de Cuneo en Pi\u00e9mont, jusqu\u2019\u00e0 Nice, dans les Alpes-Maritimes, est sur la ligne de d\u00e9part. Alle ore 9.00 di sabato 20 settembre il CER Tour parte da Aosta dalla sede del partner FinAosta S.p.A. per raggiungere la pista ciclabile che attraversa il fondovalle, seguendo il corso del fiume Dora Baltea tra i castelli medievali incorniciati dal paesaggio montuoso delle Alpi per giungere nel territorio di Borgofranco e dei 5 laghi ai piedi della Serra Morenica.Parteciperanno alla tappa le CER francesi: Centrales villageoises Energicimes, Centrales villageoises Perle, Centrales villageoises Le Solaret, Centrales villageoises R\u00e9gion du Condrieu, la CER valdostana Energ-\u00e9thique e quella eporediese CER Dora 5 Laghi.RECROSSES, nel territorio valdostano, supporta, attraverso Finaosta S.p.A. con il servizio COA energia (braccio operativo dell\u2019Assessorato Sviluppo economico, Formazione e Lavoro, Trasporti e Mobilit\u00e0 sostenibile della Regione Autonoma Valle d'Aosta) tutti gli attori coinvolti (in particolare Enti locali e privati) collaborando all\u2019attivit\u00e0 legislativa a scala regionale a supporto della costituzione delle CER e fornendo consulenze tecniche, in particolare relative agli aspetti giuridici e tecnici e agli incentivi.Diversi eventi realizzati sul territorio hanno visto il coinvolgimento e la partecipazione di CER regionali in fase di costituzione o gi\u00e0 costituite al fine di favorire momenti di formazione, confronto e scambio di buone pratiche.In territorio eporediese, la CER Dora 5 Laghi, organizzatrice dell'evento finale della prima tappa si \u00e8 avvalsa, per la sua costituzione, del supporto del progetto RECROSSES, attraverso Environment Park, in particolare nello studio di fattibilit\u00e0 tecnico economico della configurazione di CER realizzabile.","og_url":"https:\/\/recrosses.eu\/fr\/cer-tour-de-recrosses-etape-1-4\/","og_site_name":"Recrosses","article_published_time":"2025-10-09T10:17:58+00:00","og_image":[{"width":384,"height":425,"url":"https:\/\/recrosses.eu\/wp-content\/uploads\/2025\/10\/CER-Tour_Tappa3.jpg","type":"image\/jpeg"}],"author":"Chiara Bertolin","twitter_card":"summary_large_image","twitter_misc":{"\u00c9crit par":"Chiara Bertolin","Dur\u00e9e de lecture estim\u00e9e":"4 minutes"},"schema":{"@context":"https:\/\/schema.org","@graph":[{"@type":"Article","@id":"https:\/\/recrosses.eu\/fr\/cer-tour-de-recrosses-etape-1-4\/#article","isPartOf":{"@id":"https:\/\/recrosses.eu\/fr\/cer-tour-de-recrosses-etape-1-4\/"},"author":{"name":"Chiara Bertolin","@id":"https:\/\/recrosses.eu\/fr\/#\/schema\/person\/2327e244e995abff4eaeb4f639000640"},"headline":"CER Tour de RECROSSES: ETAPE 1!","datePublished":"2025-10-09T10:17:58+00:00","mainEntityOfPage":{"@id":"https:\/\/recrosses.eu\/fr\/cer-tour-de-recrosses-etape-1-4\/"},"wordCount":905,"commentCount":0,"image":{"@id":"https:\/\/recrosses.eu\/fr\/cer-tour-de-recrosses-etape-1-4\/#primaryimage"},"thumbnailUrl":"https:\/\/recrosses.eu\/wp-content\/uploads\/2025\/10\/CER-Tour_Tappa4.jpg","articleSection":["\u00c9V\u00c9NEMENT"],"inLanguage":"fr-FR","potentialAction":[{"@type":"CommentAction","name":"Comment","target":["https:\/\/recrosses.eu\/fr\/cer-tour-de-recrosses-etape-1-4\/#respond"]}]},{"@type":"WebPage","@id":"https:\/\/recrosses.eu\/fr\/cer-tour-de-recrosses-etape-1-4\/","url":"https:\/\/recrosses.eu\/fr\/cer-tour-de-recrosses-etape-1-4\/","name":"CER Tour de RECROSSES: ETAPE 1! - Recrosses","isPartOf":{"@id":"https:\/\/recrosses.eu\/fr\/#website"},"primaryImageOfPage":{"@id":"https:\/\/recrosses.eu\/fr\/cer-tour-de-recrosses-etape-1-4\/#primaryimage"},"image":{"@id":"https:\/\/recrosses.eu\/fr\/cer-tour-de-recrosses-etape-1-4\/#primaryimage"},"thumbnailUrl":"https:\/\/recrosses.eu\/wp-content\/uploads\/2025\/10\/CER-Tour_Tappa4.jpg","datePublished":"2025-10-09T10:17:58+00:00","author":{"@id":"https:\/\/recrosses.eu\/fr\/#\/schema\/person\/2327e244e995abff4eaeb4f639000640"},"description":"Notre parcours cycliste avec les Communaut\u00e9s \u00c9nerg\u00e9tiques Renouvelables sur les territoires Interreg France\u2013Italie ALCOTRA de la Vall\u00e9e d\u2019Aoste, des provinces de Turin et de Cuneo en Pi\u00e9mont, jusqu\u2019\u00e0 Nice, dans les Alpes-Maritimes, est sur la ligne de d\u00e9part. Alle ore 9.00 di sabato 20 settembre il CER Tour parte da Aosta dalla sede del partner FinAosta S.p.A. per raggiungere la pista ciclabile che attraversa il fondovalle, seguendo il corso del fiume Dora Baltea tra i castelli medievali incorniciati dal paesaggio montuoso delle Alpi per giungere nel territorio di Borgofranco e dei 5 laghi ai piedi della Serra Morenica.Parteciperanno alla tappa le CER francesi: Centrales villageoises Energicimes, Centrales villageoises Perle, Centrales villageoises Le Solaret, Centrales villageoises R\u00e9gion du Condrieu, la CER valdostana Energ-\u00e9thique e quella eporediese CER Dora 5 Laghi.RECROSSES, nel territorio valdostano, supporta, attraverso Finaosta S.p.A. con il servizio COA energia (braccio operativo dell\u2019Assessorato Sviluppo economico, Formazione e Lavoro, Trasporti e Mobilit\u00e0 sostenibile della Regione Autonoma Valle d'Aosta) tutti gli attori coinvolti (in particolare Enti locali e privati) collaborando all\u2019attivit\u00e0 legislativa a scala regionale a supporto della costituzione delle CER e fornendo consulenze tecniche, in particolare relative agli aspetti giuridici e tecnici e agli incentivi.Diversi eventi realizzati sul territorio hanno visto il coinvolgimento e la partecipazione di CER regionali in fase di costituzione o gi\u00e0 costituite al fine di favorire momenti di formazione, confronto e scambio di buone pratiche.In territorio eporediese, la CER Dora 5 Laghi, organizzatrice dell'evento finale della prima tappa si \u00e8 avvalsa, per la sua costituzione, del supporto del progetto RECROSSES, attraverso Environment Park, in particolare nello studio di fattibilit\u00e0 tecnico economico della configurazione di CER realizzabile.","breadcrumb":{"@id":"https:\/\/recrosses.eu\/fr\/cer-tour-de-recrosses-etape-1-4\/#breadcrumb"},"inLanguage":"fr-FR","potentialAction":[{"@type":"ReadAction","target":["https:\/\/recrosses.eu\/fr\/cer-tour-de-recrosses-etape-1-4\/"]}]},{"@type":"ImageObject","inLanguage":"fr-FR","@id":"https:\/\/recrosses.eu\/fr\/cer-tour-de-recrosses-etape-1-4\/#primaryimage","url":"https:\/\/recrosses.eu\/wp-content\/uploads\/2025\/10\/CER-Tour_Tappa4.jpg","contentUrl":"https:\/\/recrosses.eu\/wp-content\/uploads\/2025\/10\/CER-Tour_Tappa4.jpg","width":384,"height":425},{"@type":"BreadcrumbList","@id":"https:\/\/recrosses.eu\/fr\/cer-tour-de-recrosses-etape-1-4\/#breadcrumb","itemListElement":[{"@type":"ListItem","position":1,"name":"Home","item":"https:\/\/recrosses.eu\/fr\/home\/"},{"@type":"ListItem","position":2,"name":"CER Tour de RECROSSES: ETAPE 1!"}]},{"@type":"WebSite","@id":"https:\/\/recrosses.eu\/fr\/#website","url":"https:\/\/recrosses.eu\/fr\/","name":"Recrosses","description":"L&#039;energia che unisce - L&#039;\u00e9nergie qui unit","potentialAction":[{"@type":"SearchAction","target":{"@type":"EntryPoint","urlTemplate":"https:\/\/recrosses.eu\/fr\/?s={search_term_string}"},"query-input":{"@type":"PropertyValueSpecification","valueRequired":true,"valueName":"search_term_string"}}],"inLanguage":"fr-FR"},{"@type":"Person","@id":"https:\/\/recrosses.eu\/fr\/#\/schema\/person\/2327e244e995abff4eaeb4f639000640","name":"Chiara Bertolin","image":{"@type":"ImageObject","inLanguage":"fr-FR","@id":"https:\/\/secure.gravatar.com\/avatar\/4789acd3dd60d7a775c67e44f6a017499f73531a758ddf33045a7e35ffafeda6?s=96&d=mm&r=g","url":"https:\/\/secure.gravatar.com\/avatar\/4789acd3dd60d7a775c67e44f6a017499f73531a758ddf33045a7e35ffafeda6?s=96&d=mm&r=g","contentUrl":"https:\/\/secure.gravatar.com\/avatar\/4789acd3dd60d7a775c67e44f6a017499f73531a758ddf33045a7e35ffafeda6?s=96&d=mm&r=g","caption":"Chiara Bertolin"},"url":"https:\/\/recrosses.eu\/fr\/author\/chiara\/"}]}},"_links":{"self":[{"href":"https:\/\/recrosses.eu\/fr\/wp-json\/wp\/v2\/posts\/1429","targetHints":{"allow":["GET"]}}],"collection":[{"href":"https:\/\/recrosses.eu\/fr\/wp-json\/wp\/v2\/posts"}],"about":[{"href":"https:\/\/recrosses.eu\/fr\/wp-json\/wp\/v2\/types\/post"}],"author":[{"embeddable":true,"href":"https:\/\/recrosses.eu\/fr\/wp-json\/wp\/v2\/users\/4"}],"replies":[{"embeddable":true,"href":"https:\/\/recrosses.eu\/fr\/wp-json\/wp\/v2\/comments?post=1429"}],"version-history":[{"count":1,"href":"https:\/\/recrosses.eu\/fr\/wp-json\/wp\/v2\/posts\/1429\/revisions"}],"predecessor-version":[{"id":1430,"href":"https:\/\/recrosses.eu\/fr\/wp-json\/wp\/v2\/posts\/1429\/revisions\/1430"}],"wp:featuredmedia":[{"embeddable":true,"href":"https:\/\/recrosses.eu\/fr\/wp-json\/wp\/v2\/media\/1435"}],"wp:attachment":[{"href":"https:\/\/recrosses.eu\/fr\/wp-json\/wp\/v2\/media?parent=1429"}],"wp:term":[{"taxonomy":"category","embeddable":true,"href":"https:\/\/recrosses.eu\/fr\/wp-json\/wp\/v2\/categories?post=1429"},{"taxonomy":"post_tag","embeddable":true,"href":"https:\/\/recrosses.eu\/fr\/wp-json\/wp\/v2\/tags?post=1429"}],"curies":[{"name":"wp","href":"https:\/\/api.w.org\/{rel}","templated":true}]}}