{"id":1446,"date":"2025-10-09T11:52:31","date_gmt":"2025-10-09T10:52:31","guid":{"rendered":"https:\/\/recrosses.eu\/?p=1446"},"modified":"2025-10-13T11:25:02","modified_gmt":"2025-10-13T10:25:02","slug":"cer-tour-de-recrosses-etape-1-6","status":"publish","type":"post","link":"https:\/\/recrosses.eu\/fr\/cer-tour-de-recrosses-etape-1-6\/","title":{"rendered":"CER Tour de RECROSSES: \u00c9TAPE 6!"},"content":{"rendered":"\n<p class=\"wp-block-paragraph\">La derni\u00e8re \u00e9tape du CER Tour, au d\u00e9part de Cuneo, descend vers la C\u00f4te d\u2019Azur en passant par la dorsale du Col de Brouis, puis par Sospel et le Col de Braus, avec ses c\u00e9l\u00e8bres lacets. Il s\u2019agit d\u2019une \u00e9tape de moyenne montagne, avec arriv\u00e9e au si\u00e8ge du partenaire de <a href=\"https:\/\/www.linkedin.com\/company\/alcotra-recrosses\/\">RECROSSES<\/a> <a href=\"https:\/\/www.linkedin.com\/company\/cci-nice-cote-d-azur\/\">CCI Nice C\u00f4te d&rsquo;Azur<\/a><br\/>.<\/p>\n\n<p class=\"wp-block-paragraph\">L\u2019arriv\u00e9e du premier CER Tour de <a href=\"https:\/\/www.linkedin.com\/company\/alcotra-recrosses\/\">RECROSSES<\/a> se conclut par une \u00e9tape transfrontali\u00e8re au si\u00e8ge de la <a href=\"https:\/\/www.linkedin.com\/company\/cci-nice-cote-d-azur\/\">CCI Nice C\u00f4te d\u2019Azur<\/a>, partenaire du projet. Dans la r\u00e9gion alpine des Alpes-Maritimes, la Chambre de Commerce et d\u2019Industrie joue un r\u00f4le actif dans l\u2019identification des territoires propices \u00e0 la cr\u00e9ation de Communaut\u00e9s d\u2019\u00c9nergie Renouvelable (CER), notamment au sein des zones industrielles et des petites communes.<br\/>Dans le cadre du projet <a href=\"https:\/\/www.linkedin.com\/company\/alcotra-recrosses\/\">RECROSSES<\/a>, la <a href=\"https:\/\/www.linkedin.com\/company\/cci-nice-cote-d-azur\/\">CCI Nice C\u00f4te d\u2019Azur<\/a>, en collaboration avec les partenaires, a mis en place des actions de sensibilisation et de formation, notamment \u00e0 travers des simulations \u00e9conomiques et \u00e9nerg\u00e9tiques, des fiches pratiques sur les services compl\u00e9mentaires que les CER peuvent offrir au territoire, ainsi que divers \u00e9v\u00e9nements, tels que les Assises Azur\u00e9ennes de la transition \u00e9nerg\u00e9tique et des ateliers r\u00e9unissant entreprises, communes et citoyens<br\/>La <a href=\"https:\/\/www.linkedin.com\/company\/cci-nice-cote-d-azur\/\">CCI Nice C\u00f4te d\u2019Azur<\/a> est \u00e9galement directement impliqu\u00e9e dans l\u2019op\u00e9ration d\u2019autoconsommation collective \u00ab M\u00e9ridia \u00bb \u00e0 Nice, pour laquelle elle m\u00e8ne une \u00e9tude visant \u00e0 d\u00e9terminer la structure juridique la plus adapt\u00e9e au groupe.<\/p>\n\n<p class=\"wp-block-paragraph\">Pour suivre le r\u00e9cit de l\u2019<strong>\u00c9TAPE 6<\/strong>, rendez-vous sur les profils sociaux li\u00e9s \u00e0 l\u2019\u00e9v\u00e9nement, et en particulier :<\/p>\n\n<ul class=\"wp-block-list\">\n<li>le r\u00e9seau Instagram \u00ab\u00a0<a href=\"https:\/\/www.instagram.com\/fitfor2030bybike\/\">Fitfor2030bybike<\/a>\u00ab\u00a0: \n<ul class=\"wp-block-list\">\n<li><a href=\"https:\/\/www.instagram.com\/reel\/DPE48ckDKaw\/?utm_source=ig_web_copy_link&amp;igsh=MzRlODBiNWFlZA==\">Vid\u00e9o arriv\u00e9e au si\u00e8ge de la CCI Nice C\u00f4te d&rsquo;Azur<\/a>;<\/li>\n\n\n\n<li><a href=\"https:\/\/www.instagram.com\/p\/DPEvSt9jHKv\/?utm_source=ig_web_copy_link&amp;igsh=MzRlODBiNWFlZA==\">Carrousel<\/a>;<\/li>\n\n\n\n<li><a href=\"https:\/\/www.instagram.com\/p\/DPE_2SKDC7u\/\">Relive<\/a>.<\/li>\n<\/ul>\n<\/li>\n\n\n\n<li>Les post sur le <a href=\"https:\/\/www.linkedin.com\/company\/alcotra-recrosses\">profil LinkedIn<\/a> de RECROSSES:\n<ul class=\"wp-block-list\">\n<li>la <a href=\"https:\/\/www.linkedin.com\/feed\/update\/urn:li:activity:7381314351644893184\">description de l&rsquo;\u00e9tape<\/a><a href=\"https:\/\/www.linkedin.com\/feed\/update\/urn:li:activity:7379500814299566081\">;<\/a><\/li>\n\n\n\n<li>l&rsquo;<a href=\"https:\/\/www.linkedin.com\/feed\/update\/urn:li:activity:7381320709102284800\">arriv\u00e9e<\/a> au si\u00e8ge de la CCI Nice C\u00f4te d&rsquo;Azur!<br\/><\/li>\n<\/ul>\n<\/li>\n<\/ul>\n\n<figure class=\"wp-block-gallery has-nested-images columns-default is-cropped wp-block-gallery-1 is-layout-flex wp-block-gallery-is-layout-flex\">\n<figure class=\"wp-block-image size-large\"><img fetchpriority=\"high\" decoding=\"async\" width=\"819\" height=\"1024\" data-src=\"https:\/\/recrosses.eu\/wp-content\/uploads\/2025\/10\/CER-tour_locandina_IG_Tappa6-819x1024.jpg\" data-id=\"1448\" src=\"data:image\/gif;base64,R0lGODlhAQABAIAAAAAAAP\/\/\/yH5BAEAAAAALAAAAAABAAEAAAIBRAA7\" alt=\"\" class=\"wp-image-1448 lazyload\"\/><noscript><img decoding=\"async\" width=\"819\" height=\"1024\" data-id=\"1448\" src=\"https:\/\/recrosses.eu\/wp-content\/uploads\/2025\/10\/CER-tour_locandina_IG_Tappa6-819x1024.jpg\" alt=\"\" class=\"wp-image-1448\" srcset=\"https:\/\/recrosses.eu\/wp-content\/uploads\/2025\/10\/CER-tour_locandina_IG_Tappa6-819x1024.jpg 819w, https:\/\/recrosses.eu\/wp-content\/uploads\/2025\/10\/CER-tour_locandina_IG_Tappa6-240x300.jpg 240w, https:\/\/recrosses.eu\/wp-content\/uploads\/2025\/10\/CER-tour_locandina_IG_Tappa6-768x960.jpg 768w, https:\/\/recrosses.eu\/wp-content\/uploads\/2025\/10\/CER-tour_locandina_IG_Tappa6-1229x1536.jpg 1229w, https:\/\/recrosses.eu\/wp-content\/uploads\/2025\/10\/CER-tour_locandina_IG_Tappa6-1638x2048.jpg 1638w, https:\/\/recrosses.eu\/wp-content\/uploads\/2025\/10\/CER-tour_locandina_IG_Tappa6-scaled.jpg 2048w\" sizes=\"(max-width: 819px) 100vw, 819px\" \/><\/noscript><\/figure>\n<\/figure>\n","protected":false},"excerpt":{"rendered":"<p>La derni\u00e8re \u00e9tape du CER Tour, au d\u00e9part de Cuneo, descend vers la C\u00f4te d\u2019Azur en passant par la dorsale du Col de Brouis, puis par Sospel et le Col de Braus, avec ses c\u00e9l\u00e8bres lacets. Il s\u2019agit d\u2019une \u00e9tape de moyenne montagne, avec arriv\u00e9e au si\u00e8ge du partenaire de RECROSSES CCI Nice C\u00f4te d&rsquo;Azur. [&hellip;]<\/p>\n","protected":false},"author":4,"featured_media":1452,"comment_status":"open","ping_status":"open","sticky":false,"template":"","format":"standard","meta":{"_acf_changed":false,"footnotes":""},"categories":[26],"tags":[],"class_list":["post-1446","post","type-post","status-publish","format-standard","has-post-thumbnail","hentry","category-evenement-fr"],"acf":[],"yoast_head":"<!-- This site is optimized with the Yoast SEO plugin v28.3 - https:\/\/yoast.com\/product\/yoast-seo-wordpress\/ -->\n<title>CER Tour de RECROSSES: \u00c9TAPE 6! - Recrosses<\/title>\n<meta name=\"description\" content=\"La derni\u00e8re \u00e9tape du CER Tour, au d\u00e9part de Cuneo, descend vers la C\u00f4te d\u2019Azur en traversant la dorsale du Col de Brouis, puis par Sospel et le Col de Braus, avec ses c\u00e9l\u00e8bres lacets. Il s\u2019agit d\u2019une \u00e9tape de moyenne montagne qui se conclut au si\u00e8ge du partenaire de RECROSSES, la CCI Nice C\u00f4te d\u2019Azur.L\u2019arriv\u00e9e du premier CER Tour de RECROSSES marque ainsi une \u00e9tape transfrontali\u00e8re. La CCI Nice C\u00f4te d\u2019Azur, partenaire du projet, joue en effet un r\u00f4le actif dans la r\u00e9gion alpine des Alpes-Maritimes pour identifier les territoires favorables au d\u00e9veloppement des Communaut\u00e9s d\u2019\u00c9nergie Renouvelable (CER), en particulier dans les zones industrielles et les petites communes. Dans le cadre de RECROSSES, la CCI Nice C\u00f4te d\u2019Azur, en collaboration avec les partenaires du projet, a mis en place des actions de sensibilisation et de formation \u00e0 travers des simulations \u00e9conomiques et \u00e9nerg\u00e9tiques, des fiches pratiques sur les services compl\u00e9mentaires que les CER peuvent offrir au territoire, ainsi que diff\u00e9rents \u00e9v\u00e9nements tels que les Assises Azur\u00e9ennes de la transition \u00e9nerg\u00e9tique et des ateliers r\u00e9unissant entreprises, communes et citoyens.La CCI Nice C\u00f4te d\u2019Azur est \u00e9galement directement impliqu\u00e9e dans l\u2019op\u00e9ration d\u2019autoconsommation collective \u00ab M\u00e9ridia \u00bb \u00e0 Nice, pour laquelle elle m\u00e8ne une \u00e9tude visant \u00e0 d\u00e9finir la structure juridique la plus adapt\u00e9e au groupe.Pour suivre le r\u00e9cit de l\u2019\u00c9TAPE 6, rendez-vous sur les profils sociaux li\u00e9s \u00e0 l\u2019\u00e9v\u00e9nement, notamment :sur Instagram Fitfor2030bybike : vid\u00e9o de l\u2019arriv\u00e9e \u00e0 la CCI Nice C\u00f4te d\u2019Azur, carrousel et contenus Relive ;sur LinkedIn RECROSSES : description de l\u2019\u00e9tape et arriv\u00e9e \u00e0 la CCI Nice C\u00f4te d\u2019Azur !\" \/>\n<meta name=\"robots\" content=\"index, follow, max-snippet:-1, max-image-preview:large, max-video-preview:-1\" \/>\n<link rel=\"canonical\" href=\"https:\/\/recrosses.eu\/fr\/cer-tour-de-recrosses-etape-1-6\/\" \/>\n<meta property=\"og:locale\" content=\"fr_FR\" \/>\n<meta property=\"og:type\" content=\"article\" \/>\n<meta property=\"og:title\" content=\"CER Tour de RECROSSES: \u00c9TAPE 6! - Recrosses\" \/>\n<meta property=\"og:description\" content=\"La derni\u00e8re \u00e9tape du CER Tour, au d\u00e9part de Cuneo, descend vers la C\u00f4te d\u2019Azur en traversant la dorsale du Col de Brouis, puis par Sospel et le Col de Braus, avec ses c\u00e9l\u00e8bres lacets. Il s\u2019agit d\u2019une \u00e9tape de moyenne montagne qui se conclut au si\u00e8ge du partenaire de RECROSSES, la CCI Nice C\u00f4te d\u2019Azur.L\u2019arriv\u00e9e du premier CER Tour de RECROSSES marque ainsi une \u00e9tape transfrontali\u00e8re. La CCI Nice C\u00f4te d\u2019Azur, partenaire du projet, joue en effet un r\u00f4le actif dans la r\u00e9gion alpine des Alpes-Maritimes pour identifier les territoires favorables au d\u00e9veloppement des Communaut\u00e9s d\u2019\u00c9nergie Renouvelable (CER), en particulier dans les zones industrielles et les petites communes. Dans le cadre de RECROSSES, la CCI Nice C\u00f4te d\u2019Azur, en collaboration avec les partenaires du projet, a mis en place des actions de sensibilisation et de formation \u00e0 travers des simulations \u00e9conomiques et \u00e9nerg\u00e9tiques, des fiches pratiques sur les services compl\u00e9mentaires que les CER peuvent offrir au territoire, ainsi que diff\u00e9rents \u00e9v\u00e9nements tels que les Assises Azur\u00e9ennes de la transition \u00e9nerg\u00e9tique et des ateliers r\u00e9unissant entreprises, communes et citoyens.La CCI Nice C\u00f4te d\u2019Azur est \u00e9galement directement impliqu\u00e9e dans l\u2019op\u00e9ration d\u2019autoconsommation collective \u00ab M\u00e9ridia \u00bb \u00e0 Nice, pour laquelle elle m\u00e8ne une \u00e9tude visant \u00e0 d\u00e9finir la structure juridique la plus adapt\u00e9e au groupe.Pour suivre le r\u00e9cit de l\u2019\u00c9TAPE 6, rendez-vous sur les profils sociaux li\u00e9s \u00e0 l\u2019\u00e9v\u00e9nement, notamment :sur Instagram Fitfor2030bybike : vid\u00e9o de l\u2019arriv\u00e9e \u00e0 la CCI Nice C\u00f4te d\u2019Azur, carrousel et contenus Relive ;sur LinkedIn RECROSSES : description de l\u2019\u00e9tape et arriv\u00e9e \u00e0 la CCI Nice C\u00f4te d\u2019Azur !\" \/>\n<meta property=\"og:url\" content=\"https:\/\/recrosses.eu\/fr\/cer-tour-de-recrosses-etape-1-6\/\" \/>\n<meta property=\"og:site_name\" content=\"Recrosses\" \/>\n<meta property=\"article:published_time\" content=\"2025-10-09T10:52:31+00:00\" \/>\n<meta property=\"article:modified_time\" content=\"2025-10-13T10:25:02+00:00\" \/>\n<meta property=\"og:image\" content=\"https:\/\/recrosses.eu\/wp-content\/uploads\/2025\/10\/CER-Tour_Tappa6.jpg\" \/>\n\t<meta property=\"og:image:width\" content=\"384\" \/>\n\t<meta property=\"og:image:height\" content=\"425\" \/>\n\t<meta property=\"og:image:type\" content=\"image\/jpeg\" \/>\n<meta name=\"author\" content=\"Chiara Bertolin\" \/>\n<meta name=\"twitter:card\" content=\"summary_large_image\" \/>\n<meta name=\"twitter:label1\" content=\"\u00c9crit par\" \/>\n\t<meta name=\"twitter:data1\" content=\"Chiara Bertolin\" \/>\n\t<meta name=\"twitter:label2\" content=\"Dur\u00e9e de lecture estim\u00e9e\" \/>\n\t<meta name=\"twitter:data2\" content=\"2 minutes\" \/>\n<script type=\"application\/ld+json\" class=\"yoast-schema-graph\">{\"@context\":\"https:\\\/\\\/schema.org\",\"@graph\":[{\"@type\":\"Article\",\"@id\":\"https:\\\/\\\/recrosses.eu\\\/fr\\\/cer-tour-de-recrosses-etape-1-6\\\/#article\",\"isPartOf\":{\"@id\":\"https:\\\/\\\/recrosses.eu\\\/fr\\\/cer-tour-de-recrosses-etape-1-6\\\/\"},\"author\":{\"name\":\"Chiara Bertolin\",\"@id\":\"https:\\\/\\\/recrosses.eu\\\/fr\\\/#\\\/schema\\\/person\\\/2327e244e995abff4eaeb4f639000640\"},\"headline\":\"CER Tour de RECROSSES: \u00c9TAPE 6!\",\"datePublished\":\"2025-10-09T10:52:31+00:00\",\"dateModified\":\"2025-10-13T10:25:02+00:00\",\"mainEntityOfPage\":{\"@id\":\"https:\\\/\\\/recrosses.eu\\\/fr\\\/cer-tour-de-recrosses-etape-1-6\\\/\"},\"wordCount\":335,\"commentCount\":0,\"image\":{\"@id\":\"https:\\\/\\\/recrosses.eu\\\/fr\\\/cer-tour-de-recrosses-etape-1-6\\\/#primaryimage\"},\"thumbnailUrl\":\"https:\\\/\\\/recrosses.eu\\\/wp-content\\\/uploads\\\/2025\\\/10\\\/CER-Tour_Tappa6.jpg\",\"articleSection\":[\"\u00c9V\u00c9NEMENT\"],\"inLanguage\":\"fr-FR\",\"potentialAction\":[{\"@type\":\"CommentAction\",\"name\":\"Comment\",\"target\":[\"https:\\\/\\\/recrosses.eu\\\/fr\\\/cer-tour-de-recrosses-etape-1-6\\\/#respond\"]}]},{\"@type\":\"WebPage\",\"@id\":\"https:\\\/\\\/recrosses.eu\\\/fr\\\/cer-tour-de-recrosses-etape-1-6\\\/\",\"url\":\"https:\\\/\\\/recrosses.eu\\\/fr\\\/cer-tour-de-recrosses-etape-1-6\\\/\",\"name\":\"CER Tour de RECROSSES: \u00c9TAPE 6! - Recrosses\",\"isPartOf\":{\"@id\":\"https:\\\/\\\/recrosses.eu\\\/fr\\\/#website\"},\"primaryImageOfPage\":{\"@id\":\"https:\\\/\\\/recrosses.eu\\\/fr\\\/cer-tour-de-recrosses-etape-1-6\\\/#primaryimage\"},\"image\":{\"@id\":\"https:\\\/\\\/recrosses.eu\\\/fr\\\/cer-tour-de-recrosses-etape-1-6\\\/#primaryimage\"},\"thumbnailUrl\":\"https:\\\/\\\/recrosses.eu\\\/wp-content\\\/uploads\\\/2025\\\/10\\\/CER-Tour_Tappa6.jpg\",\"datePublished\":\"2025-10-09T10:52:31+00:00\",\"dateModified\":\"2025-10-13T10:25:02+00:00\",\"author\":{\"@id\":\"https:\\\/\\\/recrosses.eu\\\/fr\\\/#\\\/schema\\\/person\\\/2327e244e995abff4eaeb4f639000640\"},\"description\":\"La derni\u00e8re \u00e9tape du CER Tour, au d\u00e9part de Cuneo, descend vers la C\u00f4te d\u2019Azur en traversant la dorsale du Col de Brouis, puis par Sospel et le Col de Braus, avec ses c\u00e9l\u00e8bres lacets. Il s\u2019agit d\u2019une \u00e9tape de moyenne montagne qui se conclut au si\u00e8ge du partenaire de RECROSSES, la CCI Nice C\u00f4te d\u2019Azur.L\u2019arriv\u00e9e du premier CER Tour de RECROSSES marque ainsi une \u00e9tape transfrontali\u00e8re. La CCI Nice C\u00f4te d\u2019Azur, partenaire du projet, joue en effet un r\u00f4le actif dans la r\u00e9gion alpine des Alpes-Maritimes pour identifier les territoires favorables au d\u00e9veloppement des Communaut\u00e9s d\u2019\u00c9nergie Renouvelable (CER), en particulier dans les zones industrielles et les petites communes. Dans le cadre de RECROSSES, la CCI Nice C\u00f4te d\u2019Azur, en collaboration avec les partenaires du projet, a mis en place des actions de sensibilisation et de formation \u00e0 travers des simulations \u00e9conomiques et \u00e9nerg\u00e9tiques, des fiches pratiques sur les services compl\u00e9mentaires que les CER peuvent offrir au territoire, ainsi que diff\u00e9rents \u00e9v\u00e9nements tels que les Assises Azur\u00e9ennes de la transition \u00e9nerg\u00e9tique et des ateliers r\u00e9unissant entreprises, communes et citoyens.La CCI Nice C\u00f4te d\u2019Azur est \u00e9galement directement impliqu\u00e9e dans l\u2019op\u00e9ration d\u2019autoconsommation collective \u00ab M\u00e9ridia \u00bb \u00e0 Nice, pour laquelle elle m\u00e8ne une \u00e9tude visant \u00e0 d\u00e9finir la structure juridique la plus adapt\u00e9e au groupe.Pour suivre le r\u00e9cit de l\u2019\u00c9TAPE 6, rendez-vous sur les profils sociaux li\u00e9s \u00e0 l\u2019\u00e9v\u00e9nement, notamment :sur Instagram Fitfor2030bybike : vid\u00e9o de l\u2019arriv\u00e9e \u00e0 la CCI Nice C\u00f4te d\u2019Azur, carrousel et contenus Relive ;sur LinkedIn RECROSSES : description de l\u2019\u00e9tape et arriv\u00e9e \u00e0 la CCI Nice C\u00f4te d\u2019Azur !\",\"breadcrumb\":{\"@id\":\"https:\\\/\\\/recrosses.eu\\\/fr\\\/cer-tour-de-recrosses-etape-1-6\\\/#breadcrumb\"},\"inLanguage\":\"fr-FR\",\"potentialAction\":[{\"@type\":\"ReadAction\",\"target\":[\"https:\\\/\\\/recrosses.eu\\\/fr\\\/cer-tour-de-recrosses-etape-1-6\\\/\"]}]},{\"@type\":\"ImageObject\",\"inLanguage\":\"fr-FR\",\"@id\":\"https:\\\/\\\/recrosses.eu\\\/fr\\\/cer-tour-de-recrosses-etape-1-6\\\/#primaryimage\",\"url\":\"https:\\\/\\\/recrosses.eu\\\/wp-content\\\/uploads\\\/2025\\\/10\\\/CER-Tour_Tappa6.jpg\",\"contentUrl\":\"https:\\\/\\\/recrosses.eu\\\/wp-content\\\/uploads\\\/2025\\\/10\\\/CER-Tour_Tappa6.jpg\",\"width\":384,\"height\":425},{\"@type\":\"BreadcrumbList\",\"@id\":\"https:\\\/\\\/recrosses.eu\\\/fr\\\/cer-tour-de-recrosses-etape-1-6\\\/#breadcrumb\",\"itemListElement\":[{\"@type\":\"ListItem\",\"position\":1,\"name\":\"Home\",\"item\":\"https:\\\/\\\/recrosses.eu\\\/fr\\\/home\\\/\"},{\"@type\":\"ListItem\",\"position\":2,\"name\":\"CER Tour de RECROSSES: \u00c9TAPE 6!\"}]},{\"@type\":\"WebSite\",\"@id\":\"https:\\\/\\\/recrosses.eu\\\/fr\\\/#website\",\"url\":\"https:\\\/\\\/recrosses.eu\\\/fr\\\/\",\"name\":\"Recrosses\",\"description\":\"L&#039;energia che unisce - L&#039;\u00e9nergie qui unit\",\"potentialAction\":[{\"@type\":\"SearchAction\",\"target\":{\"@type\":\"EntryPoint\",\"urlTemplate\":\"https:\\\/\\\/recrosses.eu\\\/fr\\\/?s={search_term_string}\"},\"query-input\":{\"@type\":\"PropertyValueSpecification\",\"valueRequired\":true,\"valueName\":\"search_term_string\"}}],\"inLanguage\":\"fr-FR\"},{\"@type\":\"Person\",\"@id\":\"https:\\\/\\\/recrosses.eu\\\/fr\\\/#\\\/schema\\\/person\\\/2327e244e995abff4eaeb4f639000640\",\"name\":\"Chiara Bertolin\",\"image\":{\"@type\":\"ImageObject\",\"inLanguage\":\"fr-FR\",\"@id\":\"https:\\\/\\\/secure.gravatar.com\\\/avatar\\\/4789acd3dd60d7a775c67e44f6a017499f73531a758ddf33045a7e35ffafeda6?s=96&d=mm&r=g\",\"url\":\"https:\\\/\\\/secure.gravatar.com\\\/avatar\\\/4789acd3dd60d7a775c67e44f6a017499f73531a758ddf33045a7e35ffafeda6?s=96&d=mm&r=g\",\"contentUrl\":\"https:\\\/\\\/secure.gravatar.com\\\/avatar\\\/4789acd3dd60d7a775c67e44f6a017499f73531a758ddf33045a7e35ffafeda6?s=96&d=mm&r=g\",\"caption\":\"Chiara Bertolin\"},\"url\":\"https:\\\/\\\/recrosses.eu\\\/fr\\\/author\\\/chiara\\\/\"}]}<\/script>\n<!-- \/ Yoast SEO plugin. -->","yoast_head_json":{"title":"CER Tour de RECROSSES: \u00c9TAPE 6! - Recrosses","description":"La derni\u00e8re \u00e9tape du CER Tour, au d\u00e9part de Cuneo, descend vers la C\u00f4te d\u2019Azur en traversant la dorsale du Col de Brouis, puis par Sospel et le Col de Braus, avec ses c\u00e9l\u00e8bres lacets. Il s\u2019agit d\u2019une \u00e9tape de moyenne montagne qui se conclut au si\u00e8ge du partenaire de RECROSSES, la CCI Nice C\u00f4te d\u2019Azur.L\u2019arriv\u00e9e du premier CER Tour de RECROSSES marque ainsi une \u00e9tape transfrontali\u00e8re. La CCI Nice C\u00f4te d\u2019Azur, partenaire du projet, joue en effet un r\u00f4le actif dans la r\u00e9gion alpine des Alpes-Maritimes pour identifier les territoires favorables au d\u00e9veloppement des Communaut\u00e9s d\u2019\u00c9nergie Renouvelable (CER), en particulier dans les zones industrielles et les petites communes. Dans le cadre de RECROSSES, la CCI Nice C\u00f4te d\u2019Azur, en collaboration avec les partenaires du projet, a mis en place des actions de sensibilisation et de formation \u00e0 travers des simulations \u00e9conomiques et \u00e9nerg\u00e9tiques, des fiches pratiques sur les services compl\u00e9mentaires que les CER peuvent offrir au territoire, ainsi que diff\u00e9rents \u00e9v\u00e9nements tels que les Assises Azur\u00e9ennes de la transition \u00e9nerg\u00e9tique et des ateliers r\u00e9unissant entreprises, communes et citoyens.La CCI Nice C\u00f4te d\u2019Azur est \u00e9galement directement impliqu\u00e9e dans l\u2019op\u00e9ration d\u2019autoconsommation collective \u00ab M\u00e9ridia \u00bb \u00e0 Nice, pour laquelle elle m\u00e8ne une \u00e9tude visant \u00e0 d\u00e9finir la structure juridique la plus adapt\u00e9e au groupe.Pour suivre le r\u00e9cit de l\u2019\u00c9TAPE 6, rendez-vous sur les profils sociaux li\u00e9s \u00e0 l\u2019\u00e9v\u00e9nement, notamment :sur Instagram Fitfor2030bybike : vid\u00e9o de l\u2019arriv\u00e9e \u00e0 la CCI Nice C\u00f4te d\u2019Azur, carrousel et contenus Relive ;sur LinkedIn RECROSSES : description de l\u2019\u00e9tape et arriv\u00e9e \u00e0 la CCI Nice C\u00f4te d\u2019Azur !","robots":{"index":"index","follow":"follow","max-snippet":"max-snippet:-1","max-image-preview":"max-image-preview:large","max-video-preview":"max-video-preview:-1"},"canonical":"https:\/\/recrosses.eu\/fr\/cer-tour-de-recrosses-etape-1-6\/","og_locale":"fr_FR","og_type":"article","og_title":"CER Tour de RECROSSES: \u00c9TAPE 6! - Recrosses","og_description":"La derni\u00e8re \u00e9tape du CER Tour, au d\u00e9part de Cuneo, descend vers la C\u00f4te d\u2019Azur en traversant la dorsale du Col de Brouis, puis par Sospel et le Col de Braus, avec ses c\u00e9l\u00e8bres lacets. Il s\u2019agit d\u2019une \u00e9tape de moyenne montagne qui se conclut au si\u00e8ge du partenaire de RECROSSES, la CCI Nice C\u00f4te d\u2019Azur.L\u2019arriv\u00e9e du premier CER Tour de RECROSSES marque ainsi une \u00e9tape transfrontali\u00e8re. La CCI Nice C\u00f4te d\u2019Azur, partenaire du projet, joue en effet un r\u00f4le actif dans la r\u00e9gion alpine des Alpes-Maritimes pour identifier les territoires favorables au d\u00e9veloppement des Communaut\u00e9s d\u2019\u00c9nergie Renouvelable (CER), en particulier dans les zones industrielles et les petites communes. Dans le cadre de RECROSSES, la CCI Nice C\u00f4te d\u2019Azur, en collaboration avec les partenaires du projet, a mis en place des actions de sensibilisation et de formation \u00e0 travers des simulations \u00e9conomiques et \u00e9nerg\u00e9tiques, des fiches pratiques sur les services compl\u00e9mentaires que les CER peuvent offrir au territoire, ainsi que diff\u00e9rents \u00e9v\u00e9nements tels que les Assises Azur\u00e9ennes de la transition \u00e9nerg\u00e9tique et des ateliers r\u00e9unissant entreprises, communes et citoyens.La CCI Nice C\u00f4te d\u2019Azur est \u00e9galement directement impliqu\u00e9e dans l\u2019op\u00e9ration d\u2019autoconsommation collective \u00ab M\u00e9ridia \u00bb \u00e0 Nice, pour laquelle elle m\u00e8ne une \u00e9tude visant \u00e0 d\u00e9finir la structure juridique la plus adapt\u00e9e au groupe.Pour suivre le r\u00e9cit de l\u2019\u00c9TAPE 6, rendez-vous sur les profils sociaux li\u00e9s \u00e0 l\u2019\u00e9v\u00e9nement, notamment :sur Instagram Fitfor2030bybike : vid\u00e9o de l\u2019arriv\u00e9e \u00e0 la CCI Nice C\u00f4te d\u2019Azur, carrousel et contenus Relive ;sur LinkedIn RECROSSES : description de l\u2019\u00e9tape et arriv\u00e9e \u00e0 la CCI Nice C\u00f4te d\u2019Azur !","og_url":"https:\/\/recrosses.eu\/fr\/cer-tour-de-recrosses-etape-1-6\/","og_site_name":"Recrosses","article_published_time":"2025-10-09T10:52:31+00:00","article_modified_time":"2025-10-13T10:25:02+00:00","og_image":[{"width":384,"height":425,"url":"https:\/\/recrosses.eu\/wp-content\/uploads\/2025\/10\/CER-Tour_Tappa6.jpg","type":"image\/jpeg"}],"author":"Chiara Bertolin","twitter_card":"summary_large_image","twitter_misc":{"\u00c9crit par":"Chiara Bertolin","Dur\u00e9e de lecture estim\u00e9e":"2 minutes"},"schema":{"@context":"https:\/\/schema.org","@graph":[{"@type":"Article","@id":"https:\/\/recrosses.eu\/fr\/cer-tour-de-recrosses-etape-1-6\/#article","isPartOf":{"@id":"https:\/\/recrosses.eu\/fr\/cer-tour-de-recrosses-etape-1-6\/"},"author":{"name":"Chiara Bertolin","@id":"https:\/\/recrosses.eu\/fr\/#\/schema\/person\/2327e244e995abff4eaeb4f639000640"},"headline":"CER Tour de RECROSSES: \u00c9TAPE 6!","datePublished":"2025-10-09T10:52:31+00:00","dateModified":"2025-10-13T10:25:02+00:00","mainEntityOfPage":{"@id":"https:\/\/recrosses.eu\/fr\/cer-tour-de-recrosses-etape-1-6\/"},"wordCount":335,"commentCount":0,"image":{"@id":"https:\/\/recrosses.eu\/fr\/cer-tour-de-recrosses-etape-1-6\/#primaryimage"},"thumbnailUrl":"https:\/\/recrosses.eu\/wp-content\/uploads\/2025\/10\/CER-Tour_Tappa6.jpg","articleSection":["\u00c9V\u00c9NEMENT"],"inLanguage":"fr-FR","potentialAction":[{"@type":"CommentAction","name":"Comment","target":["https:\/\/recrosses.eu\/fr\/cer-tour-de-recrosses-etape-1-6\/#respond"]}]},{"@type":"WebPage","@id":"https:\/\/recrosses.eu\/fr\/cer-tour-de-recrosses-etape-1-6\/","url":"https:\/\/recrosses.eu\/fr\/cer-tour-de-recrosses-etape-1-6\/","name":"CER Tour de RECROSSES: \u00c9TAPE 6! - Recrosses","isPartOf":{"@id":"https:\/\/recrosses.eu\/fr\/#website"},"primaryImageOfPage":{"@id":"https:\/\/recrosses.eu\/fr\/cer-tour-de-recrosses-etape-1-6\/#primaryimage"},"image":{"@id":"https:\/\/recrosses.eu\/fr\/cer-tour-de-recrosses-etape-1-6\/#primaryimage"},"thumbnailUrl":"https:\/\/recrosses.eu\/wp-content\/uploads\/2025\/10\/CER-Tour_Tappa6.jpg","datePublished":"2025-10-09T10:52:31+00:00","dateModified":"2025-10-13T10:25:02+00:00","author":{"@id":"https:\/\/recrosses.eu\/fr\/#\/schema\/person\/2327e244e995abff4eaeb4f639000640"},"description":"La derni\u00e8re \u00e9tape du CER Tour, au d\u00e9part de Cuneo, descend vers la C\u00f4te d\u2019Azur en traversant la dorsale du Col de Brouis, puis par Sospel et le Col de Braus, avec ses c\u00e9l\u00e8bres lacets. Il s\u2019agit d\u2019une \u00e9tape de moyenne montagne qui se conclut au si\u00e8ge du partenaire de RECROSSES, la CCI Nice C\u00f4te d\u2019Azur.L\u2019arriv\u00e9e du premier CER Tour de RECROSSES marque ainsi une \u00e9tape transfrontali\u00e8re. La CCI Nice C\u00f4te d\u2019Azur, partenaire du projet, joue en effet un r\u00f4le actif dans la r\u00e9gion alpine des Alpes-Maritimes pour identifier les territoires favorables au d\u00e9veloppement des Communaut\u00e9s d\u2019\u00c9nergie Renouvelable (CER), en particulier dans les zones industrielles et les petites communes. Dans le cadre de RECROSSES, la CCI Nice C\u00f4te d\u2019Azur, en collaboration avec les partenaires du projet, a mis en place des actions de sensibilisation et de formation \u00e0 travers des simulations \u00e9conomiques et \u00e9nerg\u00e9tiques, des fiches pratiques sur les services compl\u00e9mentaires que les CER peuvent offrir au territoire, ainsi que diff\u00e9rents \u00e9v\u00e9nements tels que les Assises Azur\u00e9ennes de la transition \u00e9nerg\u00e9tique et des ateliers r\u00e9unissant entreprises, communes et citoyens.La CCI Nice C\u00f4te d\u2019Azur est \u00e9galement directement impliqu\u00e9e dans l\u2019op\u00e9ration d\u2019autoconsommation collective \u00ab M\u00e9ridia \u00bb \u00e0 Nice, pour laquelle elle m\u00e8ne une \u00e9tude visant \u00e0 d\u00e9finir la structure juridique la plus adapt\u00e9e au groupe.Pour suivre le r\u00e9cit de l\u2019\u00c9TAPE 6, rendez-vous sur les profils sociaux li\u00e9s \u00e0 l\u2019\u00e9v\u00e9nement, notamment :sur Instagram Fitfor2030bybike : vid\u00e9o de l\u2019arriv\u00e9e \u00e0 la CCI Nice C\u00f4te d\u2019Azur, carrousel et contenus Relive ;sur LinkedIn RECROSSES : description de l\u2019\u00e9tape et arriv\u00e9e \u00e0 la CCI Nice C\u00f4te d\u2019Azur !","breadcrumb":{"@id":"https:\/\/recrosses.eu\/fr\/cer-tour-de-recrosses-etape-1-6\/#breadcrumb"},"inLanguage":"fr-FR","potentialAction":[{"@type":"ReadAction","target":["https:\/\/recrosses.eu\/fr\/cer-tour-de-recrosses-etape-1-6\/"]}]},{"@type":"ImageObject","inLanguage":"fr-FR","@id":"https:\/\/recrosses.eu\/fr\/cer-tour-de-recrosses-etape-1-6\/#primaryimage","url":"https:\/\/recrosses.eu\/wp-content\/uploads\/2025\/10\/CER-Tour_Tappa6.jpg","contentUrl":"https:\/\/recrosses.eu\/wp-content\/uploads\/2025\/10\/CER-Tour_Tappa6.jpg","width":384,"height":425},{"@type":"BreadcrumbList","@id":"https:\/\/recrosses.eu\/fr\/cer-tour-de-recrosses-etape-1-6\/#breadcrumb","itemListElement":[{"@type":"ListItem","position":1,"name":"Home","item":"https:\/\/recrosses.eu\/fr\/home\/"},{"@type":"ListItem","position":2,"name":"CER Tour de RECROSSES: \u00c9TAPE 6!"}]},{"@type":"WebSite","@id":"https:\/\/recrosses.eu\/fr\/#website","url":"https:\/\/recrosses.eu\/fr\/","name":"Recrosses","description":"L&#039;energia che unisce - L&#039;\u00e9nergie qui unit","potentialAction":[{"@type":"SearchAction","target":{"@type":"EntryPoint","urlTemplate":"https:\/\/recrosses.eu\/fr\/?s={search_term_string}"},"query-input":{"@type":"PropertyValueSpecification","valueRequired":true,"valueName":"search_term_string"}}],"inLanguage":"fr-FR"},{"@type":"Person","@id":"https:\/\/recrosses.eu\/fr\/#\/schema\/person\/2327e244e995abff4eaeb4f639000640","name":"Chiara Bertolin","image":{"@type":"ImageObject","inLanguage":"fr-FR","@id":"https:\/\/secure.gravatar.com\/avatar\/4789acd3dd60d7a775c67e44f6a017499f73531a758ddf33045a7e35ffafeda6?s=96&d=mm&r=g","url":"https:\/\/secure.gravatar.com\/avatar\/4789acd3dd60d7a775c67e44f6a017499f73531a758ddf33045a7e35ffafeda6?s=96&d=mm&r=g","contentUrl":"https:\/\/secure.gravatar.com\/avatar\/4789acd3dd60d7a775c67e44f6a017499f73531a758ddf33045a7e35ffafeda6?s=96&d=mm&r=g","caption":"Chiara Bertolin"},"url":"https:\/\/recrosses.eu\/fr\/author\/chiara\/"}]}},"_links":{"self":[{"href":"https:\/\/recrosses.eu\/fr\/wp-json\/wp\/v2\/posts\/1446","targetHints":{"allow":["GET"]}}],"collection":[{"href":"https:\/\/recrosses.eu\/fr\/wp-json\/wp\/v2\/posts"}],"about":[{"href":"https:\/\/recrosses.eu\/fr\/wp-json\/wp\/v2\/types\/post"}],"author":[{"embeddable":true,"href":"https:\/\/recrosses.eu\/fr\/wp-json\/wp\/v2\/users\/4"}],"replies":[{"embeddable":true,"href":"https:\/\/recrosses.eu\/fr\/wp-json\/wp\/v2\/comments?post=1446"}],"version-history":[{"count":3,"href":"https:\/\/recrosses.eu\/fr\/wp-json\/wp\/v2\/posts\/1446\/revisions"}],"predecessor-version":[{"id":1461,"href":"https:\/\/recrosses.eu\/fr\/wp-json\/wp\/v2\/posts\/1446\/revisions\/1461"}],"wp:featuredmedia":[{"embeddable":true,"href":"https:\/\/recrosses.eu\/fr\/wp-json\/wp\/v2\/media\/1452"}],"wp:attachment":[{"href":"https:\/\/recrosses.eu\/fr\/wp-json\/wp\/v2\/media?parent=1446"}],"wp:term":[{"taxonomy":"category","embeddable":true,"href":"https:\/\/recrosses.eu\/fr\/wp-json\/wp\/v2\/categories?post=1446"},{"taxonomy":"post_tag","embeddable":true,"href":"https:\/\/recrosses.eu\/fr\/wp-json\/wp\/v2\/tags?post=1446"}],"curies":[{"name":"wp","href":"https:\/\/api.w.org\/{rel}","templated":true}]}}