{"id":1469,"date":"2025-11-26T10:01:48","date_gmt":"2025-11-26T09:01:48","guid":{"rendered":"https:\/\/recrosses.eu\/lexperience-recrosses-lors-de-levenement-cer-et-transition-energetique-au-piemont-resultats-defis-et-nouvelles-opportunites\/"},"modified":"2025-11-26T10:06:36","modified_gmt":"2025-11-26T09:06:36","slug":"lexperience-recrosses-lors-de-levenement-cer-et-transition-energetique-au-piemont-resultats-defis-et-nouvelles-opportunites","status":"publish","type":"post","link":"https:\/\/recrosses.eu\/fr\/lexperience-recrosses-lors-de-levenement-cer-et-transition-energetique-au-piemont-resultats-defis-et-nouvelles-opportunites\/","title":{"rendered":"L\u2019exp\u00e9rience RECROSSES lors de l\u2019\u00e9v\u00e9nement \u00ab CER et Transition \u00e9nerg\u00e9tique au Pi\u00e9mont : r\u00e9sultats, d\u00e9fis et nouvelles opportunit\u00e9s \u00bb"},"content":{"rendered":"\n<p class=\"wp-block-paragraph\"><strong>Le projet Interreg France\u2013Italie ALCOTRA RECROSSES participera \u00e0 l\u2019\u00e9v\u00e9nement \u00ab CER et Transition \u00e9nerg\u00e9tique au Pi\u00e9mont : r\u00e9sultats, d\u00e9fis et nouvelles opportunit\u00e9s \u00bb, une rencontre d\u00e9di\u00e9e \u00e0 l\u2019\u00e9volution des Communaut\u00e9s \u00c9nerg\u00e9tiques Renouvelables (CER) et \u00e0 leur r\u00f4le dans la transition \u00e9nerg\u00e9tique r\u00e9gionale. L\u2019initiative s\u2019inscrit dans un parcours de dialogue entre institutions, entreprises et territoires visant \u00e0 promouvoir des mod\u00e8les \u00e9nerg\u00e9tiques plus durables et participatifs. <\/strong><\/p>\n\n<p class=\"wp-block-paragraph\">Cet \u00e9v\u00e9nement constitue une occasion importante de partager connaissances, outils, r\u00e9sultats et exp\u00e9riences issus des diff\u00e9rents projets actifs sur le th\u00e8me. Les \u00e9changes entre acteurs et administrations permettront d\u2019approfondir les perspectives d\u2019avenir des CER, en les valorisant comme \u00e9l\u00e9ments cl\u00e9s d\u2019une transition \u00e9nerg\u00e9tique inclusive et centr\u00e9e sur les communaut\u00e9s locales. <\/p>\n\n<p class=\"wp-block-paragraph\">Au cours de la rencontre, <strong>Stefano Dotta<\/strong>, d\u2019<em>Environment Park<\/em>, pr\u00e9sentera les r\u00e9sultats des guichets uniques pour le d\u00e9veloppement des Communaut\u00e9s \u00c9nerg\u00e9tiques Renouvelables, en illustrant le parcours qui a conduit du projet RECROSSES \u00e0 Renoss.Nel corso dell\u2019incontro, Stefano Dotta di Environment Park presenter\u00e0 gli esiti degli sportelli unici per lo sviluppo delle Comunit\u00e0 Energetiche Rinnovabili, illustrando il percorso che dal progetto <strong>RECROSSES<\/strong> ha portato a <strong>Renoss<\/strong>.<\/p>\n\n<p class=\"wp-block-paragraph\">L\u2019\u00e9v\u00e9nement aura lieu le lundi 1er d\u00e9cembre 2025, de <strong><strong>9h30 \u00e0 12h30<\/strong><\/strong>, dans la <strong>Salle Transparence du Grattacielo de la R\u00e9gion Pi\u00e9mont<\/strong>. La participation est possible en pr\u00e9sence ou en streaming. <\/p>\n\n<p class=\"wp-block-paragraph\">La participation est gratuite, sur inscription via le formulaire disponible au lien suivant :<br\/><strong><a href=\"https:\/\/lnkd.in\/d26zVdpP\">https:\/\/lnkd.in\/d26zVdpP<\/a><\/strong><\/p>\n\n<p class=\"wp-block-paragraph\">Le programme complet de l\u2019\u00e9v\u00e9nement est consultable ici :<br\/><strong><a href=\"https:\/\/lnkd.in\/dtGG-Pkm\">https:\/\/lnkd.in\/dtGG-Pkm<\/a><\/strong><\/p>\n","protected":false},"excerpt":{"rendered":"<p>Le projet Interreg France\u2013Italie ALCOTRA RECROSSES participera \u00e0 l\u2019\u00e9v\u00e9nement \u00ab CER et Transition \u00e9nerg\u00e9tique au Pi\u00e9mont : r\u00e9sultats, d\u00e9fis et nouvelles opportunit\u00e9s \u00bb, une rencontre d\u00e9di\u00e9e \u00e0 l\u2019\u00e9volution des Communaut\u00e9s \u00c9nerg\u00e9tiques Renouvelables (CER) et \u00e0 leur r\u00f4le dans la transition \u00e9nerg\u00e9tique r\u00e9gionale. L\u2019initiative s\u2019inscrit dans un parcours de dialogue entre institutions, entreprises et territoires visant [&hellip;]<\/p>\n","protected":false},"author":4,"featured_media":1467,"comment_status":"open","ping_status":"open","sticky":false,"template":"","format":"standard","meta":{"_acf_changed":false,"footnotes":""},"categories":[26,22],"tags":[],"class_list":["post-1469","post","type-post","status-publish","format-standard","has-post-thumbnail","hentry","category-evenement-fr","category-nuovelles"],"acf":[],"yoast_head":"<!-- This site is optimized with the Yoast SEO plugin v28.3 - https:\/\/yoast.com\/product\/yoast-seo-wordpress\/ -->\n<title>Ev\u00e9nement Communaut\u00e9s d&#039;\u00e9nergies renouvelables - Recrosses<\/title>\n<meta name=\"description\" content=\"Le projet Interreg France\u2013Italie ALCOTRA RECROSSES participera \u00e0 l\u2019\u00e9v\u00e9nement \u00ab CER et Transition \u00e9nerg\u00e9tique au Pi\u00e9mont : r\u00e9sultats, d\u00e9fis et nouvelles opportunit\u00e9s \u00bb, une rencontre consacr\u00e9e \u00e0 l\u2019\u00e9volution des Communaut\u00e9s \u00c9nerg\u00e9tiques Renouvelables (CER) et \u00e0 leur r\u00f4le dans la transition \u00e9nerg\u00e9tique r\u00e9gionale.Cette initiative s\u2019inscrit dans un parcours de dialogue entre institutions, entreprises et territoires visant \u00e0 promouvoir des mod\u00e8les \u00e9nerg\u00e9tiques plus durables et participatifs.L\u2019\u00e9v\u00e9nement constitue une occasion importante de partager connaissances, outils, r\u00e9sultats et exp\u00e9riences d\u00e9velopp\u00e9s dans les diff\u00e9rents projets actifs sur le th\u00e8me. Les \u00e9changes entre op\u00e9rateurs et administrations permettront d\u2019approfondir les perspectives futures des CER, en les valorisant comme des \u00e9l\u00e9ments cl\u00e9s d\u2019une transition \u00e9nerg\u00e9tique inclusive et centr\u00e9e sur les communaut\u00e9s locales.Au cours de la rencontre, Stefano Dotta, d\u2019Environment Park, pr\u00e9sentera les r\u00e9sultats des guichets uniques pour le d\u00e9veloppement des Communaut\u00e9s \u00c9nerg\u00e9tiques Renouvelables, en illustrant le parcours qui a conduit du projet RECROSSES \u00e0 Renoss.L\u2019\u00e9v\u00e9nement se tiendra lundi 1er d\u00e9cembre 2025, de 9h30 \u00e0 12h30, dans la Salle Transparence du Grattacielo de la R\u00e9gion Pi\u00e9mont.La participation sera possible en pr\u00e9sence ou en streaming.\" \/>\n<meta name=\"robots\" content=\"index, follow, max-snippet:-1, max-image-preview:large, max-video-preview:-1\" \/>\n<link rel=\"canonical\" href=\"https:\/\/recrosses.eu\/fr\/lexperience-recrosses-lors-de-levenement-cer-et-transition-energetique-au-piemont-resultats-defis-et-nouvelles-opportunites\/\" \/>\n<meta property=\"og:locale\" content=\"fr_FR\" \/>\n<meta property=\"og:type\" content=\"article\" \/>\n<meta property=\"og:title\" content=\"Ev\u00e9nement Communaut\u00e9s d&#039;\u00e9nergies renouvelables - Recrosses\" \/>\n<meta property=\"og:description\" content=\"Le projet Interreg France\u2013Italie ALCOTRA RECROSSES participera \u00e0 l\u2019\u00e9v\u00e9nement \u00ab CER et Transition \u00e9nerg\u00e9tique au Pi\u00e9mont : r\u00e9sultats, d\u00e9fis et nouvelles opportunit\u00e9s \u00bb, une rencontre consacr\u00e9e \u00e0 l\u2019\u00e9volution des Communaut\u00e9s \u00c9nerg\u00e9tiques Renouvelables (CER) et \u00e0 leur r\u00f4le dans la transition \u00e9nerg\u00e9tique r\u00e9gionale.Cette initiative s\u2019inscrit dans un parcours de dialogue entre institutions, entreprises et territoires visant \u00e0 promouvoir des mod\u00e8les \u00e9nerg\u00e9tiques plus durables et participatifs.L\u2019\u00e9v\u00e9nement constitue une occasion importante de partager connaissances, outils, r\u00e9sultats et exp\u00e9riences d\u00e9velopp\u00e9s dans les diff\u00e9rents projets actifs sur le th\u00e8me. Les \u00e9changes entre op\u00e9rateurs et administrations permettront d\u2019approfondir les perspectives futures des CER, en les valorisant comme des \u00e9l\u00e9ments cl\u00e9s d\u2019une transition \u00e9nerg\u00e9tique inclusive et centr\u00e9e sur les communaut\u00e9s locales.Au cours de la rencontre, Stefano Dotta, d\u2019Environment Park, pr\u00e9sentera les r\u00e9sultats des guichets uniques pour le d\u00e9veloppement des Communaut\u00e9s \u00c9nerg\u00e9tiques Renouvelables, en illustrant le parcours qui a conduit du projet RECROSSES \u00e0 Renoss.L\u2019\u00e9v\u00e9nement se tiendra lundi 1er d\u00e9cembre 2025, de 9h30 \u00e0 12h30, dans la Salle Transparence du Grattacielo de la R\u00e9gion Pi\u00e9mont.La participation sera possible en pr\u00e9sence ou en streaming.\" \/>\n<meta property=\"og:url\" content=\"https:\/\/recrosses.eu\/fr\/lexperience-recrosses-lors-de-levenement-cer-et-transition-energetique-au-piemont-resultats-defis-et-nouvelles-opportunites\/\" \/>\n<meta property=\"og:site_name\" content=\"Recrosses\" \/>\n<meta property=\"article:published_time\" content=\"2025-11-26T09:01:48+00:00\" \/>\n<meta property=\"article:modified_time\" content=\"2025-11-26T09:06:36+00:00\" \/>\n<meta property=\"og:image\" content=\"https:\/\/recrosses.eu\/wp-content\/uploads\/2025\/11\/Immagini-conferenza-1-DIC_quadrata.png\" \/>\n\t<meta property=\"og:image:width\" content=\"768\" \/>\n\t<meta property=\"og:image:height\" content=\"768\" \/>\n\t<meta property=\"og:image:type\" content=\"image\/png\" \/>\n<meta name=\"author\" content=\"Chiara Bertolin\" \/>\n<meta name=\"twitter:card\" content=\"summary_large_image\" \/>\n<meta name=\"twitter:label1\" content=\"\u00c9crit par\" \/>\n\t<meta name=\"twitter:data1\" content=\"Chiara Bertolin\" \/>\n\t<meta name=\"twitter:label2\" content=\"Dur\u00e9e de lecture estim\u00e9e\" \/>\n\t<meta name=\"twitter:data2\" content=\"1 minute\" \/>\n<script type=\"application\/ld+json\" class=\"yoast-schema-graph\">{\"@context\":\"https:\\\/\\\/schema.org\",\"@graph\":[{\"@type\":\"Article\",\"@id\":\"https:\\\/\\\/recrosses.eu\\\/fr\\\/lexperience-recrosses-lors-de-levenement-cer-et-transition-energetique-au-piemont-resultats-defis-et-nouvelles-opportunites\\\/#article\",\"isPartOf\":{\"@id\":\"https:\\\/\\\/recrosses.eu\\\/fr\\\/lexperience-recrosses-lors-de-levenement-cer-et-transition-energetique-au-piemont-resultats-defis-et-nouvelles-opportunites\\\/\"},\"author\":{\"name\":\"Chiara Bertolin\",\"@id\":\"https:\\\/\\\/recrosses.eu\\\/fr\\\/#\\\/schema\\\/person\\\/2327e244e995abff4eaeb4f639000640\"},\"headline\":\"L\u2019exp\u00e9rience RECROSSES lors de l\u2019\u00e9v\u00e9nement \u00ab CER et Transition \u00e9nerg\u00e9tique au Pi\u00e9mont : r\u00e9sultats, d\u00e9fis et nouvelles opportunit\u00e9s \u00bb\",\"datePublished\":\"2025-11-26T09:01:48+00:00\",\"dateModified\":\"2025-11-26T09:06:36+00:00\",\"mainEntityOfPage\":{\"@id\":\"https:\\\/\\\/recrosses.eu\\\/fr\\\/lexperience-recrosses-lors-de-levenement-cer-et-transition-energetique-au-piemont-resultats-defis-et-nouvelles-opportunites\\\/\"},\"wordCount\":304,\"commentCount\":0,\"image\":{\"@id\":\"https:\\\/\\\/recrosses.eu\\\/fr\\\/lexperience-recrosses-lors-de-levenement-cer-et-transition-energetique-au-piemont-resultats-defis-et-nouvelles-opportunites\\\/#primaryimage\"},\"thumbnailUrl\":\"https:\\\/\\\/recrosses.eu\\\/wp-content\\\/uploads\\\/2025\\\/11\\\/Immagini-conferenza-1-DIC_quadrata.png\",\"articleSection\":[\"\u00c9V\u00c9NEMENT\",\"Nuovelles\"],\"inLanguage\":\"fr-FR\",\"potentialAction\":[{\"@type\":\"CommentAction\",\"name\":\"Comment\",\"target\":[\"https:\\\/\\\/recrosses.eu\\\/fr\\\/lexperience-recrosses-lors-de-levenement-cer-et-transition-energetique-au-piemont-resultats-defis-et-nouvelles-opportunites\\\/#respond\"]}]},{\"@type\":\"WebPage\",\"@id\":\"https:\\\/\\\/recrosses.eu\\\/fr\\\/lexperience-recrosses-lors-de-levenement-cer-et-transition-energetique-au-piemont-resultats-defis-et-nouvelles-opportunites\\\/\",\"url\":\"https:\\\/\\\/recrosses.eu\\\/fr\\\/lexperience-recrosses-lors-de-levenement-cer-et-transition-energetique-au-piemont-resultats-defis-et-nouvelles-opportunites\\\/\",\"name\":\"Ev\u00e9nement Communaut\u00e9s d'\u00e9nergies renouvelables - Recrosses\",\"isPartOf\":{\"@id\":\"https:\\\/\\\/recrosses.eu\\\/fr\\\/#website\"},\"primaryImageOfPage\":{\"@id\":\"https:\\\/\\\/recrosses.eu\\\/fr\\\/lexperience-recrosses-lors-de-levenement-cer-et-transition-energetique-au-piemont-resultats-defis-et-nouvelles-opportunites\\\/#primaryimage\"},\"image\":{\"@id\":\"https:\\\/\\\/recrosses.eu\\\/fr\\\/lexperience-recrosses-lors-de-levenement-cer-et-transition-energetique-au-piemont-resultats-defis-et-nouvelles-opportunites\\\/#primaryimage\"},\"thumbnailUrl\":\"https:\\\/\\\/recrosses.eu\\\/wp-content\\\/uploads\\\/2025\\\/11\\\/Immagini-conferenza-1-DIC_quadrata.png\",\"datePublished\":\"2025-11-26T09:01:48+00:00\",\"dateModified\":\"2025-11-26T09:06:36+00:00\",\"author\":{\"@id\":\"https:\\\/\\\/recrosses.eu\\\/fr\\\/#\\\/schema\\\/person\\\/2327e244e995abff4eaeb4f639000640\"},\"description\":\"Le projet Interreg France\u2013Italie ALCOTRA RECROSSES participera \u00e0 l\u2019\u00e9v\u00e9nement \u00ab CER et Transition \u00e9nerg\u00e9tique au Pi\u00e9mont : r\u00e9sultats, d\u00e9fis et nouvelles opportunit\u00e9s \u00bb, une rencontre consacr\u00e9e \u00e0 l\u2019\u00e9volution des Communaut\u00e9s \u00c9nerg\u00e9tiques Renouvelables (CER) et \u00e0 leur r\u00f4le dans la transition \u00e9nerg\u00e9tique r\u00e9gionale.Cette initiative s\u2019inscrit dans un parcours de dialogue entre institutions, entreprises et territoires visant \u00e0 promouvoir des mod\u00e8les \u00e9nerg\u00e9tiques plus durables et participatifs.L\u2019\u00e9v\u00e9nement constitue une occasion importante de partager connaissances, outils, r\u00e9sultats et exp\u00e9riences d\u00e9velopp\u00e9s dans les diff\u00e9rents projets actifs sur le th\u00e8me. Les \u00e9changes entre op\u00e9rateurs et administrations permettront d\u2019approfondir les perspectives futures des CER, en les valorisant comme des \u00e9l\u00e9ments cl\u00e9s d\u2019une transition \u00e9nerg\u00e9tique inclusive et centr\u00e9e sur les communaut\u00e9s locales.Au cours de la rencontre, Stefano Dotta, d\u2019Environment Park, pr\u00e9sentera les r\u00e9sultats des guichets uniques pour le d\u00e9veloppement des Communaut\u00e9s \u00c9nerg\u00e9tiques Renouvelables, en illustrant le parcours qui a conduit du projet RECROSSES \u00e0 Renoss.L\u2019\u00e9v\u00e9nement se tiendra lundi 1er d\u00e9cembre 2025, de 9h30 \u00e0 12h30, dans la Salle Transparence du Grattacielo de la R\u00e9gion Pi\u00e9mont.La participation sera possible en pr\u00e9sence ou en streaming.\",\"breadcrumb\":{\"@id\":\"https:\\\/\\\/recrosses.eu\\\/fr\\\/lexperience-recrosses-lors-de-levenement-cer-et-transition-energetique-au-piemont-resultats-defis-et-nouvelles-opportunites\\\/#breadcrumb\"},\"inLanguage\":\"fr-FR\",\"potentialAction\":[{\"@type\":\"ReadAction\",\"target\":[\"https:\\\/\\\/recrosses.eu\\\/fr\\\/lexperience-recrosses-lors-de-levenement-cer-et-transition-energetique-au-piemont-resultats-defis-et-nouvelles-opportunites\\\/\"]}]},{\"@type\":\"ImageObject\",\"inLanguage\":\"fr-FR\",\"@id\":\"https:\\\/\\\/recrosses.eu\\\/fr\\\/lexperience-recrosses-lors-de-levenement-cer-et-transition-energetique-au-piemont-resultats-defis-et-nouvelles-opportunites\\\/#primaryimage\",\"url\":\"https:\\\/\\\/recrosses.eu\\\/wp-content\\\/uploads\\\/2025\\\/11\\\/Immagini-conferenza-1-DIC_quadrata.png\",\"contentUrl\":\"https:\\\/\\\/recrosses.eu\\\/wp-content\\\/uploads\\\/2025\\\/11\\\/Immagini-conferenza-1-DIC_quadrata.png\",\"width\":768,\"height\":768},{\"@type\":\"BreadcrumbList\",\"@id\":\"https:\\\/\\\/recrosses.eu\\\/fr\\\/lexperience-recrosses-lors-de-levenement-cer-et-transition-energetique-au-piemont-resultats-defis-et-nouvelles-opportunites\\\/#breadcrumb\",\"itemListElement\":[{\"@type\":\"ListItem\",\"position\":1,\"name\":\"Home\",\"item\":\"https:\\\/\\\/recrosses.eu\\\/fr\\\/home\\\/\"},{\"@type\":\"ListItem\",\"position\":2,\"name\":\"L\u2019exp\u00e9rience RECROSSES lors de l\u2019\u00e9v\u00e9nement \u00ab CER et Transition \u00e9nerg\u00e9tique au Pi\u00e9mont : r\u00e9sultats, d\u00e9fis et nouvelles opportunit\u00e9s \u00bb\"}]},{\"@type\":\"WebSite\",\"@id\":\"https:\\\/\\\/recrosses.eu\\\/fr\\\/#website\",\"url\":\"https:\\\/\\\/recrosses.eu\\\/fr\\\/\",\"name\":\"Recrosses\",\"description\":\"L&#039;energia che unisce - L&#039;\u00e9nergie qui unit\",\"potentialAction\":[{\"@type\":\"SearchAction\",\"target\":{\"@type\":\"EntryPoint\",\"urlTemplate\":\"https:\\\/\\\/recrosses.eu\\\/fr\\\/?s={search_term_string}\"},\"query-input\":{\"@type\":\"PropertyValueSpecification\",\"valueRequired\":true,\"valueName\":\"search_term_string\"}}],\"inLanguage\":\"fr-FR\"},{\"@type\":\"Person\",\"@id\":\"https:\\\/\\\/recrosses.eu\\\/fr\\\/#\\\/schema\\\/person\\\/2327e244e995abff4eaeb4f639000640\",\"name\":\"Chiara Bertolin\",\"image\":{\"@type\":\"ImageObject\",\"inLanguage\":\"fr-FR\",\"@id\":\"https:\\\/\\\/secure.gravatar.com\\\/avatar\\\/4789acd3dd60d7a775c67e44f6a017499f73531a758ddf33045a7e35ffafeda6?s=96&d=mm&r=g\",\"url\":\"https:\\\/\\\/secure.gravatar.com\\\/avatar\\\/4789acd3dd60d7a775c67e44f6a017499f73531a758ddf33045a7e35ffafeda6?s=96&d=mm&r=g\",\"contentUrl\":\"https:\\\/\\\/secure.gravatar.com\\\/avatar\\\/4789acd3dd60d7a775c67e44f6a017499f73531a758ddf33045a7e35ffafeda6?s=96&d=mm&r=g\",\"caption\":\"Chiara Bertolin\"},\"url\":\"https:\\\/\\\/recrosses.eu\\\/fr\\\/author\\\/chiara\\\/\"}]}<\/script>\n<!-- \/ Yoast SEO plugin. -->","yoast_head_json":{"title":"Ev\u00e9nement Communaut\u00e9s d'\u00e9nergies renouvelables - Recrosses","description":"Le projet Interreg France\u2013Italie ALCOTRA RECROSSES participera \u00e0 l\u2019\u00e9v\u00e9nement \u00ab CER et Transition \u00e9nerg\u00e9tique au Pi\u00e9mont : r\u00e9sultats, d\u00e9fis et nouvelles opportunit\u00e9s \u00bb, une rencontre consacr\u00e9e \u00e0 l\u2019\u00e9volution des Communaut\u00e9s \u00c9nerg\u00e9tiques Renouvelables (CER) et \u00e0 leur r\u00f4le dans la transition \u00e9nerg\u00e9tique r\u00e9gionale.Cette initiative s\u2019inscrit dans un parcours de dialogue entre institutions, entreprises et territoires visant \u00e0 promouvoir des mod\u00e8les \u00e9nerg\u00e9tiques plus durables et participatifs.L\u2019\u00e9v\u00e9nement constitue une occasion importante de partager connaissances, outils, r\u00e9sultats et exp\u00e9riences d\u00e9velopp\u00e9s dans les diff\u00e9rents projets actifs sur le th\u00e8me. Les \u00e9changes entre op\u00e9rateurs et administrations permettront d\u2019approfondir les perspectives futures des CER, en les valorisant comme des \u00e9l\u00e9ments cl\u00e9s d\u2019une transition \u00e9nerg\u00e9tique inclusive et centr\u00e9e sur les communaut\u00e9s locales.Au cours de la rencontre, Stefano Dotta, d\u2019Environment Park, pr\u00e9sentera les r\u00e9sultats des guichets uniques pour le d\u00e9veloppement des Communaut\u00e9s \u00c9nerg\u00e9tiques Renouvelables, en illustrant le parcours qui a conduit du projet RECROSSES \u00e0 Renoss.L\u2019\u00e9v\u00e9nement se tiendra lundi 1er d\u00e9cembre 2025, de 9h30 \u00e0 12h30, dans la Salle Transparence du Grattacielo de la R\u00e9gion Pi\u00e9mont.La participation sera possible en pr\u00e9sence ou en streaming.","robots":{"index":"index","follow":"follow","max-snippet":"max-snippet:-1","max-image-preview":"max-image-preview:large","max-video-preview":"max-video-preview:-1"},"canonical":"https:\/\/recrosses.eu\/fr\/lexperience-recrosses-lors-de-levenement-cer-et-transition-energetique-au-piemont-resultats-defis-et-nouvelles-opportunites\/","og_locale":"fr_FR","og_type":"article","og_title":"Ev\u00e9nement Communaut\u00e9s d'\u00e9nergies renouvelables - Recrosses","og_description":"Le projet Interreg France\u2013Italie ALCOTRA RECROSSES participera \u00e0 l\u2019\u00e9v\u00e9nement \u00ab CER et Transition \u00e9nerg\u00e9tique au Pi\u00e9mont : r\u00e9sultats, d\u00e9fis et nouvelles opportunit\u00e9s \u00bb, une rencontre consacr\u00e9e \u00e0 l\u2019\u00e9volution des Communaut\u00e9s \u00c9nerg\u00e9tiques Renouvelables (CER) et \u00e0 leur r\u00f4le dans la transition \u00e9nerg\u00e9tique r\u00e9gionale.Cette initiative s\u2019inscrit dans un parcours de dialogue entre institutions, entreprises et territoires visant \u00e0 promouvoir des mod\u00e8les \u00e9nerg\u00e9tiques plus durables et participatifs.L\u2019\u00e9v\u00e9nement constitue une occasion importante de partager connaissances, outils, r\u00e9sultats et exp\u00e9riences d\u00e9velopp\u00e9s dans les diff\u00e9rents projets actifs sur le th\u00e8me. Les \u00e9changes entre op\u00e9rateurs et administrations permettront d\u2019approfondir les perspectives futures des CER, en les valorisant comme des \u00e9l\u00e9ments cl\u00e9s d\u2019une transition \u00e9nerg\u00e9tique inclusive et centr\u00e9e sur les communaut\u00e9s locales.Au cours de la rencontre, Stefano Dotta, d\u2019Environment Park, pr\u00e9sentera les r\u00e9sultats des guichets uniques pour le d\u00e9veloppement des Communaut\u00e9s \u00c9nerg\u00e9tiques Renouvelables, en illustrant le parcours qui a conduit du projet RECROSSES \u00e0 Renoss.L\u2019\u00e9v\u00e9nement se tiendra lundi 1er d\u00e9cembre 2025, de 9h30 \u00e0 12h30, dans la Salle Transparence du Grattacielo de la R\u00e9gion Pi\u00e9mont.La participation sera possible en pr\u00e9sence ou en streaming.","og_url":"https:\/\/recrosses.eu\/fr\/lexperience-recrosses-lors-de-levenement-cer-et-transition-energetique-au-piemont-resultats-defis-et-nouvelles-opportunites\/","og_site_name":"Recrosses","article_published_time":"2025-11-26T09:01:48+00:00","article_modified_time":"2025-11-26T09:06:36+00:00","og_image":[{"width":768,"height":768,"url":"https:\/\/recrosses.eu\/wp-content\/uploads\/2025\/11\/Immagini-conferenza-1-DIC_quadrata.png","type":"image\/png"}],"author":"Chiara Bertolin","twitter_card":"summary_large_image","twitter_misc":{"\u00c9crit par":"Chiara Bertolin","Dur\u00e9e de lecture estim\u00e9e":"1 minute"},"schema":{"@context":"https:\/\/schema.org","@graph":[{"@type":"Article","@id":"https:\/\/recrosses.eu\/fr\/lexperience-recrosses-lors-de-levenement-cer-et-transition-energetique-au-piemont-resultats-defis-et-nouvelles-opportunites\/#article","isPartOf":{"@id":"https:\/\/recrosses.eu\/fr\/lexperience-recrosses-lors-de-levenement-cer-et-transition-energetique-au-piemont-resultats-defis-et-nouvelles-opportunites\/"},"author":{"name":"Chiara Bertolin","@id":"https:\/\/recrosses.eu\/fr\/#\/schema\/person\/2327e244e995abff4eaeb4f639000640"},"headline":"L\u2019exp\u00e9rience RECROSSES lors de l\u2019\u00e9v\u00e9nement \u00ab CER et Transition \u00e9nerg\u00e9tique au Pi\u00e9mont : r\u00e9sultats, d\u00e9fis et nouvelles opportunit\u00e9s \u00bb","datePublished":"2025-11-26T09:01:48+00:00","dateModified":"2025-11-26T09:06:36+00:00","mainEntityOfPage":{"@id":"https:\/\/recrosses.eu\/fr\/lexperience-recrosses-lors-de-levenement-cer-et-transition-energetique-au-piemont-resultats-defis-et-nouvelles-opportunites\/"},"wordCount":304,"commentCount":0,"image":{"@id":"https:\/\/recrosses.eu\/fr\/lexperience-recrosses-lors-de-levenement-cer-et-transition-energetique-au-piemont-resultats-defis-et-nouvelles-opportunites\/#primaryimage"},"thumbnailUrl":"https:\/\/recrosses.eu\/wp-content\/uploads\/2025\/11\/Immagini-conferenza-1-DIC_quadrata.png","articleSection":["\u00c9V\u00c9NEMENT","Nuovelles"],"inLanguage":"fr-FR","potentialAction":[{"@type":"CommentAction","name":"Comment","target":["https:\/\/recrosses.eu\/fr\/lexperience-recrosses-lors-de-levenement-cer-et-transition-energetique-au-piemont-resultats-defis-et-nouvelles-opportunites\/#respond"]}]},{"@type":"WebPage","@id":"https:\/\/recrosses.eu\/fr\/lexperience-recrosses-lors-de-levenement-cer-et-transition-energetique-au-piemont-resultats-defis-et-nouvelles-opportunites\/","url":"https:\/\/recrosses.eu\/fr\/lexperience-recrosses-lors-de-levenement-cer-et-transition-energetique-au-piemont-resultats-defis-et-nouvelles-opportunites\/","name":"Ev\u00e9nement Communaut\u00e9s d'\u00e9nergies renouvelables - Recrosses","isPartOf":{"@id":"https:\/\/recrosses.eu\/fr\/#website"},"primaryImageOfPage":{"@id":"https:\/\/recrosses.eu\/fr\/lexperience-recrosses-lors-de-levenement-cer-et-transition-energetique-au-piemont-resultats-defis-et-nouvelles-opportunites\/#primaryimage"},"image":{"@id":"https:\/\/recrosses.eu\/fr\/lexperience-recrosses-lors-de-levenement-cer-et-transition-energetique-au-piemont-resultats-defis-et-nouvelles-opportunites\/#primaryimage"},"thumbnailUrl":"https:\/\/recrosses.eu\/wp-content\/uploads\/2025\/11\/Immagini-conferenza-1-DIC_quadrata.png","datePublished":"2025-11-26T09:01:48+00:00","dateModified":"2025-11-26T09:06:36+00:00","author":{"@id":"https:\/\/recrosses.eu\/fr\/#\/schema\/person\/2327e244e995abff4eaeb4f639000640"},"description":"Le projet Interreg France\u2013Italie ALCOTRA RECROSSES participera \u00e0 l\u2019\u00e9v\u00e9nement \u00ab CER et Transition \u00e9nerg\u00e9tique au Pi\u00e9mont : r\u00e9sultats, d\u00e9fis et nouvelles opportunit\u00e9s \u00bb, une rencontre consacr\u00e9e \u00e0 l\u2019\u00e9volution des Communaut\u00e9s \u00c9nerg\u00e9tiques Renouvelables (CER) et \u00e0 leur r\u00f4le dans la transition \u00e9nerg\u00e9tique r\u00e9gionale.Cette initiative s\u2019inscrit dans un parcours de dialogue entre institutions, entreprises et territoires visant \u00e0 promouvoir des mod\u00e8les \u00e9nerg\u00e9tiques plus durables et participatifs.L\u2019\u00e9v\u00e9nement constitue une occasion importante de partager connaissances, outils, r\u00e9sultats et exp\u00e9riences d\u00e9velopp\u00e9s dans les diff\u00e9rents projets actifs sur le th\u00e8me. Les \u00e9changes entre op\u00e9rateurs et administrations permettront d\u2019approfondir les perspectives futures des CER, en les valorisant comme des \u00e9l\u00e9ments cl\u00e9s d\u2019une transition \u00e9nerg\u00e9tique inclusive et centr\u00e9e sur les communaut\u00e9s locales.Au cours de la rencontre, Stefano Dotta, d\u2019Environment Park, pr\u00e9sentera les r\u00e9sultats des guichets uniques pour le d\u00e9veloppement des Communaut\u00e9s \u00c9nerg\u00e9tiques Renouvelables, en illustrant le parcours qui a conduit du projet RECROSSES \u00e0 Renoss.L\u2019\u00e9v\u00e9nement se tiendra lundi 1er d\u00e9cembre 2025, de 9h30 \u00e0 12h30, dans la Salle Transparence du Grattacielo de la R\u00e9gion Pi\u00e9mont.La participation sera possible en pr\u00e9sence ou en streaming.","breadcrumb":{"@id":"https:\/\/recrosses.eu\/fr\/lexperience-recrosses-lors-de-levenement-cer-et-transition-energetique-au-piemont-resultats-defis-et-nouvelles-opportunites\/#breadcrumb"},"inLanguage":"fr-FR","potentialAction":[{"@type":"ReadAction","target":["https:\/\/recrosses.eu\/fr\/lexperience-recrosses-lors-de-levenement-cer-et-transition-energetique-au-piemont-resultats-defis-et-nouvelles-opportunites\/"]}]},{"@type":"ImageObject","inLanguage":"fr-FR","@id":"https:\/\/recrosses.eu\/fr\/lexperience-recrosses-lors-de-levenement-cer-et-transition-energetique-au-piemont-resultats-defis-et-nouvelles-opportunites\/#primaryimage","url":"https:\/\/recrosses.eu\/wp-content\/uploads\/2025\/11\/Immagini-conferenza-1-DIC_quadrata.png","contentUrl":"https:\/\/recrosses.eu\/wp-content\/uploads\/2025\/11\/Immagini-conferenza-1-DIC_quadrata.png","width":768,"height":768},{"@type":"BreadcrumbList","@id":"https:\/\/recrosses.eu\/fr\/lexperience-recrosses-lors-de-levenement-cer-et-transition-energetique-au-piemont-resultats-defis-et-nouvelles-opportunites\/#breadcrumb","itemListElement":[{"@type":"ListItem","position":1,"name":"Home","item":"https:\/\/recrosses.eu\/fr\/home\/"},{"@type":"ListItem","position":2,"name":"L\u2019exp\u00e9rience RECROSSES lors de l\u2019\u00e9v\u00e9nement \u00ab CER et Transition \u00e9nerg\u00e9tique au Pi\u00e9mont : r\u00e9sultats, d\u00e9fis et nouvelles opportunit\u00e9s \u00bb"}]},{"@type":"WebSite","@id":"https:\/\/recrosses.eu\/fr\/#website","url":"https:\/\/recrosses.eu\/fr\/","name":"Recrosses","description":"L&#039;energia che unisce - L&#039;\u00e9nergie qui unit","potentialAction":[{"@type":"SearchAction","target":{"@type":"EntryPoint","urlTemplate":"https:\/\/recrosses.eu\/fr\/?s={search_term_string}"},"query-input":{"@type":"PropertyValueSpecification","valueRequired":true,"valueName":"search_term_string"}}],"inLanguage":"fr-FR"},{"@type":"Person","@id":"https:\/\/recrosses.eu\/fr\/#\/schema\/person\/2327e244e995abff4eaeb4f639000640","name":"Chiara Bertolin","image":{"@type":"ImageObject","inLanguage":"fr-FR","@id":"https:\/\/secure.gravatar.com\/avatar\/4789acd3dd60d7a775c67e44f6a017499f73531a758ddf33045a7e35ffafeda6?s=96&d=mm&r=g","url":"https:\/\/secure.gravatar.com\/avatar\/4789acd3dd60d7a775c67e44f6a017499f73531a758ddf33045a7e35ffafeda6?s=96&d=mm&r=g","contentUrl":"https:\/\/secure.gravatar.com\/avatar\/4789acd3dd60d7a775c67e44f6a017499f73531a758ddf33045a7e35ffafeda6?s=96&d=mm&r=g","caption":"Chiara Bertolin"},"url":"https:\/\/recrosses.eu\/fr\/author\/chiara\/"}]}},"_links":{"self":[{"href":"https:\/\/recrosses.eu\/fr\/wp-json\/wp\/v2\/posts\/1469","targetHints":{"allow":["GET"]}}],"collection":[{"href":"https:\/\/recrosses.eu\/fr\/wp-json\/wp\/v2\/posts"}],"about":[{"href":"https:\/\/recrosses.eu\/fr\/wp-json\/wp\/v2\/types\/post"}],"author":[{"embeddable":true,"href":"https:\/\/recrosses.eu\/fr\/wp-json\/wp\/v2\/users\/4"}],"replies":[{"embeddable":true,"href":"https:\/\/recrosses.eu\/fr\/wp-json\/wp\/v2\/comments?post=1469"}],"version-history":[{"count":1,"href":"https:\/\/recrosses.eu\/fr\/wp-json\/wp\/v2\/posts\/1469\/revisions"}],"predecessor-version":[{"id":1470,"href":"https:\/\/recrosses.eu\/fr\/wp-json\/wp\/v2\/posts\/1469\/revisions\/1470"}],"wp:featuredmedia":[{"embeddable":true,"href":"https:\/\/recrosses.eu\/fr\/wp-json\/wp\/v2\/media\/1467"}],"wp:attachment":[{"href":"https:\/\/recrosses.eu\/fr\/wp-json\/wp\/v2\/media?parent=1469"}],"wp:term":[{"taxonomy":"category","embeddable":true,"href":"https:\/\/recrosses.eu\/fr\/wp-json\/wp\/v2\/categories?post=1469"},{"taxonomy":"post_tag","embeddable":true,"href":"https:\/\/recrosses.eu\/fr\/wp-json\/wp\/v2\/tags?post=1469"}],"curies":[{"name":"wp","href":"https:\/\/api.w.org\/{rel}","templated":true}]}}