{"id":1479,"date":"2025-12-02T13:26:43","date_gmt":"2025-12-02T12:26:43","guid":{"rendered":"https:\/\/recrosses.eu\/?p=1479"},"modified":"2025-12-02T13:26:47","modified_gmt":"2025-12-02T12:26:47","slug":"la-cer-roero-recompensee-comme-communaute-energetique-renouvelable-de-lannee-2025-par-lifec","status":"publish","type":"post","link":"https:\/\/recrosses.eu\/fr\/la-cer-roero-recompensee-comme-communaute-energetique-renouvelable-de-lannee-2025-par-lifec\/","title":{"rendered":"La CER Roero r\u00e9compens\u00e9e comme \u201cCommunaut\u00e9 \u00c9nerg\u00e9tique Renouvelable de l\u2019Ann\u00e9e 2025\u201d par l\u2019IFEC"},"content":{"rendered":"\n<figure class=\"wp-block-gallery has-nested-images columns-default is-cropped wp-block-gallery-1 is-layout-flex wp-block-gallery-is-layout-flex\">\n<figure class=\"wp-block-image size-large\"><img fetchpriority=\"high\" decoding=\"async\" width=\"1024\" height=\"492\" data-src=\"https:\/\/recrosses.eu\/wp-content\/uploads\/2025\/12\/CER-Roero_logo_paesaggio-1024x492.png\" data-id=\"1476\" src=\"data:image\/gif;base64,R0lGODlhAQABAIAAAAAAAP\/\/\/yH5BAEAAAAALAAAAAABAAEAAAIBRAA7\" alt=\"\" class=\"wp-image-1476 lazyload\"\/><noscript><img decoding=\"async\" width=\"1024\" height=\"492\" data-id=\"1476\" src=\"https:\/\/recrosses.eu\/wp-content\/uploads\/2025\/12\/CER-Roero_logo_paesaggio-1024x492.png\" alt=\"\" class=\"wp-image-1476\" srcset=\"https:\/\/recrosses.eu\/wp-content\/uploads\/2025\/12\/CER-Roero_logo_paesaggio-1024x492.png 1024w, https:\/\/recrosses.eu\/wp-content\/uploads\/2025\/12\/CER-Roero_logo_paesaggio-300x144.png 300w, https:\/\/recrosses.eu\/wp-content\/uploads\/2025\/12\/CER-Roero_logo_paesaggio-768x369.png 768w, https:\/\/recrosses.eu\/wp-content\/uploads\/2025\/12\/CER-Roero_logo_paesaggio.png 1357w\" sizes=\"(max-width: 1024px) 100vw, 1024px\" \/><\/noscript><\/figure>\n<\/figure>\n\n<p class=\"wp-block-paragraph\">Une nouvelle reconnaissance significative a \u00e9t\u00e9 attribu\u00e9e \u00e0 l\u2019une des Communaut\u00e9s \u00c9nerg\u00e9tiques Renouvelables accompagn\u00e9es par le projet Interreg France\u2013Italie Alcotra <strong>RECROSSES<\/strong>.<br\/>La <a href=\"https:\/\/www.ceroero.it\/\"><strong>Communaut\u00e9 \u00c9nerg\u00e9tique Renouvelable Roero<\/strong><\/a> a en effet \u00e9t\u00e9 proclam\u00e9e, mardi 25 novembre,<strong> \u201cCommunaut\u00e9 \u00c9nerg\u00e9tique Renouvelable de l\u2019Ann\u00e9e \u2013 2025\u201d<\/strong> par l\u2019<a href=\"https:\/\/www.wec-italia.org\/IFEC\"><strong>Italian Forum of Energy Communities (IFEC).<\/strong><\/a><\/p>\n\n<p class=\"wp-block-paragraph\">Cr\u00e9\u00e9e \u00e0 la mi-2024, la CER Roero a connu en quelques mois une adh\u00e9sion particuli\u00e8rement large et diversifi\u00e9e.<br\/>Elle compte aujourd\u2019hui plus de 790 membres, parmi lesquels des citoyens, des entreprises, des organismes publics, des institutions religieuses et des associations, et regroupe environ 1 300 points de pr\u00e9l\u00e8vement (POD) r\u00e9partis dans plus de 70 communes pi\u00e9montaises.<br\/>La communaut\u00e9 a \u00e9galement rassembl\u00e9 des disponibilit\u00e9s d\u2019installations pour <strong>plus de 14 MW de puissance photovolta\u00efque<\/strong>, distribu\u00e9es sur <strong>plus de 30 postes sources<\/strong>, et dispose d\u00e9j\u00e0 de <strong>10 configurations \u00e9nerg\u00e9tiques op\u00e9rationnelles<\/strong>, plusieurs autres \u00e9tant en cours d\u2019activation.  <\/p>\n\n<h2 class=\"wp-block-heading\">Un mod\u00e8le public au service du territoire<\/h2>\n\n<p class=\"wp-block-paragraph\">L\u2019un des \u00e9l\u00e9ments distinctifs de la CER Roero r\u00e9side dans son choix d\u2019une gouvernance enti\u00e8rement publique : la communaut\u00e9 a en effet \u00e9t\u00e9 <strong>fond\u00e9e et dirig\u00e9e par les communes<\/strong>, garantissant une approche orient\u00e9e vers l\u2019int\u00e9r\u00eat collectif et la transparence.<\/p>\n\n<p class=\"wp-block-paragraph\">D\u00e9terminant dans le processus de cr\u00e9ation et d\u2019activation de la CER a \u00e9t\u00e9, aux c\u00f4t\u00e9s de la contribution volontaire des membres, le <strong>soutien technique et r\u00e9glementaire d\u2019Environment Park<\/strong>, apport\u00e9 dans le cadre des projets <strong>RECROSSES<\/strong> et <strong>RENOSS<\/strong>.<br\/>Essentiel \u00e9galement, le soutien des fondations locales, en particulier de la <strong>Fondation CRC<\/strong> et de la <strong>Fondation Compagnia di San Paolo<\/strong>.<\/p>\n\n<h2 class=\"wp-block-heading\">Une reconnaissance qui confirme le r\u00f4le des CER dans la transition \u00e9nerg\u00e9tique<\/h2>\n\n<p class=\"wp-block-paragraph\">Le prix attribu\u00e9 par l\u2019IFEC repr\u00e9sente une reconnaissance de la valeur du travail men\u00e9 par le territoire et par l\u2019ensemble des partenaires impliqu\u00e9s. Il confirme la capacit\u00e9 des Communaut\u00e9s \u00c9nerg\u00e9tiques Renouvelables \u00e0 g\u00e9n\u00e9rer des b\u00e9n\u00e9fices environnementaux, sociaux et \u00e9conomiques.<\/p>\n\n<p class=\"wp-block-paragraph\">La CER Roero s\u2019affirme ainsi comme un mod\u00e8le vertueux et reproductible pour la transition \u00e9nerg\u00e9tique et pour la diffusion de pratiques de production et de consommation partag\u00e9e d\u2019\u00e9nergie renouvelable.<\/p>\n","protected":false},"excerpt":{"rendered":"<p>Une nouvelle reconnaissance significative a \u00e9t\u00e9 attribu\u00e9e \u00e0 l\u2019une des Communaut\u00e9s \u00c9nerg\u00e9tiques Renouvelables accompagn\u00e9es par le projet Interreg France\u2013Italie Alcotra RECROSSES.La Communaut\u00e9 \u00c9nerg\u00e9tique Renouvelable Roero a en effet \u00e9t\u00e9 proclam\u00e9e, mardi 25 novembre, \u201cCommunaut\u00e9 \u00c9nerg\u00e9tique Renouvelable de l\u2019Ann\u00e9e \u2013 2025\u201d par l\u2019Italian Forum of Energy Communities (IFEC). Cr\u00e9\u00e9e \u00e0 la mi-2024, la CER Roero a [&hellip;]<\/p>\n","protected":false},"author":4,"featured_media":1474,"comment_status":"open","ping_status":"open","sticky":false,"template":"","format":"standard","meta":{"_acf_changed":false,"footnotes":""},"categories":[22],"tags":[],"class_list":["post-1479","post","type-post","status-publish","format-standard","has-post-thumbnail","hentry","category-nuovelles"],"acf":[],"yoast_head":"<!-- This site is optimized with the Yoast SEO plugin v28.3 - https:\/\/yoast.com\/product\/yoast-seo-wordpress\/ -->\n<title>La CER Roero a \u00e9t\u00e9 r\u00e9compens\u00e9e comme CER de l\u2019Ann\u00e9e 2025 par l\u2019IFEC - Recrosses<\/title>\n<meta name=\"description\" content=\"Un nouveau et important signe de reconnaissance arrive pour l\u2019une des Communaut\u00e9s \u00c9nerg\u00e9tiques Renouvelables accompagn\u00e9es par le projet Interreg France\u2013Italie Alcotra RECROSSES. En effet, la Communaut\u00e9 \u00c9nerg\u00e9tique Renouvelable Roero a \u00e9t\u00e9 proclam\u00e9e, mardi 25 novembre, \u00ab Communaut\u00e9 \u00c9nerg\u00e9tique Renouvelable de l\u2019Ann\u00e9e \u2013 2025 \u00bb par l\u2019Italian Forum of Energy Communities (IFEC).Constitu\u00e9e \u00e0 la mi-2024, la CER Roero a enregistr\u00e9 en quelques mois une adh\u00e9sion extr\u00eamement large et diversifi\u00e9e. Elle compte aujourd\u2019hui plus de 790 membres, parmi lesquels des citoyens, des entreprises, des organismes publics, des institutions religieuses et des associations, et regroupe environ 1 300 points de pr\u00e9l\u00e8vement (POD) r\u00e9partis dans plus de 70 communes du Pi\u00e9mont. La communaut\u00e9 a \u00e9galement recueilli des disponibilit\u00e9s d\u2019installations pour plus de 14 MW de puissance photovolta\u00efque, r\u00e9parties sur plus de 30 postes sources, et dispose d\u00e9j\u00e0 de 10 configurations \u00e9nerg\u00e9tiques op\u00e9rationnelles, avec de nombreuses autres en cours d\u2019activation.L\u2019un des \u00e9l\u00e9ments distinctifs de la CER Roero est le choix d\u2019une gouvernance enti\u00e8rement publique : la communaut\u00e9 a en effet \u00e9t\u00e9 fond\u00e9e et est g\u00e9r\u00e9e par les communes, garantissant ainsi une approche orient\u00e9e vers l\u2019int\u00e9r\u00eat collectif et la plus grande transparence.D\u00e9terminant dans le parcours de cr\u00e9ation et d\u2019activation de la CER a \u00e9t\u00e9, aux c\u00f4t\u00e9s de la contribution volontaire des membres, le soutien technique et r\u00e9glementaire d\u2019Environment Park, apport\u00e9 dans le cadre des projets RECROSSES et RENOSS. Essentiel \u00e9galement, le soutien des fondations locales, en particulier la Fondazione CRC et la Fondazione Compagnia di San Paolo.Le prix d\u00e9cern\u00e9 par l\u2019IFEC repr\u00e9sente une reconnaissance de la valeur du travail accompli par le territoire et par le r\u00e9seau de partenaires impliqu\u00e9s, et confirme la capacit\u00e9 des Communaut\u00e9s \u00c9nerg\u00e9tiques Renouvelables \u00e0 g\u00e9n\u00e9rer des b\u00e9n\u00e9fices environnementaux, sociaux et \u00e9conomiques.La CER Roero s\u2019impose ainsi comme un mod\u00e8le vertueux et reproductible pour la transition \u00e9nerg\u00e9tique et pour la diffusion de pratiques de production et de consommation partag\u00e9e d\u2019\u00e9nergie renouvelable.\" \/>\n<meta name=\"robots\" content=\"index, follow, max-snippet:-1, max-image-preview:large, max-video-preview:-1\" \/>\n<link rel=\"canonical\" href=\"https:\/\/recrosses.eu\/fr\/la-cer-roero-recompensee-comme-communaute-energetique-renouvelable-de-lannee-2025-par-lifec\/\" \/>\n<meta property=\"og:locale\" content=\"fr_FR\" \/>\n<meta property=\"og:type\" content=\"article\" \/>\n<meta property=\"og:title\" content=\"La CER Roero a \u00e9t\u00e9 r\u00e9compens\u00e9e comme CER de l\u2019Ann\u00e9e 2025 par l\u2019IFEC - Recrosses\" \/>\n<meta property=\"og:description\" content=\"Un nouveau et important signe de reconnaissance arrive pour l\u2019une des Communaut\u00e9s \u00c9nerg\u00e9tiques Renouvelables accompagn\u00e9es par le projet Interreg France\u2013Italie Alcotra RECROSSES. En effet, la Communaut\u00e9 \u00c9nerg\u00e9tique Renouvelable Roero a \u00e9t\u00e9 proclam\u00e9e, mardi 25 novembre, \u00ab Communaut\u00e9 \u00c9nerg\u00e9tique Renouvelable de l\u2019Ann\u00e9e \u2013 2025 \u00bb par l\u2019Italian Forum of Energy Communities (IFEC).Constitu\u00e9e \u00e0 la mi-2024, la CER Roero a enregistr\u00e9 en quelques mois une adh\u00e9sion extr\u00eamement large et diversifi\u00e9e. Elle compte aujourd\u2019hui plus de 790 membres, parmi lesquels des citoyens, des entreprises, des organismes publics, des institutions religieuses et des associations, et regroupe environ 1 300 points de pr\u00e9l\u00e8vement (POD) r\u00e9partis dans plus de 70 communes du Pi\u00e9mont. La communaut\u00e9 a \u00e9galement recueilli des disponibilit\u00e9s d\u2019installations pour plus de 14 MW de puissance photovolta\u00efque, r\u00e9parties sur plus de 30 postes sources, et dispose d\u00e9j\u00e0 de 10 configurations \u00e9nerg\u00e9tiques op\u00e9rationnelles, avec de nombreuses autres en cours d\u2019activation.L\u2019un des \u00e9l\u00e9ments distinctifs de la CER Roero est le choix d\u2019une gouvernance enti\u00e8rement publique : la communaut\u00e9 a en effet \u00e9t\u00e9 fond\u00e9e et est g\u00e9r\u00e9e par les communes, garantissant ainsi une approche orient\u00e9e vers l\u2019int\u00e9r\u00eat collectif et la plus grande transparence.D\u00e9terminant dans le parcours de cr\u00e9ation et d\u2019activation de la CER a \u00e9t\u00e9, aux c\u00f4t\u00e9s de la contribution volontaire des membres, le soutien technique et r\u00e9glementaire d\u2019Environment Park, apport\u00e9 dans le cadre des projets RECROSSES et RENOSS. Essentiel \u00e9galement, le soutien des fondations locales, en particulier la Fondazione CRC et la Fondazione Compagnia di San Paolo.Le prix d\u00e9cern\u00e9 par l\u2019IFEC repr\u00e9sente une reconnaissance de la valeur du travail accompli par le territoire et par le r\u00e9seau de partenaires impliqu\u00e9s, et confirme la capacit\u00e9 des Communaut\u00e9s \u00c9nerg\u00e9tiques Renouvelables \u00e0 g\u00e9n\u00e9rer des b\u00e9n\u00e9fices environnementaux, sociaux et \u00e9conomiques.La CER Roero s\u2019impose ainsi comme un mod\u00e8le vertueux et reproductible pour la transition \u00e9nerg\u00e9tique et pour la diffusion de pratiques de production et de consommation partag\u00e9e d\u2019\u00e9nergie renouvelable.\" \/>\n<meta property=\"og:url\" content=\"https:\/\/recrosses.eu\/fr\/la-cer-roero-recompensee-comme-communaute-energetique-renouvelable-de-lannee-2025-par-lifec\/\" \/>\n<meta property=\"og:site_name\" content=\"Recrosses\" \/>\n<meta property=\"article:published_time\" content=\"2025-12-02T12:26:43+00:00\" \/>\n<meta property=\"article:modified_time\" content=\"2025-12-02T12:26:47+00:00\" \/>\n<meta property=\"og:image\" content=\"https:\/\/recrosses.eu\/wp-content\/uploads\/2025\/12\/CER-Roero-premio-IFEC_QUAD.jpg\" \/>\n\t<meta property=\"og:image:width\" content=\"683\" \/>\n\t<meta property=\"og:image:height\" content=\"683\" \/>\n\t<meta property=\"og:image:type\" content=\"image\/jpeg\" \/>\n<meta name=\"author\" content=\"Chiara Bertolin\" \/>\n<meta name=\"twitter:card\" content=\"summary_large_image\" \/>\n<meta name=\"twitter:label1\" content=\"\u00c9crit par\" \/>\n\t<meta name=\"twitter:data1\" content=\"Chiara Bertolin\" \/>\n\t<meta name=\"twitter:label2\" content=\"Dur\u00e9e de lecture estim\u00e9e\" \/>\n\t<meta name=\"twitter:data2\" content=\"2 minutes\" \/>\n<script type=\"application\/ld+json\" class=\"yoast-schema-graph\">{\"@context\":\"https:\\\/\\\/schema.org\",\"@graph\":[{\"@type\":\"Article\",\"@id\":\"https:\\\/\\\/recrosses.eu\\\/fr\\\/la-cer-roero-recompensee-comme-communaute-energetique-renouvelable-de-lannee-2025-par-lifec\\\/#article\",\"isPartOf\":{\"@id\":\"https:\\\/\\\/recrosses.eu\\\/fr\\\/la-cer-roero-recompensee-comme-communaute-energetique-renouvelable-de-lannee-2025-par-lifec\\\/\"},\"author\":{\"name\":\"Chiara Bertolin\",\"@id\":\"https:\\\/\\\/recrosses.eu\\\/fr\\\/#\\\/schema\\\/person\\\/2327e244e995abff4eaeb4f639000640\"},\"headline\":\"La CER Roero r\u00e9compens\u00e9e comme \u201cCommunaut\u00e9 \u00c9nerg\u00e9tique Renouvelable de l\u2019Ann\u00e9e 2025\u201d par l\u2019IFEC\",\"datePublished\":\"2025-12-02T12:26:43+00:00\",\"dateModified\":\"2025-12-02T12:26:47+00:00\",\"mainEntityOfPage\":{\"@id\":\"https:\\\/\\\/recrosses.eu\\\/fr\\\/la-cer-roero-recompensee-comme-communaute-energetique-renouvelable-de-lannee-2025-par-lifec\\\/\"},\"wordCount\":394,\"commentCount\":0,\"image\":{\"@id\":\"https:\\\/\\\/recrosses.eu\\\/fr\\\/la-cer-roero-recompensee-comme-communaute-energetique-renouvelable-de-lannee-2025-par-lifec\\\/#primaryimage\"},\"thumbnailUrl\":\"https:\\\/\\\/recrosses.eu\\\/wp-content\\\/uploads\\\/2025\\\/12\\\/CER-Roero-premio-IFEC_QUAD.jpg\",\"articleSection\":[\"Nuovelles\"],\"inLanguage\":\"fr-FR\",\"potentialAction\":[{\"@type\":\"CommentAction\",\"name\":\"Comment\",\"target\":[\"https:\\\/\\\/recrosses.eu\\\/fr\\\/la-cer-roero-recompensee-comme-communaute-energetique-renouvelable-de-lannee-2025-par-lifec\\\/#respond\"]}]},{\"@type\":\"WebPage\",\"@id\":\"https:\\\/\\\/recrosses.eu\\\/fr\\\/la-cer-roero-recompensee-comme-communaute-energetique-renouvelable-de-lannee-2025-par-lifec\\\/\",\"url\":\"https:\\\/\\\/recrosses.eu\\\/fr\\\/la-cer-roero-recompensee-comme-communaute-energetique-renouvelable-de-lannee-2025-par-lifec\\\/\",\"name\":\"La CER Roero a \u00e9t\u00e9 r\u00e9compens\u00e9e comme CER de l\u2019Ann\u00e9e 2025 par l\u2019IFEC - Recrosses\",\"isPartOf\":{\"@id\":\"https:\\\/\\\/recrosses.eu\\\/fr\\\/#website\"},\"primaryImageOfPage\":{\"@id\":\"https:\\\/\\\/recrosses.eu\\\/fr\\\/la-cer-roero-recompensee-comme-communaute-energetique-renouvelable-de-lannee-2025-par-lifec\\\/#primaryimage\"},\"image\":{\"@id\":\"https:\\\/\\\/recrosses.eu\\\/fr\\\/la-cer-roero-recompensee-comme-communaute-energetique-renouvelable-de-lannee-2025-par-lifec\\\/#primaryimage\"},\"thumbnailUrl\":\"https:\\\/\\\/recrosses.eu\\\/wp-content\\\/uploads\\\/2025\\\/12\\\/CER-Roero-premio-IFEC_QUAD.jpg\",\"datePublished\":\"2025-12-02T12:26:43+00:00\",\"dateModified\":\"2025-12-02T12:26:47+00:00\",\"author\":{\"@id\":\"https:\\\/\\\/recrosses.eu\\\/fr\\\/#\\\/schema\\\/person\\\/2327e244e995abff4eaeb4f639000640\"},\"description\":\"Un nouveau et important signe de reconnaissance arrive pour l\u2019une des Communaut\u00e9s \u00c9nerg\u00e9tiques Renouvelables accompagn\u00e9es par le projet Interreg France\u2013Italie Alcotra RECROSSES. En effet, la Communaut\u00e9 \u00c9nerg\u00e9tique Renouvelable Roero a \u00e9t\u00e9 proclam\u00e9e, mardi 25 novembre, \u00ab Communaut\u00e9 \u00c9nerg\u00e9tique Renouvelable de l\u2019Ann\u00e9e \u2013 2025 \u00bb par l\u2019Italian Forum of Energy Communities (IFEC).Constitu\u00e9e \u00e0 la mi-2024, la CER Roero a enregistr\u00e9 en quelques mois une adh\u00e9sion extr\u00eamement large et diversifi\u00e9e. Elle compte aujourd\u2019hui plus de 790 membres, parmi lesquels des citoyens, des entreprises, des organismes publics, des institutions religieuses et des associations, et regroupe environ 1 300 points de pr\u00e9l\u00e8vement (POD) r\u00e9partis dans plus de 70 communes du Pi\u00e9mont. La communaut\u00e9 a \u00e9galement recueilli des disponibilit\u00e9s d\u2019installations pour plus de 14 MW de puissance photovolta\u00efque, r\u00e9parties sur plus de 30 postes sources, et dispose d\u00e9j\u00e0 de 10 configurations \u00e9nerg\u00e9tiques op\u00e9rationnelles, avec de nombreuses autres en cours d\u2019activation.L\u2019un des \u00e9l\u00e9ments distinctifs de la CER Roero est le choix d\u2019une gouvernance enti\u00e8rement publique : la communaut\u00e9 a en effet \u00e9t\u00e9 fond\u00e9e et est g\u00e9r\u00e9e par les communes, garantissant ainsi une approche orient\u00e9e vers l\u2019int\u00e9r\u00eat collectif et la plus grande transparence.D\u00e9terminant dans le parcours de cr\u00e9ation et d\u2019activation de la CER a \u00e9t\u00e9, aux c\u00f4t\u00e9s de la contribution volontaire des membres, le soutien technique et r\u00e9glementaire d\u2019Environment Park, apport\u00e9 dans le cadre des projets RECROSSES et RENOSS. Essentiel \u00e9galement, le soutien des fondations locales, en particulier la Fondazione CRC et la Fondazione Compagnia di San Paolo.Le prix d\u00e9cern\u00e9 par l\u2019IFEC repr\u00e9sente une reconnaissance de la valeur du travail accompli par le territoire et par le r\u00e9seau de partenaires impliqu\u00e9s, et confirme la capacit\u00e9 des Communaut\u00e9s \u00c9nerg\u00e9tiques Renouvelables \u00e0 g\u00e9n\u00e9rer des b\u00e9n\u00e9fices environnementaux, sociaux et \u00e9conomiques.La CER Roero s\u2019impose ainsi comme un mod\u00e8le vertueux et reproductible pour la transition \u00e9nerg\u00e9tique et pour la diffusion de pratiques de production et de consommation partag\u00e9e d\u2019\u00e9nergie renouvelable.\",\"breadcrumb\":{\"@id\":\"https:\\\/\\\/recrosses.eu\\\/fr\\\/la-cer-roero-recompensee-comme-communaute-energetique-renouvelable-de-lannee-2025-par-lifec\\\/#breadcrumb\"},\"inLanguage\":\"fr-FR\",\"potentialAction\":[{\"@type\":\"ReadAction\",\"target\":[\"https:\\\/\\\/recrosses.eu\\\/fr\\\/la-cer-roero-recompensee-comme-communaute-energetique-renouvelable-de-lannee-2025-par-lifec\\\/\"]}]},{\"@type\":\"ImageObject\",\"inLanguage\":\"fr-FR\",\"@id\":\"https:\\\/\\\/recrosses.eu\\\/fr\\\/la-cer-roero-recompensee-comme-communaute-energetique-renouvelable-de-lannee-2025-par-lifec\\\/#primaryimage\",\"url\":\"https:\\\/\\\/recrosses.eu\\\/wp-content\\\/uploads\\\/2025\\\/12\\\/CER-Roero-premio-IFEC_QUAD.jpg\",\"contentUrl\":\"https:\\\/\\\/recrosses.eu\\\/wp-content\\\/uploads\\\/2025\\\/12\\\/CER-Roero-premio-IFEC_QUAD.jpg\",\"width\":683,\"height\":683},{\"@type\":\"BreadcrumbList\",\"@id\":\"https:\\\/\\\/recrosses.eu\\\/fr\\\/la-cer-roero-recompensee-comme-communaute-energetique-renouvelable-de-lannee-2025-par-lifec\\\/#breadcrumb\",\"itemListElement\":[{\"@type\":\"ListItem\",\"position\":1,\"name\":\"Home\",\"item\":\"https:\\\/\\\/recrosses.eu\\\/fr\\\/home\\\/\"},{\"@type\":\"ListItem\",\"position\":2,\"name\":\"La CER Roero r\u00e9compens\u00e9e comme \u201cCommunaut\u00e9 \u00c9nerg\u00e9tique Renouvelable de l\u2019Ann\u00e9e 2025\u201d par l\u2019IFEC\"}]},{\"@type\":\"WebSite\",\"@id\":\"https:\\\/\\\/recrosses.eu\\\/fr\\\/#website\",\"url\":\"https:\\\/\\\/recrosses.eu\\\/fr\\\/\",\"name\":\"Recrosses\",\"description\":\"L&#039;energia che unisce - L&#039;\u00e9nergie qui unit\",\"potentialAction\":[{\"@type\":\"SearchAction\",\"target\":{\"@type\":\"EntryPoint\",\"urlTemplate\":\"https:\\\/\\\/recrosses.eu\\\/fr\\\/?s={search_term_string}\"},\"query-input\":{\"@type\":\"PropertyValueSpecification\",\"valueRequired\":true,\"valueName\":\"search_term_string\"}}],\"inLanguage\":\"fr-FR\"},{\"@type\":\"Person\",\"@id\":\"https:\\\/\\\/recrosses.eu\\\/fr\\\/#\\\/schema\\\/person\\\/2327e244e995abff4eaeb4f639000640\",\"name\":\"Chiara Bertolin\",\"image\":{\"@type\":\"ImageObject\",\"inLanguage\":\"fr-FR\",\"@id\":\"https:\\\/\\\/secure.gravatar.com\\\/avatar\\\/4789acd3dd60d7a775c67e44f6a017499f73531a758ddf33045a7e35ffafeda6?s=96&d=mm&r=g\",\"url\":\"https:\\\/\\\/secure.gravatar.com\\\/avatar\\\/4789acd3dd60d7a775c67e44f6a017499f73531a758ddf33045a7e35ffafeda6?s=96&d=mm&r=g\",\"contentUrl\":\"https:\\\/\\\/secure.gravatar.com\\\/avatar\\\/4789acd3dd60d7a775c67e44f6a017499f73531a758ddf33045a7e35ffafeda6?s=96&d=mm&r=g\",\"caption\":\"Chiara Bertolin\"},\"url\":\"https:\\\/\\\/recrosses.eu\\\/fr\\\/author\\\/chiara\\\/\"}]}<\/script>\n<!-- \/ Yoast SEO plugin. -->","yoast_head_json":{"title":"La CER Roero a \u00e9t\u00e9 r\u00e9compens\u00e9e comme CER de l\u2019Ann\u00e9e 2025 par l\u2019IFEC - Recrosses","description":"Un nouveau et important signe de reconnaissance arrive pour l\u2019une des Communaut\u00e9s \u00c9nerg\u00e9tiques Renouvelables accompagn\u00e9es par le projet Interreg France\u2013Italie Alcotra RECROSSES. En effet, la Communaut\u00e9 \u00c9nerg\u00e9tique Renouvelable Roero a \u00e9t\u00e9 proclam\u00e9e, mardi 25 novembre, \u00ab Communaut\u00e9 \u00c9nerg\u00e9tique Renouvelable de l\u2019Ann\u00e9e \u2013 2025 \u00bb par l\u2019Italian Forum of Energy Communities (IFEC).Constitu\u00e9e \u00e0 la mi-2024, la CER Roero a enregistr\u00e9 en quelques mois une adh\u00e9sion extr\u00eamement large et diversifi\u00e9e. Elle compte aujourd\u2019hui plus de 790 membres, parmi lesquels des citoyens, des entreprises, des organismes publics, des institutions religieuses et des associations, et regroupe environ 1 300 points de pr\u00e9l\u00e8vement (POD) r\u00e9partis dans plus de 70 communes du Pi\u00e9mont. La communaut\u00e9 a \u00e9galement recueilli des disponibilit\u00e9s d\u2019installations pour plus de 14 MW de puissance photovolta\u00efque, r\u00e9parties sur plus de 30 postes sources, et dispose d\u00e9j\u00e0 de 10 configurations \u00e9nerg\u00e9tiques op\u00e9rationnelles, avec de nombreuses autres en cours d\u2019activation.L\u2019un des \u00e9l\u00e9ments distinctifs de la CER Roero est le choix d\u2019une gouvernance enti\u00e8rement publique : la communaut\u00e9 a en effet \u00e9t\u00e9 fond\u00e9e et est g\u00e9r\u00e9e par les communes, garantissant ainsi une approche orient\u00e9e vers l\u2019int\u00e9r\u00eat collectif et la plus grande transparence.D\u00e9terminant dans le parcours de cr\u00e9ation et d\u2019activation de la CER a \u00e9t\u00e9, aux c\u00f4t\u00e9s de la contribution volontaire des membres, le soutien technique et r\u00e9glementaire d\u2019Environment Park, apport\u00e9 dans le cadre des projets RECROSSES et RENOSS. Essentiel \u00e9galement, le soutien des fondations locales, en particulier la Fondazione CRC et la Fondazione Compagnia di San Paolo.Le prix d\u00e9cern\u00e9 par l\u2019IFEC repr\u00e9sente une reconnaissance de la valeur du travail accompli par le territoire et par le r\u00e9seau de partenaires impliqu\u00e9s, et confirme la capacit\u00e9 des Communaut\u00e9s \u00c9nerg\u00e9tiques Renouvelables \u00e0 g\u00e9n\u00e9rer des b\u00e9n\u00e9fices environnementaux, sociaux et \u00e9conomiques.La CER Roero s\u2019impose ainsi comme un mod\u00e8le vertueux et reproductible pour la transition \u00e9nerg\u00e9tique et pour la diffusion de pratiques de production et de consommation partag\u00e9e d\u2019\u00e9nergie renouvelable.","robots":{"index":"index","follow":"follow","max-snippet":"max-snippet:-1","max-image-preview":"max-image-preview:large","max-video-preview":"max-video-preview:-1"},"canonical":"https:\/\/recrosses.eu\/fr\/la-cer-roero-recompensee-comme-communaute-energetique-renouvelable-de-lannee-2025-par-lifec\/","og_locale":"fr_FR","og_type":"article","og_title":"La CER Roero a \u00e9t\u00e9 r\u00e9compens\u00e9e comme CER de l\u2019Ann\u00e9e 2025 par l\u2019IFEC - Recrosses","og_description":"Un nouveau et important signe de reconnaissance arrive pour l\u2019une des Communaut\u00e9s \u00c9nerg\u00e9tiques Renouvelables accompagn\u00e9es par le projet Interreg France\u2013Italie Alcotra RECROSSES. En effet, la Communaut\u00e9 \u00c9nerg\u00e9tique Renouvelable Roero a \u00e9t\u00e9 proclam\u00e9e, mardi 25 novembre, \u00ab Communaut\u00e9 \u00c9nerg\u00e9tique Renouvelable de l\u2019Ann\u00e9e \u2013 2025 \u00bb par l\u2019Italian Forum of Energy Communities (IFEC).Constitu\u00e9e \u00e0 la mi-2024, la CER Roero a enregistr\u00e9 en quelques mois une adh\u00e9sion extr\u00eamement large et diversifi\u00e9e. Elle compte aujourd\u2019hui plus de 790 membres, parmi lesquels des citoyens, des entreprises, des organismes publics, des institutions religieuses et des associations, et regroupe environ 1 300 points de pr\u00e9l\u00e8vement (POD) r\u00e9partis dans plus de 70 communes du Pi\u00e9mont. La communaut\u00e9 a \u00e9galement recueilli des disponibilit\u00e9s d\u2019installations pour plus de 14 MW de puissance photovolta\u00efque, r\u00e9parties sur plus de 30 postes sources, et dispose d\u00e9j\u00e0 de 10 configurations \u00e9nerg\u00e9tiques op\u00e9rationnelles, avec de nombreuses autres en cours d\u2019activation.L\u2019un des \u00e9l\u00e9ments distinctifs de la CER Roero est le choix d\u2019une gouvernance enti\u00e8rement publique : la communaut\u00e9 a en effet \u00e9t\u00e9 fond\u00e9e et est g\u00e9r\u00e9e par les communes, garantissant ainsi une approche orient\u00e9e vers l\u2019int\u00e9r\u00eat collectif et la plus grande transparence.D\u00e9terminant dans le parcours de cr\u00e9ation et d\u2019activation de la CER a \u00e9t\u00e9, aux c\u00f4t\u00e9s de la contribution volontaire des membres, le soutien technique et r\u00e9glementaire d\u2019Environment Park, apport\u00e9 dans le cadre des projets RECROSSES et RENOSS. Essentiel \u00e9galement, le soutien des fondations locales, en particulier la Fondazione CRC et la Fondazione Compagnia di San Paolo.Le prix d\u00e9cern\u00e9 par l\u2019IFEC repr\u00e9sente une reconnaissance de la valeur du travail accompli par le territoire et par le r\u00e9seau de partenaires impliqu\u00e9s, et confirme la capacit\u00e9 des Communaut\u00e9s \u00c9nerg\u00e9tiques Renouvelables \u00e0 g\u00e9n\u00e9rer des b\u00e9n\u00e9fices environnementaux, sociaux et \u00e9conomiques.La CER Roero s\u2019impose ainsi comme un mod\u00e8le vertueux et reproductible pour la transition \u00e9nerg\u00e9tique et pour la diffusion de pratiques de production et de consommation partag\u00e9e d\u2019\u00e9nergie renouvelable.","og_url":"https:\/\/recrosses.eu\/fr\/la-cer-roero-recompensee-comme-communaute-energetique-renouvelable-de-lannee-2025-par-lifec\/","og_site_name":"Recrosses","article_published_time":"2025-12-02T12:26:43+00:00","article_modified_time":"2025-12-02T12:26:47+00:00","og_image":[{"width":683,"height":683,"url":"https:\/\/recrosses.eu\/wp-content\/uploads\/2025\/12\/CER-Roero-premio-IFEC_QUAD.jpg","type":"image\/jpeg"}],"author":"Chiara Bertolin","twitter_card":"summary_large_image","twitter_misc":{"\u00c9crit par":"Chiara Bertolin","Dur\u00e9e de lecture estim\u00e9e":"2 minutes"},"schema":{"@context":"https:\/\/schema.org","@graph":[{"@type":"Article","@id":"https:\/\/recrosses.eu\/fr\/la-cer-roero-recompensee-comme-communaute-energetique-renouvelable-de-lannee-2025-par-lifec\/#article","isPartOf":{"@id":"https:\/\/recrosses.eu\/fr\/la-cer-roero-recompensee-comme-communaute-energetique-renouvelable-de-lannee-2025-par-lifec\/"},"author":{"name":"Chiara Bertolin","@id":"https:\/\/recrosses.eu\/fr\/#\/schema\/person\/2327e244e995abff4eaeb4f639000640"},"headline":"La CER Roero r\u00e9compens\u00e9e comme \u201cCommunaut\u00e9 \u00c9nerg\u00e9tique Renouvelable de l\u2019Ann\u00e9e 2025\u201d par l\u2019IFEC","datePublished":"2025-12-02T12:26:43+00:00","dateModified":"2025-12-02T12:26:47+00:00","mainEntityOfPage":{"@id":"https:\/\/recrosses.eu\/fr\/la-cer-roero-recompensee-comme-communaute-energetique-renouvelable-de-lannee-2025-par-lifec\/"},"wordCount":394,"commentCount":0,"image":{"@id":"https:\/\/recrosses.eu\/fr\/la-cer-roero-recompensee-comme-communaute-energetique-renouvelable-de-lannee-2025-par-lifec\/#primaryimage"},"thumbnailUrl":"https:\/\/recrosses.eu\/wp-content\/uploads\/2025\/12\/CER-Roero-premio-IFEC_QUAD.jpg","articleSection":["Nuovelles"],"inLanguage":"fr-FR","potentialAction":[{"@type":"CommentAction","name":"Comment","target":["https:\/\/recrosses.eu\/fr\/la-cer-roero-recompensee-comme-communaute-energetique-renouvelable-de-lannee-2025-par-lifec\/#respond"]}]},{"@type":"WebPage","@id":"https:\/\/recrosses.eu\/fr\/la-cer-roero-recompensee-comme-communaute-energetique-renouvelable-de-lannee-2025-par-lifec\/","url":"https:\/\/recrosses.eu\/fr\/la-cer-roero-recompensee-comme-communaute-energetique-renouvelable-de-lannee-2025-par-lifec\/","name":"La CER Roero a \u00e9t\u00e9 r\u00e9compens\u00e9e comme CER de l\u2019Ann\u00e9e 2025 par l\u2019IFEC - Recrosses","isPartOf":{"@id":"https:\/\/recrosses.eu\/fr\/#website"},"primaryImageOfPage":{"@id":"https:\/\/recrosses.eu\/fr\/la-cer-roero-recompensee-comme-communaute-energetique-renouvelable-de-lannee-2025-par-lifec\/#primaryimage"},"image":{"@id":"https:\/\/recrosses.eu\/fr\/la-cer-roero-recompensee-comme-communaute-energetique-renouvelable-de-lannee-2025-par-lifec\/#primaryimage"},"thumbnailUrl":"https:\/\/recrosses.eu\/wp-content\/uploads\/2025\/12\/CER-Roero-premio-IFEC_QUAD.jpg","datePublished":"2025-12-02T12:26:43+00:00","dateModified":"2025-12-02T12:26:47+00:00","author":{"@id":"https:\/\/recrosses.eu\/fr\/#\/schema\/person\/2327e244e995abff4eaeb4f639000640"},"description":"Un nouveau et important signe de reconnaissance arrive pour l\u2019une des Communaut\u00e9s \u00c9nerg\u00e9tiques Renouvelables accompagn\u00e9es par le projet Interreg France\u2013Italie Alcotra RECROSSES. En effet, la Communaut\u00e9 \u00c9nerg\u00e9tique Renouvelable Roero a \u00e9t\u00e9 proclam\u00e9e, mardi 25 novembre, \u00ab Communaut\u00e9 \u00c9nerg\u00e9tique Renouvelable de l\u2019Ann\u00e9e \u2013 2025 \u00bb par l\u2019Italian Forum of Energy Communities (IFEC).Constitu\u00e9e \u00e0 la mi-2024, la CER Roero a enregistr\u00e9 en quelques mois une adh\u00e9sion extr\u00eamement large et diversifi\u00e9e. Elle compte aujourd\u2019hui plus de 790 membres, parmi lesquels des citoyens, des entreprises, des organismes publics, des institutions religieuses et des associations, et regroupe environ 1 300 points de pr\u00e9l\u00e8vement (POD) r\u00e9partis dans plus de 70 communes du Pi\u00e9mont. La communaut\u00e9 a \u00e9galement recueilli des disponibilit\u00e9s d\u2019installations pour plus de 14 MW de puissance photovolta\u00efque, r\u00e9parties sur plus de 30 postes sources, et dispose d\u00e9j\u00e0 de 10 configurations \u00e9nerg\u00e9tiques op\u00e9rationnelles, avec de nombreuses autres en cours d\u2019activation.L\u2019un des \u00e9l\u00e9ments distinctifs de la CER Roero est le choix d\u2019une gouvernance enti\u00e8rement publique : la communaut\u00e9 a en effet \u00e9t\u00e9 fond\u00e9e et est g\u00e9r\u00e9e par les communes, garantissant ainsi une approche orient\u00e9e vers l\u2019int\u00e9r\u00eat collectif et la plus grande transparence.D\u00e9terminant dans le parcours de cr\u00e9ation et d\u2019activation de la CER a \u00e9t\u00e9, aux c\u00f4t\u00e9s de la contribution volontaire des membres, le soutien technique et r\u00e9glementaire d\u2019Environment Park, apport\u00e9 dans le cadre des projets RECROSSES et RENOSS. Essentiel \u00e9galement, le soutien des fondations locales, en particulier la Fondazione CRC et la Fondazione Compagnia di San Paolo.Le prix d\u00e9cern\u00e9 par l\u2019IFEC repr\u00e9sente une reconnaissance de la valeur du travail accompli par le territoire et par le r\u00e9seau de partenaires impliqu\u00e9s, et confirme la capacit\u00e9 des Communaut\u00e9s \u00c9nerg\u00e9tiques Renouvelables \u00e0 g\u00e9n\u00e9rer des b\u00e9n\u00e9fices environnementaux, sociaux et \u00e9conomiques.La CER Roero s\u2019impose ainsi comme un mod\u00e8le vertueux et reproductible pour la transition \u00e9nerg\u00e9tique et pour la diffusion de pratiques de production et de consommation partag\u00e9e d\u2019\u00e9nergie renouvelable.","breadcrumb":{"@id":"https:\/\/recrosses.eu\/fr\/la-cer-roero-recompensee-comme-communaute-energetique-renouvelable-de-lannee-2025-par-lifec\/#breadcrumb"},"inLanguage":"fr-FR","potentialAction":[{"@type":"ReadAction","target":["https:\/\/recrosses.eu\/fr\/la-cer-roero-recompensee-comme-communaute-energetique-renouvelable-de-lannee-2025-par-lifec\/"]}]},{"@type":"ImageObject","inLanguage":"fr-FR","@id":"https:\/\/recrosses.eu\/fr\/la-cer-roero-recompensee-comme-communaute-energetique-renouvelable-de-lannee-2025-par-lifec\/#primaryimage","url":"https:\/\/recrosses.eu\/wp-content\/uploads\/2025\/12\/CER-Roero-premio-IFEC_QUAD.jpg","contentUrl":"https:\/\/recrosses.eu\/wp-content\/uploads\/2025\/12\/CER-Roero-premio-IFEC_QUAD.jpg","width":683,"height":683},{"@type":"BreadcrumbList","@id":"https:\/\/recrosses.eu\/fr\/la-cer-roero-recompensee-comme-communaute-energetique-renouvelable-de-lannee-2025-par-lifec\/#breadcrumb","itemListElement":[{"@type":"ListItem","position":1,"name":"Home","item":"https:\/\/recrosses.eu\/fr\/home\/"},{"@type":"ListItem","position":2,"name":"La CER Roero r\u00e9compens\u00e9e comme \u201cCommunaut\u00e9 \u00c9nerg\u00e9tique Renouvelable de l\u2019Ann\u00e9e 2025\u201d par l\u2019IFEC"}]},{"@type":"WebSite","@id":"https:\/\/recrosses.eu\/fr\/#website","url":"https:\/\/recrosses.eu\/fr\/","name":"Recrosses","description":"L&#039;energia che unisce - L&#039;\u00e9nergie qui unit","potentialAction":[{"@type":"SearchAction","target":{"@type":"EntryPoint","urlTemplate":"https:\/\/recrosses.eu\/fr\/?s={search_term_string}"},"query-input":{"@type":"PropertyValueSpecification","valueRequired":true,"valueName":"search_term_string"}}],"inLanguage":"fr-FR"},{"@type":"Person","@id":"https:\/\/recrosses.eu\/fr\/#\/schema\/person\/2327e244e995abff4eaeb4f639000640","name":"Chiara Bertolin","image":{"@type":"ImageObject","inLanguage":"fr-FR","@id":"https:\/\/secure.gravatar.com\/avatar\/4789acd3dd60d7a775c67e44f6a017499f73531a758ddf33045a7e35ffafeda6?s=96&d=mm&r=g","url":"https:\/\/secure.gravatar.com\/avatar\/4789acd3dd60d7a775c67e44f6a017499f73531a758ddf33045a7e35ffafeda6?s=96&d=mm&r=g","contentUrl":"https:\/\/secure.gravatar.com\/avatar\/4789acd3dd60d7a775c67e44f6a017499f73531a758ddf33045a7e35ffafeda6?s=96&d=mm&r=g","caption":"Chiara Bertolin"},"url":"https:\/\/recrosses.eu\/fr\/author\/chiara\/"}]}},"_links":{"self":[{"href":"https:\/\/recrosses.eu\/fr\/wp-json\/wp\/v2\/posts\/1479","targetHints":{"allow":["GET"]}}],"collection":[{"href":"https:\/\/recrosses.eu\/fr\/wp-json\/wp\/v2\/posts"}],"about":[{"href":"https:\/\/recrosses.eu\/fr\/wp-json\/wp\/v2\/types\/post"}],"author":[{"embeddable":true,"href":"https:\/\/recrosses.eu\/fr\/wp-json\/wp\/v2\/users\/4"}],"replies":[{"embeddable":true,"href":"https:\/\/recrosses.eu\/fr\/wp-json\/wp\/v2\/comments?post=1479"}],"version-history":[{"count":1,"href":"https:\/\/recrosses.eu\/fr\/wp-json\/wp\/v2\/posts\/1479\/revisions"}],"predecessor-version":[{"id":1480,"href":"https:\/\/recrosses.eu\/fr\/wp-json\/wp\/v2\/posts\/1479\/revisions\/1480"}],"wp:featuredmedia":[{"embeddable":true,"href":"https:\/\/recrosses.eu\/fr\/wp-json\/wp\/v2\/media\/1474"}],"wp:attachment":[{"href":"https:\/\/recrosses.eu\/fr\/wp-json\/wp\/v2\/media?parent=1479"}],"wp:term":[{"taxonomy":"category","embeddable":true,"href":"https:\/\/recrosses.eu\/fr\/wp-json\/wp\/v2\/categories?post=1479"},{"taxonomy":"post_tag","embeddable":true,"href":"https:\/\/recrosses.eu\/fr\/wp-json\/wp\/v2\/tags?post=1479"}],"curies":[{"name":"wp","href":"https:\/\/api.w.org\/{rel}","templated":true}]}}