{"id":1672,"date":"2025-12-17T11:42:21","date_gmt":"2025-12-17T10:42:21","guid":{"rendered":"https:\/\/recrosses.eu\/accord-entre-cer-mn-et-la-ville-de-nichelino-nichelino-rejoint-la-communaute-denergies-renouvelables\/"},"modified":"2025-12-17T11:53:31","modified_gmt":"2025-12-17T10:53:31","slug":"accord-entre-cer-mn-et-la-ville-de-nichelino-nichelino-rejoint-la-communaute-denergies-renouvelables","status":"publish","type":"post","link":"https:\/\/recrosses.eu\/fr\/accord-entre-cer-mn-et-la-ville-de-nichelino-nichelino-rejoint-la-communaute-denergies-renouvelables\/","title":{"rendered":"Accord entre CER-MN et la Ville de Nichelino : Nichelino rejoint la Communaut\u00e9 d\u2019\u00c9nergies Renouvelables"},"content":{"rendered":"\n<figure class=\"wp-block-image size-large\"><img fetchpriority=\"high\" decoding=\"async\" width=\"1024\" height=\"683\" data-src=\"https:\/\/recrosses.eu\/wp-content\/uploads\/2025\/12\/25-12-15-CER-MN_Nichelino_rettang-1024x683.jpg\" src=\"data:image\/gif;base64,R0lGODlhAQABAIAAAAAAAP\/\/\/yH5BAEAAAAALAAAAAABAAEAAAIBRAA7\" alt=\"\" class=\"wp-image-1669 lazyload\"\/><noscript><img decoding=\"async\" width=\"1024\" height=\"683\" src=\"https:\/\/recrosses.eu\/wp-content\/uploads\/2025\/12\/25-12-15-CER-MN_Nichelino_rettang-1024x683.jpg\" alt=\"\" class=\"wp-image-1669\" srcset=\"https:\/\/recrosses.eu\/wp-content\/uploads\/2025\/12\/25-12-15-CER-MN_Nichelino_rettang-1024x683.jpg 1024w, https:\/\/recrosses.eu\/wp-content\/uploads\/2025\/12\/25-12-15-CER-MN_Nichelino_rettang-300x200.jpg 300w, https:\/\/recrosses.eu\/wp-content\/uploads\/2025\/12\/25-12-15-CER-MN_Nichelino_rettang-768x512.jpg 768w, https:\/\/recrosses.eu\/wp-content\/uploads\/2025\/12\/25-12-15-CER-MN_Nichelino_rettang-1536x1024.jpg 1536w, https:\/\/recrosses.eu\/wp-content\/uploads\/2025\/12\/25-12-15-CER-MN_Nichelino_rettang.jpg 1969w\" sizes=\"(max-width: 1024px) 100vw, 1024px\" \/><\/noscript><\/figure>\n\n<p class=\"wp-block-paragraph\">Le lundi 15 d\u00e9cembre 2025, \u00e0 la <strong><strong>Salle Mattei du Palais communal de Nichelino<\/strong><\/strong>, s\u2019est tenue la conf\u00e9rence de presse de pr\u00e9sentation de l\u2019accord officialisant l\u2019entr\u00e9e de la <strong>Municipalit\u00e9 de Nichelino<\/strong> au sein de la <strong>Communaut\u00e9 d\u2019\u00c9nergies Renouvelables CER-MN<\/strong>, l\u2019une des communaut\u00e9s soutenues par le projet <strong>Interreg France\u2013Italie ALCOTRA RECROSSES<\/strong>.<\/p>\n\n<p class=\"wp-block-paragraph\">Le projet RECROSSES a particip\u00e9 \u00e0 l\u2019\u00e9v\u00e9nement avec <strong>Stefano Dotta<\/strong>, repr\u00e9sentant le partenaire chef de file <strong>Environment Park<\/strong>, contribuant au dialogue sur les enjeux de la transition \u00e9nerg\u00e9tique et sur le r\u00f4le des communaut\u00e9s locales dans la production et le partage de l\u2019\u00e9nergie issue de sources renouvelables.<\/p>\n\n<p class=\"wp-block-paragraph\">Au cours de la rencontre, les contenus de l\u2019accord ont \u00e9t\u00e9 pr\u00e9sent\u00e9s : gr\u00e2ce aux<strong> nouvelles installations photovolta\u00efques<\/strong> en cours d\u2019installation au <strong>Th\u00e9\u00e2tre Superga<\/strong> et \u00e0 l\u2019<strong>\u00c9cole Gramsci<\/strong>, l\u2019\u00e9nergie renouvelable produite en exc\u00e9dent sera partag\u00e9e avec les <strong>citoyens les plus vuln\u00e9rables<\/strong>, donnant naissance \u00e0 un mod\u00e8le qui associe <strong>durabilit\u00e9 environnementale et solidarit\u00e9 sociale<\/strong>.<\/p>\n\n<p class=\"wp-block-paragraph\">Cet accord repr\u00e9sente une \u00e9tape concr\u00e8te vers un syst\u00e8me \u00e9nerg\u00e9tique plus <strong>durable, participatif et territorial<\/strong>, en renfor\u00e7ant la coop\u00e9ration entre les collectivit\u00e9s locales, les communaut\u00e9s \u00e9nerg\u00e9tiques et les projets europ\u00e9ens.<\/p>\n\n<figure class=\"wp-block-gallery has-nested-images columns-default is-cropped wp-block-gallery-1 is-layout-flex wp-block-gallery-is-layout-flex\"><\/figure>\n","protected":false},"excerpt":{"rendered":"<p>Le lundi 15 d\u00e9cembre 2025, \u00e0 la Salle Mattei du Palais communal de Nichelino, s\u2019est tenue la conf\u00e9rence de presse de pr\u00e9sentation de l\u2019accord officialisant l\u2019entr\u00e9e de la Municipalit\u00e9 de Nichelino au sein de la Communaut\u00e9 d\u2019\u00c9nergies Renouvelables CER-MN, l\u2019une des communaut\u00e9s soutenues par le projet Interreg France\u2013Italie ALCOTRA RECROSSES. Le projet RECROSSES a particip\u00e9 [&hellip;]<\/p>\n","protected":false},"author":4,"featured_media":1667,"comment_status":"open","ping_status":"open","sticky":false,"template":"","format":"standard","meta":{"_acf_changed":false,"footnotes":""},"categories":[26,22],"tags":[],"class_list":["post-1672","post","type-post","status-publish","format-standard","has-post-thumbnail","hentry","category-evenement-fr","category-nuovelles"],"acf":[],"yoast_head":"<!-- This site is optimized with the Yoast SEO plugin v28.3 - https:\/\/yoast.com\/product\/yoast-seo-wordpress\/ -->\n<title>Accord entre CER-MN et la Ville de Nichelino - Recrosses<\/title>\n<meta name=\"description\" content=\"Le lundi 15 d\u00e9cembre 2025, \u00e0 la Salle Mattei du Palais communal de Nichelino, s\u2019est tenue la conf\u00e9rence de presse de pr\u00e9sentation de l\u2019accord officialisant l\u2019entr\u00e9e de la Municipalit\u00e9 de Nichelino au sein de la Communaut\u00e9 d\u2019\u00c9nergies Renouvelables CER-MN, l\u2019une des communaut\u00e9s soutenues par le projet Interreg France\u2013Italie ALCOTRA RECROSSES. Au cours de la rencontre, les contenus de l\u2019accord ont \u00e9t\u00e9 pr\u00e9sent\u00e9s : gr\u00e2ce aux nouvelles installations photovolta\u00efques en cours d\u2019installation au Th\u00e9\u00e2tre Superga et \u00e0 l\u2019\u00c9cole Gramsci, l\u2019\u00e9nergie renouvelable produite en exc\u00e9dent sera partag\u00e9e avec les citoyens les plus vuln\u00e9rables, donnant naissance \u00e0 un mod\u00e8le qui associe durabilit\u00e9 environnementale et solidarit\u00e9 sociale. Cet accord repr\u00e9sente une \u00e9tape concr\u00e8te vers un syst\u00e8me \u00e9nerg\u00e9tique plus durable, participatif et territorial, en renfor\u00e7ant la coop\u00e9ration entre les collectivit\u00e9s locales, les communaut\u00e9s \u00e9nerg\u00e9tiques et les projets europ\u00e9ens.\" \/>\n<meta name=\"robots\" content=\"index, follow, max-snippet:-1, max-image-preview:large, max-video-preview:-1\" \/>\n<link rel=\"canonical\" href=\"https:\/\/recrosses.eu\/fr\/accord-entre-cer-mn-et-la-ville-de-nichelino-nichelino-rejoint-la-communaute-denergies-renouvelables\/\" \/>\n<meta property=\"og:locale\" content=\"fr_FR\" \/>\n<meta property=\"og:type\" content=\"article\" \/>\n<meta property=\"og:title\" content=\"Accord entre CER-MN et la Ville de Nichelino - Recrosses\" \/>\n<meta property=\"og:description\" content=\"Le lundi 15 d\u00e9cembre 2025, \u00e0 la Salle Mattei du Palais communal de Nichelino, s\u2019est tenue la conf\u00e9rence de presse de pr\u00e9sentation de l\u2019accord officialisant l\u2019entr\u00e9e de la Municipalit\u00e9 de Nichelino au sein de la Communaut\u00e9 d\u2019\u00c9nergies Renouvelables CER-MN, l\u2019une des communaut\u00e9s soutenues par le projet Interreg France\u2013Italie ALCOTRA RECROSSES. Au cours de la rencontre, les contenus de l\u2019accord ont \u00e9t\u00e9 pr\u00e9sent\u00e9s : gr\u00e2ce aux nouvelles installations photovolta\u00efques en cours d\u2019installation au Th\u00e9\u00e2tre Superga et \u00e0 l\u2019\u00c9cole Gramsci, l\u2019\u00e9nergie renouvelable produite en exc\u00e9dent sera partag\u00e9e avec les citoyens les plus vuln\u00e9rables, donnant naissance \u00e0 un mod\u00e8le qui associe durabilit\u00e9 environnementale et solidarit\u00e9 sociale. Cet accord repr\u00e9sente une \u00e9tape concr\u00e8te vers un syst\u00e8me \u00e9nerg\u00e9tique plus durable, participatif et territorial, en renfor\u00e7ant la coop\u00e9ration entre les collectivit\u00e9s locales, les communaut\u00e9s \u00e9nerg\u00e9tiques et les projets europ\u00e9ens.\" \/>\n<meta property=\"og:url\" content=\"https:\/\/recrosses.eu\/fr\/accord-entre-cer-mn-et-la-ville-de-nichelino-nichelino-rejoint-la-communaute-denergies-renouvelables\/\" \/>\n<meta property=\"og:site_name\" content=\"Recrosses\" \/>\n<meta property=\"article:published_time\" content=\"2025-12-17T10:42:21+00:00\" \/>\n<meta property=\"article:modified_time\" content=\"2025-12-17T10:53:31+00:00\" \/>\n<meta property=\"og:image\" content=\"https:\/\/recrosses.eu\/wp-content\/uploads\/2025\/12\/25-12-15-CER-MN_Nichelino_quadrata.jpg\" \/>\n\t<meta property=\"og:image:width\" content=\"1110\" \/>\n\t<meta property=\"og:image:height\" content=\"1111\" \/>\n\t<meta property=\"og:image:type\" content=\"image\/jpeg\" \/>\n<meta name=\"author\" content=\"Chiara Bertolin\" \/>\n<meta name=\"twitter:card\" content=\"summary_large_image\" \/>\n<meta name=\"twitter:label1\" content=\"\u00c9crit par\" \/>\n\t<meta name=\"twitter:data1\" content=\"Chiara Bertolin\" \/>\n\t<meta name=\"twitter:label2\" content=\"Dur\u00e9e de lecture estim\u00e9e\" \/>\n\t<meta name=\"twitter:data2\" content=\"1 minute\" \/>\n<script type=\"application\/ld+json\" class=\"yoast-schema-graph\">{\"@context\":\"https:\\\/\\\/schema.org\",\"@graph\":[{\"@type\":\"Article\",\"@id\":\"https:\\\/\\\/recrosses.eu\\\/fr\\\/accord-entre-cer-mn-et-la-ville-de-nichelino-nichelino-rejoint-la-communaute-denergies-renouvelables\\\/#article\",\"isPartOf\":{\"@id\":\"https:\\\/\\\/recrosses.eu\\\/fr\\\/accord-entre-cer-mn-et-la-ville-de-nichelino-nichelino-rejoint-la-communaute-denergies-renouvelables\\\/\"},\"author\":{\"name\":\"Chiara Bertolin\",\"@id\":\"https:\\\/\\\/recrosses.eu\\\/fr\\\/#\\\/schema\\\/person\\\/2327e244e995abff4eaeb4f639000640\"},\"headline\":\"Accord entre CER-MN et la Ville de Nichelino : Nichelino rejoint la Communaut\u00e9 d\u2019\u00c9nergies Renouvelables\",\"datePublished\":\"2025-12-17T10:42:21+00:00\",\"dateModified\":\"2025-12-17T10:53:31+00:00\",\"mainEntityOfPage\":{\"@id\":\"https:\\\/\\\/recrosses.eu\\\/fr\\\/accord-entre-cer-mn-et-la-ville-de-nichelino-nichelino-rejoint-la-communaute-denergies-renouvelables\\\/\"},\"wordCount\":229,\"commentCount\":0,\"image\":{\"@id\":\"https:\\\/\\\/recrosses.eu\\\/fr\\\/accord-entre-cer-mn-et-la-ville-de-nichelino-nichelino-rejoint-la-communaute-denergies-renouvelables\\\/#primaryimage\"},\"thumbnailUrl\":\"https:\\\/\\\/recrosses.eu\\\/wp-content\\\/uploads\\\/2025\\\/12\\\/25-12-15-CER-MN_Nichelino_quadrata.jpg\",\"articleSection\":[\"\u00c9V\u00c9NEMENT\",\"Nuovelles\"],\"inLanguage\":\"fr-FR\",\"potentialAction\":[{\"@type\":\"CommentAction\",\"name\":\"Comment\",\"target\":[\"https:\\\/\\\/recrosses.eu\\\/fr\\\/accord-entre-cer-mn-et-la-ville-de-nichelino-nichelino-rejoint-la-communaute-denergies-renouvelables\\\/#respond\"]}]},{\"@type\":\"WebPage\",\"@id\":\"https:\\\/\\\/recrosses.eu\\\/fr\\\/accord-entre-cer-mn-et-la-ville-de-nichelino-nichelino-rejoint-la-communaute-denergies-renouvelables\\\/\",\"url\":\"https:\\\/\\\/recrosses.eu\\\/fr\\\/accord-entre-cer-mn-et-la-ville-de-nichelino-nichelino-rejoint-la-communaute-denergies-renouvelables\\\/\",\"name\":\"Accord entre CER-MN et la Ville de Nichelino - Recrosses\",\"isPartOf\":{\"@id\":\"https:\\\/\\\/recrosses.eu\\\/fr\\\/#website\"},\"primaryImageOfPage\":{\"@id\":\"https:\\\/\\\/recrosses.eu\\\/fr\\\/accord-entre-cer-mn-et-la-ville-de-nichelino-nichelino-rejoint-la-communaute-denergies-renouvelables\\\/#primaryimage\"},\"image\":{\"@id\":\"https:\\\/\\\/recrosses.eu\\\/fr\\\/accord-entre-cer-mn-et-la-ville-de-nichelino-nichelino-rejoint-la-communaute-denergies-renouvelables\\\/#primaryimage\"},\"thumbnailUrl\":\"https:\\\/\\\/recrosses.eu\\\/wp-content\\\/uploads\\\/2025\\\/12\\\/25-12-15-CER-MN_Nichelino_quadrata.jpg\",\"datePublished\":\"2025-12-17T10:42:21+00:00\",\"dateModified\":\"2025-12-17T10:53:31+00:00\",\"author\":{\"@id\":\"https:\\\/\\\/recrosses.eu\\\/fr\\\/#\\\/schema\\\/person\\\/2327e244e995abff4eaeb4f639000640\"},\"description\":\"Le lundi 15 d\u00e9cembre 2025, \u00e0 la Salle Mattei du Palais communal de Nichelino, s\u2019est tenue la conf\u00e9rence de presse de pr\u00e9sentation de l\u2019accord officialisant l\u2019entr\u00e9e de la Municipalit\u00e9 de Nichelino au sein de la Communaut\u00e9 d\u2019\u00c9nergies Renouvelables CER-MN, l\u2019une des communaut\u00e9s soutenues par le projet Interreg France\u2013Italie ALCOTRA RECROSSES. Au cours de la rencontre, les contenus de l\u2019accord ont \u00e9t\u00e9 pr\u00e9sent\u00e9s : gr\u00e2ce aux nouvelles installations photovolta\u00efques en cours d\u2019installation au Th\u00e9\u00e2tre Superga et \u00e0 l\u2019\u00c9cole Gramsci, l\u2019\u00e9nergie renouvelable produite en exc\u00e9dent sera partag\u00e9e avec les citoyens les plus vuln\u00e9rables, donnant naissance \u00e0 un mod\u00e8le qui associe durabilit\u00e9 environnementale et solidarit\u00e9 sociale. Cet accord repr\u00e9sente une \u00e9tape concr\u00e8te vers un syst\u00e8me \u00e9nerg\u00e9tique plus durable, participatif et territorial, en renfor\u00e7ant la coop\u00e9ration entre les collectivit\u00e9s locales, les communaut\u00e9s \u00e9nerg\u00e9tiques et les projets europ\u00e9ens.\",\"breadcrumb\":{\"@id\":\"https:\\\/\\\/recrosses.eu\\\/fr\\\/accord-entre-cer-mn-et-la-ville-de-nichelino-nichelino-rejoint-la-communaute-denergies-renouvelables\\\/#breadcrumb\"},\"inLanguage\":\"fr-FR\",\"potentialAction\":[{\"@type\":\"ReadAction\",\"target\":[\"https:\\\/\\\/recrosses.eu\\\/fr\\\/accord-entre-cer-mn-et-la-ville-de-nichelino-nichelino-rejoint-la-communaute-denergies-renouvelables\\\/\"]}]},{\"@type\":\"ImageObject\",\"inLanguage\":\"fr-FR\",\"@id\":\"https:\\\/\\\/recrosses.eu\\\/fr\\\/accord-entre-cer-mn-et-la-ville-de-nichelino-nichelino-rejoint-la-communaute-denergies-renouvelables\\\/#primaryimage\",\"url\":\"https:\\\/\\\/recrosses.eu\\\/wp-content\\\/uploads\\\/2025\\\/12\\\/25-12-15-CER-MN_Nichelino_quadrata.jpg\",\"contentUrl\":\"https:\\\/\\\/recrosses.eu\\\/wp-content\\\/uploads\\\/2025\\\/12\\\/25-12-15-CER-MN_Nichelino_quadrata.jpg\",\"width\":1110,\"height\":1111},{\"@type\":\"BreadcrumbList\",\"@id\":\"https:\\\/\\\/recrosses.eu\\\/fr\\\/accord-entre-cer-mn-et-la-ville-de-nichelino-nichelino-rejoint-la-communaute-denergies-renouvelables\\\/#breadcrumb\",\"itemListElement\":[{\"@type\":\"ListItem\",\"position\":1,\"name\":\"Home\",\"item\":\"https:\\\/\\\/recrosses.eu\\\/fr\\\/home\\\/\"},{\"@type\":\"ListItem\",\"position\":2,\"name\":\"Accord entre CER-MN et la Ville de Nichelino : Nichelino rejoint la Communaut\u00e9 d\u2019\u00c9nergies Renouvelables\"}]},{\"@type\":\"WebSite\",\"@id\":\"https:\\\/\\\/recrosses.eu\\\/fr\\\/#website\",\"url\":\"https:\\\/\\\/recrosses.eu\\\/fr\\\/\",\"name\":\"Recrosses\",\"description\":\"L&#039;energia che unisce - L&#039;\u00e9nergie qui unit\",\"potentialAction\":[{\"@type\":\"SearchAction\",\"target\":{\"@type\":\"EntryPoint\",\"urlTemplate\":\"https:\\\/\\\/recrosses.eu\\\/fr\\\/?s={search_term_string}\"},\"query-input\":{\"@type\":\"PropertyValueSpecification\",\"valueRequired\":true,\"valueName\":\"search_term_string\"}}],\"inLanguage\":\"fr-FR\"},{\"@type\":\"Person\",\"@id\":\"https:\\\/\\\/recrosses.eu\\\/fr\\\/#\\\/schema\\\/person\\\/2327e244e995abff4eaeb4f639000640\",\"name\":\"Chiara Bertolin\",\"image\":{\"@type\":\"ImageObject\",\"inLanguage\":\"fr-FR\",\"@id\":\"https:\\\/\\\/secure.gravatar.com\\\/avatar\\\/4789acd3dd60d7a775c67e44f6a017499f73531a758ddf33045a7e35ffafeda6?s=96&d=mm&r=g\",\"url\":\"https:\\\/\\\/secure.gravatar.com\\\/avatar\\\/4789acd3dd60d7a775c67e44f6a017499f73531a758ddf33045a7e35ffafeda6?s=96&d=mm&r=g\",\"contentUrl\":\"https:\\\/\\\/secure.gravatar.com\\\/avatar\\\/4789acd3dd60d7a775c67e44f6a017499f73531a758ddf33045a7e35ffafeda6?s=96&d=mm&r=g\",\"caption\":\"Chiara Bertolin\"},\"url\":\"https:\\\/\\\/recrosses.eu\\\/fr\\\/author\\\/chiara\\\/\"}]}<\/script>\n<!-- \/ Yoast SEO plugin. -->","yoast_head_json":{"title":"Accord entre CER-MN et la Ville de Nichelino - Recrosses","description":"Le lundi 15 d\u00e9cembre 2025, \u00e0 la Salle Mattei du Palais communal de Nichelino, s\u2019est tenue la conf\u00e9rence de presse de pr\u00e9sentation de l\u2019accord officialisant l\u2019entr\u00e9e de la Municipalit\u00e9 de Nichelino au sein de la Communaut\u00e9 d\u2019\u00c9nergies Renouvelables CER-MN, l\u2019une des communaut\u00e9s soutenues par le projet Interreg France\u2013Italie ALCOTRA RECROSSES. Au cours de la rencontre, les contenus de l\u2019accord ont \u00e9t\u00e9 pr\u00e9sent\u00e9s : gr\u00e2ce aux nouvelles installations photovolta\u00efques en cours d\u2019installation au Th\u00e9\u00e2tre Superga et \u00e0 l\u2019\u00c9cole Gramsci, l\u2019\u00e9nergie renouvelable produite en exc\u00e9dent sera partag\u00e9e avec les citoyens les plus vuln\u00e9rables, donnant naissance \u00e0 un mod\u00e8le qui associe durabilit\u00e9 environnementale et solidarit\u00e9 sociale. Cet accord repr\u00e9sente une \u00e9tape concr\u00e8te vers un syst\u00e8me \u00e9nerg\u00e9tique plus durable, participatif et territorial, en renfor\u00e7ant la coop\u00e9ration entre les collectivit\u00e9s locales, les communaut\u00e9s \u00e9nerg\u00e9tiques et les projets europ\u00e9ens.","robots":{"index":"index","follow":"follow","max-snippet":"max-snippet:-1","max-image-preview":"max-image-preview:large","max-video-preview":"max-video-preview:-1"},"canonical":"https:\/\/recrosses.eu\/fr\/accord-entre-cer-mn-et-la-ville-de-nichelino-nichelino-rejoint-la-communaute-denergies-renouvelables\/","og_locale":"fr_FR","og_type":"article","og_title":"Accord entre CER-MN et la Ville de Nichelino - Recrosses","og_description":"Le lundi 15 d\u00e9cembre 2025, \u00e0 la Salle Mattei du Palais communal de Nichelino, s\u2019est tenue la conf\u00e9rence de presse de pr\u00e9sentation de l\u2019accord officialisant l\u2019entr\u00e9e de la Municipalit\u00e9 de Nichelino au sein de la Communaut\u00e9 d\u2019\u00c9nergies Renouvelables CER-MN, l\u2019une des communaut\u00e9s soutenues par le projet Interreg France\u2013Italie ALCOTRA RECROSSES. Au cours de la rencontre, les contenus de l\u2019accord ont \u00e9t\u00e9 pr\u00e9sent\u00e9s : gr\u00e2ce aux nouvelles installations photovolta\u00efques en cours d\u2019installation au Th\u00e9\u00e2tre Superga et \u00e0 l\u2019\u00c9cole Gramsci, l\u2019\u00e9nergie renouvelable produite en exc\u00e9dent sera partag\u00e9e avec les citoyens les plus vuln\u00e9rables, donnant naissance \u00e0 un mod\u00e8le qui associe durabilit\u00e9 environnementale et solidarit\u00e9 sociale. Cet accord repr\u00e9sente une \u00e9tape concr\u00e8te vers un syst\u00e8me \u00e9nerg\u00e9tique plus durable, participatif et territorial, en renfor\u00e7ant la coop\u00e9ration entre les collectivit\u00e9s locales, les communaut\u00e9s \u00e9nerg\u00e9tiques et les projets europ\u00e9ens.","og_url":"https:\/\/recrosses.eu\/fr\/accord-entre-cer-mn-et-la-ville-de-nichelino-nichelino-rejoint-la-communaute-denergies-renouvelables\/","og_site_name":"Recrosses","article_published_time":"2025-12-17T10:42:21+00:00","article_modified_time":"2025-12-17T10:53:31+00:00","og_image":[{"width":1110,"height":1111,"url":"https:\/\/recrosses.eu\/wp-content\/uploads\/2025\/12\/25-12-15-CER-MN_Nichelino_quadrata.jpg","type":"image\/jpeg"}],"author":"Chiara Bertolin","twitter_card":"summary_large_image","twitter_misc":{"\u00c9crit par":"Chiara Bertolin","Dur\u00e9e de lecture estim\u00e9e":"1 minute"},"schema":{"@context":"https:\/\/schema.org","@graph":[{"@type":"Article","@id":"https:\/\/recrosses.eu\/fr\/accord-entre-cer-mn-et-la-ville-de-nichelino-nichelino-rejoint-la-communaute-denergies-renouvelables\/#article","isPartOf":{"@id":"https:\/\/recrosses.eu\/fr\/accord-entre-cer-mn-et-la-ville-de-nichelino-nichelino-rejoint-la-communaute-denergies-renouvelables\/"},"author":{"name":"Chiara Bertolin","@id":"https:\/\/recrosses.eu\/fr\/#\/schema\/person\/2327e244e995abff4eaeb4f639000640"},"headline":"Accord entre CER-MN et la Ville de Nichelino : Nichelino rejoint la Communaut\u00e9 d\u2019\u00c9nergies Renouvelables","datePublished":"2025-12-17T10:42:21+00:00","dateModified":"2025-12-17T10:53:31+00:00","mainEntityOfPage":{"@id":"https:\/\/recrosses.eu\/fr\/accord-entre-cer-mn-et-la-ville-de-nichelino-nichelino-rejoint-la-communaute-denergies-renouvelables\/"},"wordCount":229,"commentCount":0,"image":{"@id":"https:\/\/recrosses.eu\/fr\/accord-entre-cer-mn-et-la-ville-de-nichelino-nichelino-rejoint-la-communaute-denergies-renouvelables\/#primaryimage"},"thumbnailUrl":"https:\/\/recrosses.eu\/wp-content\/uploads\/2025\/12\/25-12-15-CER-MN_Nichelino_quadrata.jpg","articleSection":["\u00c9V\u00c9NEMENT","Nuovelles"],"inLanguage":"fr-FR","potentialAction":[{"@type":"CommentAction","name":"Comment","target":["https:\/\/recrosses.eu\/fr\/accord-entre-cer-mn-et-la-ville-de-nichelino-nichelino-rejoint-la-communaute-denergies-renouvelables\/#respond"]}]},{"@type":"WebPage","@id":"https:\/\/recrosses.eu\/fr\/accord-entre-cer-mn-et-la-ville-de-nichelino-nichelino-rejoint-la-communaute-denergies-renouvelables\/","url":"https:\/\/recrosses.eu\/fr\/accord-entre-cer-mn-et-la-ville-de-nichelino-nichelino-rejoint-la-communaute-denergies-renouvelables\/","name":"Accord entre CER-MN et la Ville de Nichelino - Recrosses","isPartOf":{"@id":"https:\/\/recrosses.eu\/fr\/#website"},"primaryImageOfPage":{"@id":"https:\/\/recrosses.eu\/fr\/accord-entre-cer-mn-et-la-ville-de-nichelino-nichelino-rejoint-la-communaute-denergies-renouvelables\/#primaryimage"},"image":{"@id":"https:\/\/recrosses.eu\/fr\/accord-entre-cer-mn-et-la-ville-de-nichelino-nichelino-rejoint-la-communaute-denergies-renouvelables\/#primaryimage"},"thumbnailUrl":"https:\/\/recrosses.eu\/wp-content\/uploads\/2025\/12\/25-12-15-CER-MN_Nichelino_quadrata.jpg","datePublished":"2025-12-17T10:42:21+00:00","dateModified":"2025-12-17T10:53:31+00:00","author":{"@id":"https:\/\/recrosses.eu\/fr\/#\/schema\/person\/2327e244e995abff4eaeb4f639000640"},"description":"Le lundi 15 d\u00e9cembre 2025, \u00e0 la Salle Mattei du Palais communal de Nichelino, s\u2019est tenue la conf\u00e9rence de presse de pr\u00e9sentation de l\u2019accord officialisant l\u2019entr\u00e9e de la Municipalit\u00e9 de Nichelino au sein de la Communaut\u00e9 d\u2019\u00c9nergies Renouvelables CER-MN, l\u2019une des communaut\u00e9s soutenues par le projet Interreg France\u2013Italie ALCOTRA RECROSSES. Au cours de la rencontre, les contenus de l\u2019accord ont \u00e9t\u00e9 pr\u00e9sent\u00e9s : gr\u00e2ce aux nouvelles installations photovolta\u00efques en cours d\u2019installation au Th\u00e9\u00e2tre Superga et \u00e0 l\u2019\u00c9cole Gramsci, l\u2019\u00e9nergie renouvelable produite en exc\u00e9dent sera partag\u00e9e avec les citoyens les plus vuln\u00e9rables, donnant naissance \u00e0 un mod\u00e8le qui associe durabilit\u00e9 environnementale et solidarit\u00e9 sociale. Cet accord repr\u00e9sente une \u00e9tape concr\u00e8te vers un syst\u00e8me \u00e9nerg\u00e9tique plus durable, participatif et territorial, en renfor\u00e7ant la coop\u00e9ration entre les collectivit\u00e9s locales, les communaut\u00e9s \u00e9nerg\u00e9tiques et les projets europ\u00e9ens.","breadcrumb":{"@id":"https:\/\/recrosses.eu\/fr\/accord-entre-cer-mn-et-la-ville-de-nichelino-nichelino-rejoint-la-communaute-denergies-renouvelables\/#breadcrumb"},"inLanguage":"fr-FR","potentialAction":[{"@type":"ReadAction","target":["https:\/\/recrosses.eu\/fr\/accord-entre-cer-mn-et-la-ville-de-nichelino-nichelino-rejoint-la-communaute-denergies-renouvelables\/"]}]},{"@type":"ImageObject","inLanguage":"fr-FR","@id":"https:\/\/recrosses.eu\/fr\/accord-entre-cer-mn-et-la-ville-de-nichelino-nichelino-rejoint-la-communaute-denergies-renouvelables\/#primaryimage","url":"https:\/\/recrosses.eu\/wp-content\/uploads\/2025\/12\/25-12-15-CER-MN_Nichelino_quadrata.jpg","contentUrl":"https:\/\/recrosses.eu\/wp-content\/uploads\/2025\/12\/25-12-15-CER-MN_Nichelino_quadrata.jpg","width":1110,"height":1111},{"@type":"BreadcrumbList","@id":"https:\/\/recrosses.eu\/fr\/accord-entre-cer-mn-et-la-ville-de-nichelino-nichelino-rejoint-la-communaute-denergies-renouvelables\/#breadcrumb","itemListElement":[{"@type":"ListItem","position":1,"name":"Home","item":"https:\/\/recrosses.eu\/fr\/home\/"},{"@type":"ListItem","position":2,"name":"Accord entre CER-MN et la Ville de Nichelino : Nichelino rejoint la Communaut\u00e9 d\u2019\u00c9nergies Renouvelables"}]},{"@type":"WebSite","@id":"https:\/\/recrosses.eu\/fr\/#website","url":"https:\/\/recrosses.eu\/fr\/","name":"Recrosses","description":"L&#039;energia che unisce - L&#039;\u00e9nergie qui unit","potentialAction":[{"@type":"SearchAction","target":{"@type":"EntryPoint","urlTemplate":"https:\/\/recrosses.eu\/fr\/?s={search_term_string}"},"query-input":{"@type":"PropertyValueSpecification","valueRequired":true,"valueName":"search_term_string"}}],"inLanguage":"fr-FR"},{"@type":"Person","@id":"https:\/\/recrosses.eu\/fr\/#\/schema\/person\/2327e244e995abff4eaeb4f639000640","name":"Chiara Bertolin","image":{"@type":"ImageObject","inLanguage":"fr-FR","@id":"https:\/\/secure.gravatar.com\/avatar\/4789acd3dd60d7a775c67e44f6a017499f73531a758ddf33045a7e35ffafeda6?s=96&d=mm&r=g","url":"https:\/\/secure.gravatar.com\/avatar\/4789acd3dd60d7a775c67e44f6a017499f73531a758ddf33045a7e35ffafeda6?s=96&d=mm&r=g","contentUrl":"https:\/\/secure.gravatar.com\/avatar\/4789acd3dd60d7a775c67e44f6a017499f73531a758ddf33045a7e35ffafeda6?s=96&d=mm&r=g","caption":"Chiara Bertolin"},"url":"https:\/\/recrosses.eu\/fr\/author\/chiara\/"}]}},"_links":{"self":[{"href":"https:\/\/recrosses.eu\/fr\/wp-json\/wp\/v2\/posts\/1672","targetHints":{"allow":["GET"]}}],"collection":[{"href":"https:\/\/recrosses.eu\/fr\/wp-json\/wp\/v2\/posts"}],"about":[{"href":"https:\/\/recrosses.eu\/fr\/wp-json\/wp\/v2\/types\/post"}],"author":[{"embeddable":true,"href":"https:\/\/recrosses.eu\/fr\/wp-json\/wp\/v2\/users\/4"}],"replies":[{"embeddable":true,"href":"https:\/\/recrosses.eu\/fr\/wp-json\/wp\/v2\/comments?post=1672"}],"version-history":[{"count":1,"href":"https:\/\/recrosses.eu\/fr\/wp-json\/wp\/v2\/posts\/1672\/revisions"}],"predecessor-version":[{"id":1673,"href":"https:\/\/recrosses.eu\/fr\/wp-json\/wp\/v2\/posts\/1672\/revisions\/1673"}],"wp:featuredmedia":[{"embeddable":true,"href":"https:\/\/recrosses.eu\/fr\/wp-json\/wp\/v2\/media\/1667"}],"wp:attachment":[{"href":"https:\/\/recrosses.eu\/fr\/wp-json\/wp\/v2\/media?parent=1672"}],"wp:term":[{"taxonomy":"category","embeddable":true,"href":"https:\/\/recrosses.eu\/fr\/wp-json\/wp\/v2\/categories?post=1672"},{"taxonomy":"post_tag","embeddable":true,"href":"https:\/\/recrosses.eu\/fr\/wp-json\/wp\/v2\/tags?post=1672"}],"curies":[{"name":"wp","href":"https:\/\/api.w.org\/{rel}","templated":true}]}}