{"id":1752,"date":"2026-01-14T14:21:18","date_gmt":"2026-01-14T13:21:18","guid":{"rendered":"https:\/\/recrosses.eu\/webinaire-sur-les-solutions-collectives-pour-accelerer-la-transition-energetique\/"},"modified":"2026-01-14T14:32:49","modified_gmt":"2026-01-14T13:32:49","slug":"webinaire-sur-les-solutions-collectives-pour-accelerer-la-transition-energetique","status":"publish","type":"post","link":"https:\/\/recrosses.eu\/fr\/webinaire-sur-les-solutions-collectives-pour-accelerer-la-transition-energetique\/","title":{"rendered":"Webinaire sur les solutions collectives pour acc\u00e9l\u00e9rer la transition \u00e9nerg\u00e9tique"},"content":{"rendered":"\n<h3 class=\"wp-block-heading\"><\/h3>\n\n<p class=\"wp-block-paragraph\">La <strong>CCI Nice C\u00f4te d\u2019Azur<\/strong>, en collaboration avec l\u2019<strong>Association des Centrales Villageoises<\/strong> et ASDER, dans le cadre du projet <strong>Interreg France\u2013Italie ALCOTRA RECROSSES<\/strong>, organise un webinaire d\u00e9di\u00e9 aux <strong>opportunit\u00e9s collectives de production et de consommation d\u2019\u00e9nergies renouvelables.<\/strong><\/p>\n\n<p class=\"wp-block-paragraph\">L\u2019\u00e9v\u00e9nement se tiendra \ud83d\uddd3\ufe0f <strong>jeudi 21 janvier 2026<\/strong> \ud83d\udd70\ufe0f <strong>de 14h00 \u00e0 15h00<\/strong> en ligne et s\u2019adresse en particulier aux <strong>entreprises de la r\u00e9gion Provence\u2011Alpes\u2011C\u00f4te d\u2019Azur<\/strong> souhaitant explorer les outils, formes juridiques et opportunit\u00e9s op\u00e9rationnelles pour acc\u00e9l\u00e9rer la transition \u00e9nerg\u00e9tique collective.<\/p>\n\n<p class=\"wp-block-paragraph\">Lors du webinaire, auquel il est possible de s\u2019inscrire via ce lien \ud83d\udc49 <a href=\"https:\/\/lnkd.in\/esCNseRR\">https:\/\/lnkd.in\/esCNseRR<\/a>, seront pr\u00e9sent\u00e9s :<\/p>\n\n<ul class=\"wp-block-list\">\n<li>les principales <strong>opportunit\u00e9s de production et de consommation collective d\u2019\u00e9nergies renouvelables<\/strong>, telles que l\u2019autoconsommation collective ou les <strong>Communaut\u00e9s d\u2019\u00c9nergies Renouvelables<\/strong> ;<\/li>\n\n\n\n<li>un <strong>cadre juridique et r\u00e9glementaire<\/strong> pour la constitution d\u2019initiatives collectives sur le territoire ;<\/li>\n\n\n\n<li>des exemples concrets et des pistes pour les entreprises souhaitant s\u2019engager dans des projets \u00e9nerg\u00e9tiques partag\u00e9s.<\/li>\n<\/ul>\n\n<p class=\"wp-block-paragraph\"><\/p>\n\n<p class=\"wp-block-paragraph\">La participation est <strong>gratuite<\/strong> et repr\u00e9sente une occasion de comprendre comment <strong>les \u00e9nergies renouvelables peuvent devenir un vecteur d\u2019innovation et de durabilit\u00e9 pour les entreprises et les communaut\u00e9s locales<\/strong>.<\/p>\n\n<p class=\"wp-block-paragraph\">Cette initiative s\u2019inscrit dans le cadre de l\u2019engagement plus large de la CCI Nice C\u00f4te d\u2019Azur en faveur de la <strong>transition \u00e9nerg\u00e9tique<\/strong>, \u00e0 travers des \u00e9v\u00e9nements, des outils d\u2019accompagnement et des moments d\u2019\u00e9change visant \u00e0 sensibiliser et soutenir les entreprises dans leurs processus de d\u00e9carbonation et de d\u00e9veloppement durable.<\/p>\n","protected":false},"excerpt":{"rendered":"<p>La CCI Nice C\u00f4te d\u2019Azur, en collaboration avec l\u2019Association des Centrales Villageoises et ASDER, dans le cadre du projet Interreg France\u2013Italie ALCOTRA RECROSSES, organise un webinaire d\u00e9di\u00e9 aux opportunit\u00e9s collectives de production et de consommation d\u2019\u00e9nergies renouvelables. L\u2019\u00e9v\u00e9nement se tiendra \ud83d\uddd3\ufe0f jeudi 21 janvier 2026 \ud83d\udd70\ufe0f de 14h00 \u00e0 15h00 en ligne et s\u2019adresse en [&hellip;]<\/p>\n","protected":false},"author":4,"featured_media":1748,"comment_status":"open","ping_status":"open","sticky":false,"template":"","format":"standard","meta":{"_acf_changed":false,"footnotes":""},"categories":[22],"tags":[],"class_list":["post-1752","post","type-post","status-publish","format-standard","has-post-thumbnail","hentry","category-nuovelles"],"acf":[],"yoast_head":"<!-- This site is optimized with the Yoast SEO plugin v28.3 - https:\/\/yoast.com\/product\/yoast-seo-wordpress\/ -->\n<title>Webinaire sur les solutions collectives pour la transition \u00e9nerg\u00e9tique - Recrosses<\/title>\n<meta name=\"description\" content=\"La CCI Nice C\u00f4te d\u2019Azur, en collaboration avec l\u2019Association des Centrales Villageoises et ASDER, dans le cadre du projet Interreg France\u2013Italie ALCOTRA RECROSSES, organise un webinaire d\u00e9di\u00e9 aux opportunit\u00e9s collectives de production et de consommation d\u2019\u00e9nergies renouvelables.L\u2019\u00e9v\u00e9nement se tiendra jeudi 21 janvier 2026 \u00e0 14h00 en ligne et s\u2019adresse en particulier aux entreprises de la r\u00e9gion Provence\u2011Alpes\u2011C\u00f4te d\u2019Azur souhaitant explorer les outils, formes juridiques et opportunit\u00e9s op\u00e9rationnelles pour acc\u00e9l\u00e9rer la transition \u00e9nerg\u00e9tique collective.Lors du webinaire, seront pr\u00e9sent\u00e9s :Les principales opportunit\u00e9s de production et de consommation collective d\u2019\u00e9nergies renouvelables, telles que l\u2019autoconsommation collective ou les Communaut\u00e9s d\u2019\u00c9nergies Renouvelables ;Un cadre juridique et r\u00e9glementaire pour la constitution d\u2019initiatives collectives sur le territoire ;Des exemples concrets et des pistes pour les entreprises souhaitant s\u2019engager dans des projets \u00e9nerg\u00e9tiques partag\u00e9s.La participation est gratuite et repr\u00e9sente une occasion de comprendre comment les \u00e9nergies renouvelables peuvent devenir un vecteur d\u2019innovation et de durabilit\u00e9 pour les entreprises et les communaut\u00e9s locales.Cette initiative s\u2019inscrit dans le cadre de l\u2019engagement plus large de la CCI Nice C\u00f4te d\u2019Azur en faveur de la transition \u00e9nerg\u00e9tique, \u00e0 travers des \u00e9v\u00e9nements, des outils d\u2019accompagnement et des moments d\u2019\u00e9change visant \u00e0 sensibiliser et soutenir les entreprises dans leurs processus de d\u00e9carbonation et de d\u00e9veloppement durable.\" \/>\n<meta name=\"robots\" content=\"index, follow, max-snippet:-1, max-image-preview:large, max-video-preview:-1\" \/>\n<link rel=\"canonical\" href=\"https:\/\/recrosses.eu\/fr\/webinaire-sur-les-solutions-collectives-pour-accelerer-la-transition-energetique\/\" \/>\n<meta property=\"og:locale\" content=\"fr_FR\" \/>\n<meta property=\"og:type\" content=\"article\" \/>\n<meta property=\"og:title\" content=\"Webinaire sur les solutions collectives pour la transition \u00e9nerg\u00e9tique - Recrosses\" \/>\n<meta property=\"og:description\" content=\"La CCI Nice C\u00f4te d\u2019Azur, en collaboration avec l\u2019Association des Centrales Villageoises et ASDER, dans le cadre du projet Interreg France\u2013Italie ALCOTRA RECROSSES, organise un webinaire d\u00e9di\u00e9 aux opportunit\u00e9s collectives de production et de consommation d\u2019\u00e9nergies renouvelables.L\u2019\u00e9v\u00e9nement se tiendra jeudi 21 janvier 2026 \u00e0 14h00 en ligne et s\u2019adresse en particulier aux entreprises de la r\u00e9gion Provence\u2011Alpes\u2011C\u00f4te d\u2019Azur souhaitant explorer les outils, formes juridiques et opportunit\u00e9s op\u00e9rationnelles pour acc\u00e9l\u00e9rer la transition \u00e9nerg\u00e9tique collective.Lors du webinaire, seront pr\u00e9sent\u00e9s :Les principales opportunit\u00e9s de production et de consommation collective d\u2019\u00e9nergies renouvelables, telles que l\u2019autoconsommation collective ou les Communaut\u00e9s d\u2019\u00c9nergies Renouvelables ;Un cadre juridique et r\u00e9glementaire pour la constitution d\u2019initiatives collectives sur le territoire ;Des exemples concrets et des pistes pour les entreprises souhaitant s\u2019engager dans des projets \u00e9nerg\u00e9tiques partag\u00e9s.La participation est gratuite et repr\u00e9sente une occasion de comprendre comment les \u00e9nergies renouvelables peuvent devenir un vecteur d\u2019innovation et de durabilit\u00e9 pour les entreprises et les communaut\u00e9s locales.Cette initiative s\u2019inscrit dans le cadre de l\u2019engagement plus large de la CCI Nice C\u00f4te d\u2019Azur en faveur de la transition \u00e9nerg\u00e9tique, \u00e0 travers des \u00e9v\u00e9nements, des outils d\u2019accompagnement et des moments d\u2019\u00e9change visant \u00e0 sensibiliser et soutenir les entreprises dans leurs processus de d\u00e9carbonation et de d\u00e9veloppement durable.\" \/>\n<meta property=\"og:url\" content=\"https:\/\/recrosses.eu\/fr\/webinaire-sur-les-solutions-collectives-pour-accelerer-la-transition-energetique\/\" \/>\n<meta property=\"og:site_name\" content=\"Recrosses\" \/>\n<meta property=\"article:published_time\" content=\"2026-01-14T13:21:18+00:00\" \/>\n<meta property=\"article:modified_time\" content=\"2026-01-14T13:32:49+00:00\" \/>\n<meta property=\"og:image\" content=\"https:\/\/recrosses.eu\/wp-content\/uploads\/2026\/01\/26-01-21_Webinaire-CCI.jpg\" \/>\n\t<meta property=\"og:image:width\" content=\"733\" \/>\n\t<meta property=\"og:image:height\" content=\"733\" \/>\n\t<meta property=\"og:image:type\" content=\"image\/jpeg\" \/>\n<meta name=\"author\" content=\"Chiara Bertolin\" \/>\n<meta name=\"twitter:card\" content=\"summary_large_image\" \/>\n<meta name=\"twitter:label1\" content=\"\u00c9crit par\" \/>\n\t<meta name=\"twitter:data1\" content=\"Chiara Bertolin\" \/>\n\t<meta name=\"twitter:label2\" content=\"Dur\u00e9e de lecture estim\u00e9e\" \/>\n\t<meta name=\"twitter:data2\" content=\"1 minute\" \/>\n<script type=\"application\/ld+json\" class=\"yoast-schema-graph\">{\"@context\":\"https:\\\/\\\/schema.org\",\"@graph\":[{\"@type\":\"Article\",\"@id\":\"https:\\\/\\\/recrosses.eu\\\/fr\\\/webinaire-sur-les-solutions-collectives-pour-accelerer-la-transition-energetique\\\/#article\",\"isPartOf\":{\"@id\":\"https:\\\/\\\/recrosses.eu\\\/fr\\\/webinaire-sur-les-solutions-collectives-pour-accelerer-la-transition-energetique\\\/\"},\"author\":{\"name\":\"Chiara Bertolin\",\"@id\":\"https:\\\/\\\/recrosses.eu\\\/fr\\\/#\\\/schema\\\/person\\\/2327e244e995abff4eaeb4f639000640\"},\"headline\":\"Webinaire sur les solutions collectives pour acc\u00e9l\u00e9rer la transition \u00e9nerg\u00e9tique\",\"datePublished\":\"2026-01-14T13:21:18+00:00\",\"dateModified\":\"2026-01-14T13:32:49+00:00\",\"mainEntityOfPage\":{\"@id\":\"https:\\\/\\\/recrosses.eu\\\/fr\\\/webinaire-sur-les-solutions-collectives-pour-accelerer-la-transition-energetique\\\/\"},\"wordCount\":275,\"commentCount\":0,\"image\":{\"@id\":\"https:\\\/\\\/recrosses.eu\\\/fr\\\/webinaire-sur-les-solutions-collectives-pour-accelerer-la-transition-energetique\\\/#primaryimage\"},\"thumbnailUrl\":\"https:\\\/\\\/recrosses.eu\\\/wp-content\\\/uploads\\\/2026\\\/01\\\/26-01-21_Webinaire-CCI.jpg\",\"articleSection\":[\"Nuovelles\"],\"inLanguage\":\"fr-FR\",\"potentialAction\":[{\"@type\":\"CommentAction\",\"name\":\"Comment\",\"target\":[\"https:\\\/\\\/recrosses.eu\\\/fr\\\/webinaire-sur-les-solutions-collectives-pour-accelerer-la-transition-energetique\\\/#respond\"]}]},{\"@type\":\"WebPage\",\"@id\":\"https:\\\/\\\/recrosses.eu\\\/fr\\\/webinaire-sur-les-solutions-collectives-pour-accelerer-la-transition-energetique\\\/\",\"url\":\"https:\\\/\\\/recrosses.eu\\\/fr\\\/webinaire-sur-les-solutions-collectives-pour-accelerer-la-transition-energetique\\\/\",\"name\":\"Webinaire sur les solutions collectives pour la transition \u00e9nerg\u00e9tique - Recrosses\",\"isPartOf\":{\"@id\":\"https:\\\/\\\/recrosses.eu\\\/fr\\\/#website\"},\"primaryImageOfPage\":{\"@id\":\"https:\\\/\\\/recrosses.eu\\\/fr\\\/webinaire-sur-les-solutions-collectives-pour-accelerer-la-transition-energetique\\\/#primaryimage\"},\"image\":{\"@id\":\"https:\\\/\\\/recrosses.eu\\\/fr\\\/webinaire-sur-les-solutions-collectives-pour-accelerer-la-transition-energetique\\\/#primaryimage\"},\"thumbnailUrl\":\"https:\\\/\\\/recrosses.eu\\\/wp-content\\\/uploads\\\/2026\\\/01\\\/26-01-21_Webinaire-CCI.jpg\",\"datePublished\":\"2026-01-14T13:21:18+00:00\",\"dateModified\":\"2026-01-14T13:32:49+00:00\",\"author\":{\"@id\":\"https:\\\/\\\/recrosses.eu\\\/fr\\\/#\\\/schema\\\/person\\\/2327e244e995abff4eaeb4f639000640\"},\"description\":\"La CCI Nice C\u00f4te d\u2019Azur, en collaboration avec l\u2019Association des Centrales Villageoises et ASDER, dans le cadre du projet Interreg France\u2013Italie ALCOTRA RECROSSES, organise un webinaire d\u00e9di\u00e9 aux opportunit\u00e9s collectives de production et de consommation d\u2019\u00e9nergies renouvelables.L\u2019\u00e9v\u00e9nement se tiendra jeudi 21 janvier 2026 \u00e0 14h00 en ligne et s\u2019adresse en particulier aux entreprises de la r\u00e9gion Provence\u2011Alpes\u2011C\u00f4te d\u2019Azur souhaitant explorer les outils, formes juridiques et opportunit\u00e9s op\u00e9rationnelles pour acc\u00e9l\u00e9rer la transition \u00e9nerg\u00e9tique collective.Lors du webinaire, seront pr\u00e9sent\u00e9s :Les principales opportunit\u00e9s de production et de consommation collective d\u2019\u00e9nergies renouvelables, telles que l\u2019autoconsommation collective ou les Communaut\u00e9s d\u2019\u00c9nergies Renouvelables ;Un cadre juridique et r\u00e9glementaire pour la constitution d\u2019initiatives collectives sur le territoire ;Des exemples concrets et des pistes pour les entreprises souhaitant s\u2019engager dans des projets \u00e9nerg\u00e9tiques partag\u00e9s.La participation est gratuite et repr\u00e9sente une occasion de comprendre comment les \u00e9nergies renouvelables peuvent devenir un vecteur d\u2019innovation et de durabilit\u00e9 pour les entreprises et les communaut\u00e9s locales.Cette initiative s\u2019inscrit dans le cadre de l\u2019engagement plus large de la CCI Nice C\u00f4te d\u2019Azur en faveur de la transition \u00e9nerg\u00e9tique, \u00e0 travers des \u00e9v\u00e9nements, des outils d\u2019accompagnement et des moments d\u2019\u00e9change visant \u00e0 sensibiliser et soutenir les entreprises dans leurs processus de d\u00e9carbonation et de d\u00e9veloppement durable.\",\"breadcrumb\":{\"@id\":\"https:\\\/\\\/recrosses.eu\\\/fr\\\/webinaire-sur-les-solutions-collectives-pour-accelerer-la-transition-energetique\\\/#breadcrumb\"},\"inLanguage\":\"fr-FR\",\"potentialAction\":[{\"@type\":\"ReadAction\",\"target\":[\"https:\\\/\\\/recrosses.eu\\\/fr\\\/webinaire-sur-les-solutions-collectives-pour-accelerer-la-transition-energetique\\\/\"]}]},{\"@type\":\"ImageObject\",\"inLanguage\":\"fr-FR\",\"@id\":\"https:\\\/\\\/recrosses.eu\\\/fr\\\/webinaire-sur-les-solutions-collectives-pour-accelerer-la-transition-energetique\\\/#primaryimage\",\"url\":\"https:\\\/\\\/recrosses.eu\\\/wp-content\\\/uploads\\\/2026\\\/01\\\/26-01-21_Webinaire-CCI.jpg\",\"contentUrl\":\"https:\\\/\\\/recrosses.eu\\\/wp-content\\\/uploads\\\/2026\\\/01\\\/26-01-21_Webinaire-CCI.jpg\",\"width\":733,\"height\":733,\"caption\":\"Webinaire CCI\"},{\"@type\":\"BreadcrumbList\",\"@id\":\"https:\\\/\\\/recrosses.eu\\\/fr\\\/webinaire-sur-les-solutions-collectives-pour-accelerer-la-transition-energetique\\\/#breadcrumb\",\"itemListElement\":[{\"@type\":\"ListItem\",\"position\":1,\"name\":\"Home\",\"item\":\"https:\\\/\\\/recrosses.eu\\\/fr\\\/home\\\/\"},{\"@type\":\"ListItem\",\"position\":2,\"name\":\"Webinaire sur les solutions collectives pour acc\u00e9l\u00e9rer la transition \u00e9nerg\u00e9tique\"}]},{\"@type\":\"WebSite\",\"@id\":\"https:\\\/\\\/recrosses.eu\\\/fr\\\/#website\",\"url\":\"https:\\\/\\\/recrosses.eu\\\/fr\\\/\",\"name\":\"Recrosses\",\"description\":\"L&#039;energia che unisce - L&#039;\u00e9nergie qui unit\",\"potentialAction\":[{\"@type\":\"SearchAction\",\"target\":{\"@type\":\"EntryPoint\",\"urlTemplate\":\"https:\\\/\\\/recrosses.eu\\\/fr\\\/?s={search_term_string}\"},\"query-input\":{\"@type\":\"PropertyValueSpecification\",\"valueRequired\":true,\"valueName\":\"search_term_string\"}}],\"inLanguage\":\"fr-FR\"},{\"@type\":\"Person\",\"@id\":\"https:\\\/\\\/recrosses.eu\\\/fr\\\/#\\\/schema\\\/person\\\/2327e244e995abff4eaeb4f639000640\",\"name\":\"Chiara Bertolin\",\"image\":{\"@type\":\"ImageObject\",\"inLanguage\":\"fr-FR\",\"@id\":\"https:\\\/\\\/secure.gravatar.com\\\/avatar\\\/4789acd3dd60d7a775c67e44f6a017499f73531a758ddf33045a7e35ffafeda6?s=96&d=mm&r=g\",\"url\":\"https:\\\/\\\/secure.gravatar.com\\\/avatar\\\/4789acd3dd60d7a775c67e44f6a017499f73531a758ddf33045a7e35ffafeda6?s=96&d=mm&r=g\",\"contentUrl\":\"https:\\\/\\\/secure.gravatar.com\\\/avatar\\\/4789acd3dd60d7a775c67e44f6a017499f73531a758ddf33045a7e35ffafeda6?s=96&d=mm&r=g\",\"caption\":\"Chiara Bertolin\"},\"url\":\"https:\\\/\\\/recrosses.eu\\\/fr\\\/author\\\/chiara\\\/\"}]}<\/script>\n<!-- \/ Yoast SEO plugin. -->","yoast_head_json":{"title":"Webinaire sur les solutions collectives pour la transition \u00e9nerg\u00e9tique - Recrosses","description":"La CCI Nice C\u00f4te d\u2019Azur, en collaboration avec l\u2019Association des Centrales Villageoises et ASDER, dans le cadre du projet Interreg France\u2013Italie ALCOTRA RECROSSES, organise un webinaire d\u00e9di\u00e9 aux opportunit\u00e9s collectives de production et de consommation d\u2019\u00e9nergies renouvelables.L\u2019\u00e9v\u00e9nement se tiendra jeudi 21 janvier 2026 \u00e0 14h00 en ligne et s\u2019adresse en particulier aux entreprises de la r\u00e9gion Provence\u2011Alpes\u2011C\u00f4te d\u2019Azur souhaitant explorer les outils, formes juridiques et opportunit\u00e9s op\u00e9rationnelles pour acc\u00e9l\u00e9rer la transition \u00e9nerg\u00e9tique collective.Lors du webinaire, seront pr\u00e9sent\u00e9s :Les principales opportunit\u00e9s de production et de consommation collective d\u2019\u00e9nergies renouvelables, telles que l\u2019autoconsommation collective ou les Communaut\u00e9s d\u2019\u00c9nergies Renouvelables ;Un cadre juridique et r\u00e9glementaire pour la constitution d\u2019initiatives collectives sur le territoire ;Des exemples concrets et des pistes pour les entreprises souhaitant s\u2019engager dans des projets \u00e9nerg\u00e9tiques partag\u00e9s.La participation est gratuite et repr\u00e9sente une occasion de comprendre comment les \u00e9nergies renouvelables peuvent devenir un vecteur d\u2019innovation et de durabilit\u00e9 pour les entreprises et les communaut\u00e9s locales.Cette initiative s\u2019inscrit dans le cadre de l\u2019engagement plus large de la CCI Nice C\u00f4te d\u2019Azur en faveur de la transition \u00e9nerg\u00e9tique, \u00e0 travers des \u00e9v\u00e9nements, des outils d\u2019accompagnement et des moments d\u2019\u00e9change visant \u00e0 sensibiliser et soutenir les entreprises dans leurs processus de d\u00e9carbonation et de d\u00e9veloppement durable.","robots":{"index":"index","follow":"follow","max-snippet":"max-snippet:-1","max-image-preview":"max-image-preview:large","max-video-preview":"max-video-preview:-1"},"canonical":"https:\/\/recrosses.eu\/fr\/webinaire-sur-les-solutions-collectives-pour-accelerer-la-transition-energetique\/","og_locale":"fr_FR","og_type":"article","og_title":"Webinaire sur les solutions collectives pour la transition \u00e9nerg\u00e9tique - Recrosses","og_description":"La CCI Nice C\u00f4te d\u2019Azur, en collaboration avec l\u2019Association des Centrales Villageoises et ASDER, dans le cadre du projet Interreg France\u2013Italie ALCOTRA RECROSSES, organise un webinaire d\u00e9di\u00e9 aux opportunit\u00e9s collectives de production et de consommation d\u2019\u00e9nergies renouvelables.L\u2019\u00e9v\u00e9nement se tiendra jeudi 21 janvier 2026 \u00e0 14h00 en ligne et s\u2019adresse en particulier aux entreprises de la r\u00e9gion Provence\u2011Alpes\u2011C\u00f4te d\u2019Azur souhaitant explorer les outils, formes juridiques et opportunit\u00e9s op\u00e9rationnelles pour acc\u00e9l\u00e9rer la transition \u00e9nerg\u00e9tique collective.Lors du webinaire, seront pr\u00e9sent\u00e9s :Les principales opportunit\u00e9s de production et de consommation collective d\u2019\u00e9nergies renouvelables, telles que l\u2019autoconsommation collective ou les Communaut\u00e9s d\u2019\u00c9nergies Renouvelables ;Un cadre juridique et r\u00e9glementaire pour la constitution d\u2019initiatives collectives sur le territoire ;Des exemples concrets et des pistes pour les entreprises souhaitant s\u2019engager dans des projets \u00e9nerg\u00e9tiques partag\u00e9s.La participation est gratuite et repr\u00e9sente une occasion de comprendre comment les \u00e9nergies renouvelables peuvent devenir un vecteur d\u2019innovation et de durabilit\u00e9 pour les entreprises et les communaut\u00e9s locales.Cette initiative s\u2019inscrit dans le cadre de l\u2019engagement plus large de la CCI Nice C\u00f4te d\u2019Azur en faveur de la transition \u00e9nerg\u00e9tique, \u00e0 travers des \u00e9v\u00e9nements, des outils d\u2019accompagnement et des moments d\u2019\u00e9change visant \u00e0 sensibiliser et soutenir les entreprises dans leurs processus de d\u00e9carbonation et de d\u00e9veloppement durable.","og_url":"https:\/\/recrosses.eu\/fr\/webinaire-sur-les-solutions-collectives-pour-accelerer-la-transition-energetique\/","og_site_name":"Recrosses","article_published_time":"2026-01-14T13:21:18+00:00","article_modified_time":"2026-01-14T13:32:49+00:00","og_image":[{"width":733,"height":733,"url":"https:\/\/recrosses.eu\/wp-content\/uploads\/2026\/01\/26-01-21_Webinaire-CCI.jpg","type":"image\/jpeg"}],"author":"Chiara Bertolin","twitter_card":"summary_large_image","twitter_misc":{"\u00c9crit par":"Chiara Bertolin","Dur\u00e9e de lecture estim\u00e9e":"1 minute"},"schema":{"@context":"https:\/\/schema.org","@graph":[{"@type":"Article","@id":"https:\/\/recrosses.eu\/fr\/webinaire-sur-les-solutions-collectives-pour-accelerer-la-transition-energetique\/#article","isPartOf":{"@id":"https:\/\/recrosses.eu\/fr\/webinaire-sur-les-solutions-collectives-pour-accelerer-la-transition-energetique\/"},"author":{"name":"Chiara Bertolin","@id":"https:\/\/recrosses.eu\/fr\/#\/schema\/person\/2327e244e995abff4eaeb4f639000640"},"headline":"Webinaire sur les solutions collectives pour acc\u00e9l\u00e9rer la transition \u00e9nerg\u00e9tique","datePublished":"2026-01-14T13:21:18+00:00","dateModified":"2026-01-14T13:32:49+00:00","mainEntityOfPage":{"@id":"https:\/\/recrosses.eu\/fr\/webinaire-sur-les-solutions-collectives-pour-accelerer-la-transition-energetique\/"},"wordCount":275,"commentCount":0,"image":{"@id":"https:\/\/recrosses.eu\/fr\/webinaire-sur-les-solutions-collectives-pour-accelerer-la-transition-energetique\/#primaryimage"},"thumbnailUrl":"https:\/\/recrosses.eu\/wp-content\/uploads\/2026\/01\/26-01-21_Webinaire-CCI.jpg","articleSection":["Nuovelles"],"inLanguage":"fr-FR","potentialAction":[{"@type":"CommentAction","name":"Comment","target":["https:\/\/recrosses.eu\/fr\/webinaire-sur-les-solutions-collectives-pour-accelerer-la-transition-energetique\/#respond"]}]},{"@type":"WebPage","@id":"https:\/\/recrosses.eu\/fr\/webinaire-sur-les-solutions-collectives-pour-accelerer-la-transition-energetique\/","url":"https:\/\/recrosses.eu\/fr\/webinaire-sur-les-solutions-collectives-pour-accelerer-la-transition-energetique\/","name":"Webinaire sur les solutions collectives pour la transition \u00e9nerg\u00e9tique - Recrosses","isPartOf":{"@id":"https:\/\/recrosses.eu\/fr\/#website"},"primaryImageOfPage":{"@id":"https:\/\/recrosses.eu\/fr\/webinaire-sur-les-solutions-collectives-pour-accelerer-la-transition-energetique\/#primaryimage"},"image":{"@id":"https:\/\/recrosses.eu\/fr\/webinaire-sur-les-solutions-collectives-pour-accelerer-la-transition-energetique\/#primaryimage"},"thumbnailUrl":"https:\/\/recrosses.eu\/wp-content\/uploads\/2026\/01\/26-01-21_Webinaire-CCI.jpg","datePublished":"2026-01-14T13:21:18+00:00","dateModified":"2026-01-14T13:32:49+00:00","author":{"@id":"https:\/\/recrosses.eu\/fr\/#\/schema\/person\/2327e244e995abff4eaeb4f639000640"},"description":"La CCI Nice C\u00f4te d\u2019Azur, en collaboration avec l\u2019Association des Centrales Villageoises et ASDER, dans le cadre du projet Interreg France\u2013Italie ALCOTRA RECROSSES, organise un webinaire d\u00e9di\u00e9 aux opportunit\u00e9s collectives de production et de consommation d\u2019\u00e9nergies renouvelables.L\u2019\u00e9v\u00e9nement se tiendra jeudi 21 janvier 2026 \u00e0 14h00 en ligne et s\u2019adresse en particulier aux entreprises de la r\u00e9gion Provence\u2011Alpes\u2011C\u00f4te d\u2019Azur souhaitant explorer les outils, formes juridiques et opportunit\u00e9s op\u00e9rationnelles pour acc\u00e9l\u00e9rer la transition \u00e9nerg\u00e9tique collective.Lors du webinaire, seront pr\u00e9sent\u00e9s :Les principales opportunit\u00e9s de production et de consommation collective d\u2019\u00e9nergies renouvelables, telles que l\u2019autoconsommation collective ou les Communaut\u00e9s d\u2019\u00c9nergies Renouvelables ;Un cadre juridique et r\u00e9glementaire pour la constitution d\u2019initiatives collectives sur le territoire ;Des exemples concrets et des pistes pour les entreprises souhaitant s\u2019engager dans des projets \u00e9nerg\u00e9tiques partag\u00e9s.La participation est gratuite et repr\u00e9sente une occasion de comprendre comment les \u00e9nergies renouvelables peuvent devenir un vecteur d\u2019innovation et de durabilit\u00e9 pour les entreprises et les communaut\u00e9s locales.Cette initiative s\u2019inscrit dans le cadre de l\u2019engagement plus large de la CCI Nice C\u00f4te d\u2019Azur en faveur de la transition \u00e9nerg\u00e9tique, \u00e0 travers des \u00e9v\u00e9nements, des outils d\u2019accompagnement et des moments d\u2019\u00e9change visant \u00e0 sensibiliser et soutenir les entreprises dans leurs processus de d\u00e9carbonation et de d\u00e9veloppement durable.","breadcrumb":{"@id":"https:\/\/recrosses.eu\/fr\/webinaire-sur-les-solutions-collectives-pour-accelerer-la-transition-energetique\/#breadcrumb"},"inLanguage":"fr-FR","potentialAction":[{"@type":"ReadAction","target":["https:\/\/recrosses.eu\/fr\/webinaire-sur-les-solutions-collectives-pour-accelerer-la-transition-energetique\/"]}]},{"@type":"ImageObject","inLanguage":"fr-FR","@id":"https:\/\/recrosses.eu\/fr\/webinaire-sur-les-solutions-collectives-pour-accelerer-la-transition-energetique\/#primaryimage","url":"https:\/\/recrosses.eu\/wp-content\/uploads\/2026\/01\/26-01-21_Webinaire-CCI.jpg","contentUrl":"https:\/\/recrosses.eu\/wp-content\/uploads\/2026\/01\/26-01-21_Webinaire-CCI.jpg","width":733,"height":733,"caption":"Webinaire CCI"},{"@type":"BreadcrumbList","@id":"https:\/\/recrosses.eu\/fr\/webinaire-sur-les-solutions-collectives-pour-accelerer-la-transition-energetique\/#breadcrumb","itemListElement":[{"@type":"ListItem","position":1,"name":"Home","item":"https:\/\/recrosses.eu\/fr\/home\/"},{"@type":"ListItem","position":2,"name":"Webinaire sur les solutions collectives pour acc\u00e9l\u00e9rer la transition \u00e9nerg\u00e9tique"}]},{"@type":"WebSite","@id":"https:\/\/recrosses.eu\/fr\/#website","url":"https:\/\/recrosses.eu\/fr\/","name":"Recrosses","description":"L&#039;energia che unisce - L&#039;\u00e9nergie qui unit","potentialAction":[{"@type":"SearchAction","target":{"@type":"EntryPoint","urlTemplate":"https:\/\/recrosses.eu\/fr\/?s={search_term_string}"},"query-input":{"@type":"PropertyValueSpecification","valueRequired":true,"valueName":"search_term_string"}}],"inLanguage":"fr-FR"},{"@type":"Person","@id":"https:\/\/recrosses.eu\/fr\/#\/schema\/person\/2327e244e995abff4eaeb4f639000640","name":"Chiara Bertolin","image":{"@type":"ImageObject","inLanguage":"fr-FR","@id":"https:\/\/secure.gravatar.com\/avatar\/4789acd3dd60d7a775c67e44f6a017499f73531a758ddf33045a7e35ffafeda6?s=96&d=mm&r=g","url":"https:\/\/secure.gravatar.com\/avatar\/4789acd3dd60d7a775c67e44f6a017499f73531a758ddf33045a7e35ffafeda6?s=96&d=mm&r=g","contentUrl":"https:\/\/secure.gravatar.com\/avatar\/4789acd3dd60d7a775c67e44f6a017499f73531a758ddf33045a7e35ffafeda6?s=96&d=mm&r=g","caption":"Chiara Bertolin"},"url":"https:\/\/recrosses.eu\/fr\/author\/chiara\/"}]}},"_links":{"self":[{"href":"https:\/\/recrosses.eu\/fr\/wp-json\/wp\/v2\/posts\/1752","targetHints":{"allow":["GET"]}}],"collection":[{"href":"https:\/\/recrosses.eu\/fr\/wp-json\/wp\/v2\/posts"}],"about":[{"href":"https:\/\/recrosses.eu\/fr\/wp-json\/wp\/v2\/types\/post"}],"author":[{"embeddable":true,"href":"https:\/\/recrosses.eu\/fr\/wp-json\/wp\/v2\/users\/4"}],"replies":[{"embeddable":true,"href":"https:\/\/recrosses.eu\/fr\/wp-json\/wp\/v2\/comments?post=1752"}],"version-history":[{"count":1,"href":"https:\/\/recrosses.eu\/fr\/wp-json\/wp\/v2\/posts\/1752\/revisions"}],"predecessor-version":[{"id":1753,"href":"https:\/\/recrosses.eu\/fr\/wp-json\/wp\/v2\/posts\/1752\/revisions\/1753"}],"wp:featuredmedia":[{"embeddable":true,"href":"https:\/\/recrosses.eu\/fr\/wp-json\/wp\/v2\/media\/1748"}],"wp:attachment":[{"href":"https:\/\/recrosses.eu\/fr\/wp-json\/wp\/v2\/media?parent=1752"}],"wp:term":[{"taxonomy":"category","embeddable":true,"href":"https:\/\/recrosses.eu\/fr\/wp-json\/wp\/v2\/categories?post=1752"},{"taxonomy":"post_tag","embeddable":true,"href":"https:\/\/recrosses.eu\/fr\/wp-json\/wp\/v2\/tags?post=1752"}],"curies":[{"name":"wp","href":"https:\/\/api.w.org\/{rel}","templated":true}]}}