{"id":2048,"date":"2026-05-25T16:17:01","date_gmt":"2026-05-25T15:17:01","guid":{"rendered":"https:\/\/recrosses.eu\/le-deuxieme-cer-tour-du-projet-interreg-alcotra-recrosses-un-voyage-a-travers-les-communautes-denergies-renouvelables\/"},"modified":"2026-05-26T10:58:06","modified_gmt":"2026-05-26T09:58:06","slug":"le-deuxieme-cer-tour-du-projet-interreg-alcotra-recrosses-un-voyage-a-travers-les-communautes-denergies-renouvelables","status":"publish","type":"post","link":"https:\/\/recrosses.eu\/fr\/le-deuxieme-cer-tour-du-projet-interreg-alcotra-recrosses-un-voyage-a-travers-les-communautes-denergies-renouvelables\/","title":{"rendered":"Le deuxi\u00e8me CER Tour du projet Interreg ALCOTRA RECROSSES : un voyage \u00e0 travers les Communaut\u00e9s d&rsquo;\u00e9nergies Renouvelables"},"content":{"rendered":"\n<p class=\"wp-block-paragraph\">Dans le cadre du projet Interreg ALCOTRA <strong>RECROSSES<\/strong>, le 12 juin 2026 marque le lancement du deuxi\u00e8me <strong>CER Tour<\/strong>, une initiative d\u00e9di\u00e9e \u00e0 la rencontre, \u00e0 l\u2019\u00e9change et \u00e0 la valorisation des exp\u00e9riences entre les <strong>Communaut\u00e9s d\u2019\u00c9nergies Renouvelables (CER)<\/strong> italiennes et fran\u00e7aises impliqu\u00e9es dans le projet.<br\/>L\u2019objectif principal est de renforcer la dimension transfrontali\u00e8re des CER, en favorisant le partage de bonnes pratiques et de mod\u00e8les r\u00e9plicables sur les territoires alpins. <\/p>\n\n<p class=\"wp-block-paragraph\">Apr\u00e8s le succ\u00e8s de la premi\u00e8re \u00e9dition, organis\u00e9e en septembre 2025 en Italie, le tour conserve son caract\u00e8re distinctif : un voyage durable \u00e0 v\u00e9lo qui traverse certains des territoires les plus repr\u00e9sentatifs de la coop\u00e9ration ALCOTRA en France. L\u2019itin\u00e9raire se d\u00e9roule sur <strong>quatre journ\u00e9es<\/strong> et couvre environ <strong>165 kilom\u00e8tres<\/strong>, avec un d\u00e9nivel\u00e9 de <strong>1.850 m\u00e8tres<\/strong>, reliant <strong>Thonon-les-Bains<\/strong> \u00e0 <strong>Le Bourget-du-Lac<\/strong>, avec des \u00e9tapes significatives \u00e0 <strong>Annecy<\/strong> et <strong>Chamb\u00e9ry<\/strong>. <\/p>\n\n<h3 class=\"wp-block-heading\">Un itin\u00e9raire entre innovation \u00e9nerg\u00e9tique et territoires<\/h3>\n\n<p class=\"wp-block-paragraph\">Le tour repr\u00e9sente une occasion unique de rencontre directe entre les acteurs engag\u00e9s dans la transition \u00e9nerg\u00e9tique. Le programme pr\u00e9voit la participation de : <\/p>\n\n<ul class=\"wp-block-list\">\n<li><strong>8 Communaut\u00e9s d\u2019\u00c9nergies Renouvelables<\/strong>, parmi lesquelles <strong>7 Centrales Villageoises<\/strong><\/li>\n\n\n\n<li><strong>3 collectivit\u00e9s locales<\/strong><\/li>\n\n\n\n<li><strong>2 associations d\u00e9partementales<\/strong> actives dans la promotion des CER<\/li>\n\n\n\n<li><strong>1 centre de recherche et de formation<\/strong> sp\u00e9cialis\u00e9 dans le photovolta\u00efque<\/li>\n<\/ul>\n\n<p class=\"wp-block-paragraph\">Chaque \u00e9tape du parcours constituera un moment d\u2019\u00e9change et de dialogue : \u00e0 travers des visites de terrain, des rencontres publiques et des \u00e9v\u00e9nements d\u00e9di\u00e9s, les participants auront l\u2019opportunit\u00e9 de pr\u00e9senter leurs exp\u00e9riences, de partager leurs connaissances et de construire des synergies concr\u00e8tes.<br\/>L\u2019un des \u00e9l\u00e9ments centraux du CER Tour sera la possibilit\u00e9, pour les communaut\u00e9s participantes, de signer un accord de coop\u00e9ration transfrontali\u00e8re pour le partage de bonnes pratiques. <\/p>\n\n<p class=\"wp-block-paragraph\"><\/p>\n","protected":false},"excerpt":{"rendered":"<p>Dans le cadre du projet Interreg ALCOTRA RECROSSES, le 12 juin 2026 marque le lancement du deuxi\u00e8me CER Tour, une initiative d\u00e9di\u00e9e \u00e0 la rencontre, \u00e0 l\u2019\u00e9change et \u00e0 la valorisation des exp\u00e9riences entre les Communaut\u00e9s d\u2019\u00c9nergies Renouvelables (CER) italiennes et fran\u00e7aises impliqu\u00e9es dans le projet.L\u2019objectif principal est de renforcer la dimension transfrontali\u00e8re des CER, [&hellip;]<\/p>\n","protected":false},"author":4,"featured_media":2052,"comment_status":"open","ping_status":"open","sticky":false,"template":"","format":"standard","meta":{"_acf_changed":false,"footnotes":""},"categories":[26,22],"tags":[],"class_list":["post-2048","post","type-post","status-publish","format-standard","has-post-thumbnail","hentry","category-evenement-fr","category-nuovelles"],"acf":[],"yoast_head":"<!-- This site is optimized with the Yoast SEO plugin v28.3 - https:\/\/yoast.com\/product\/yoast-seo-wordpress\/ -->\n<title>Deuxi\u00e8me tour des Communaut\u00e9s d\u2019\u00e9nergies renouvelables - Recrosses<\/title>\n<meta name=\"description\" content=\"Dans le cadre du projet Interreg ALCOTRA RECROSSES, le deuxi\u00e8me CER Tour est lanc\u00e9 : une initiative d\u00e9di\u00e9e \u00e0 la rencontre, \u00e0 l\u2019\u00e9change et \u00e0 la valorisation des exp\u00e9riences entre les Communaut\u00e9s d\u2019\u00c9nergies Renouvelables (CER) italiennes et fran\u00e7aises impliqu\u00e9es dans le projet. L\u2019objectif principal est de renforcer la dimension transfrontali\u00e8re des CER, en favorisant le partage de bonnes pratiques et de mod\u00e8les r\u00e9plicables sur les territoires alpins.Apr\u00e8s le succ\u00e8s de la premi\u00e8re \u00e9dition, organis\u00e9e en septembre 2025, le tour conserve son caract\u00e8re distinctif : un voyage durable \u00e0 v\u00e9lo qui traverse certains des territoires les plus repr\u00e9sentatifs de la coop\u00e9ration ALCOTRA en France. L\u2019itin\u00e9raire se d\u00e9roule en quatre \u00e9tapes, pour un total d\u2019environ 165 kilom\u00e8tres et un d\u00e9nivel\u00e9 de 1 850 m\u00e8tres, reliant Thonon-les-Bains \u00e0 Le Bourget-du-Lac, avec des passages significatifs par Annecy et Chamb\u00e9ry.Un itin\u00e9raire entre innovation \u00e9nerg\u00e9tique et territoires.Le tour repr\u00e9sente une occasion unique de rencontre directe entre les acteurs engag\u00e9s dans la transition \u00e9nerg\u00e9tique. Le programme pr\u00e9voit la participation de :8 Communaut\u00e9s d\u2019\u00c9nergie Renouvelable, dont 7 Centrales Villageoises3 collectivit\u00e9s locales2 associations d\u00e9partementales actives dans la promotion des CER1 centre de recherche et de formation sp\u00e9cialis\u00e9 dans le photovolta\u00efqueChaque \u00e9tape du parcours constituera un moment d\u2019\u00e9change et de dialogue : \u00e0 travers des visites de terrain, des rencontres publiques et des \u00e9v\u00e9nements d\u00e9di\u00e9s, les participants auront l\u2019opportunit\u00e9 de pr\u00e9senter leurs exp\u00e9riences, de partager leurs connaissances et de construire des synergies concr\u00e8tes.L\u2019un des \u00e9l\u00e9ments centraux du CER Tour sera la possibilit\u00e9, pour les communaut\u00e9s participantes, de signer un accord de coop\u00e9ration transfrontali\u00e8re visant au partage de bonnes pratiques.\" \/>\n<meta name=\"robots\" content=\"index, follow, max-snippet:-1, max-image-preview:large, max-video-preview:-1\" \/>\n<link rel=\"canonical\" href=\"https:\/\/recrosses.eu\/fr\/le-deuxieme-cer-tour-du-projet-interreg-alcotra-recrosses-un-voyage-a-travers-les-communautes-denergies-renouvelables\/\" \/>\n<meta property=\"og:locale\" content=\"fr_FR\" \/>\n<meta property=\"og:type\" content=\"article\" \/>\n<meta property=\"og:title\" content=\"Deuxi\u00e8me tour des Communaut\u00e9s d\u2019\u00e9nergies renouvelables - Recrosses\" \/>\n<meta property=\"og:description\" content=\"Dans le cadre du projet Interreg ALCOTRA RECROSSES, le deuxi\u00e8me CER Tour est lanc\u00e9 : une initiative d\u00e9di\u00e9e \u00e0 la rencontre, \u00e0 l\u2019\u00e9change et \u00e0 la valorisation des exp\u00e9riences entre les Communaut\u00e9s d\u2019\u00c9nergies Renouvelables (CER) italiennes et fran\u00e7aises impliqu\u00e9es dans le projet. L\u2019objectif principal est de renforcer la dimension transfrontali\u00e8re des CER, en favorisant le partage de bonnes pratiques et de mod\u00e8les r\u00e9plicables sur les territoires alpins.Apr\u00e8s le succ\u00e8s de la premi\u00e8re \u00e9dition, organis\u00e9e en septembre 2025, le tour conserve son caract\u00e8re distinctif : un voyage durable \u00e0 v\u00e9lo qui traverse certains des territoires les plus repr\u00e9sentatifs de la coop\u00e9ration ALCOTRA en France. L\u2019itin\u00e9raire se d\u00e9roule en quatre \u00e9tapes, pour un total d\u2019environ 165 kilom\u00e8tres et un d\u00e9nivel\u00e9 de 1 850 m\u00e8tres, reliant Thonon-les-Bains \u00e0 Le Bourget-du-Lac, avec des passages significatifs par Annecy et Chamb\u00e9ry.Un itin\u00e9raire entre innovation \u00e9nerg\u00e9tique et territoires.Le tour repr\u00e9sente une occasion unique de rencontre directe entre les acteurs engag\u00e9s dans la transition \u00e9nerg\u00e9tique. Le programme pr\u00e9voit la participation de :8 Communaut\u00e9s d\u2019\u00c9nergie Renouvelable, dont 7 Centrales Villageoises3 collectivit\u00e9s locales2 associations d\u00e9partementales actives dans la promotion des CER1 centre de recherche et de formation sp\u00e9cialis\u00e9 dans le photovolta\u00efqueChaque \u00e9tape du parcours constituera un moment d\u2019\u00e9change et de dialogue : \u00e0 travers des visites de terrain, des rencontres publiques et des \u00e9v\u00e9nements d\u00e9di\u00e9s, les participants auront l\u2019opportunit\u00e9 de pr\u00e9senter leurs exp\u00e9riences, de partager leurs connaissances et de construire des synergies concr\u00e8tes.L\u2019un des \u00e9l\u00e9ments centraux du CER Tour sera la possibilit\u00e9, pour les communaut\u00e9s participantes, de signer un accord de coop\u00e9ration transfrontali\u00e8re visant au partage de bonnes pratiques.\" \/>\n<meta property=\"og:url\" content=\"https:\/\/recrosses.eu\/fr\/le-deuxieme-cer-tour-du-projet-interreg-alcotra-recrosses-un-voyage-a-travers-les-communautes-denergies-renouvelables\/\" \/>\n<meta property=\"og:site_name\" content=\"Recrosses\" \/>\n<meta property=\"article:published_time\" content=\"2026-05-25T15:17:01+00:00\" \/>\n<meta property=\"article:modified_time\" content=\"2026-05-26T09:58:06+00:00\" \/>\n<meta property=\"og:image\" content=\"https:\/\/recrosses.eu\/wp-content\/uploads\/2026\/05\/CER-BICH-4-scaled.jpg\" \/>\n\t<meta property=\"og:image:width\" content=\"2560\" \/>\n\t<meta property=\"og:image:height\" content=\"2021\" \/>\n\t<meta property=\"og:image:type\" content=\"image\/jpeg\" \/>\n<meta name=\"author\" content=\"Chiara Bertolin\" \/>\n<meta name=\"twitter:card\" content=\"summary_large_image\" \/>\n<meta name=\"twitter:label1\" content=\"\u00c9crit par\" \/>\n\t<meta name=\"twitter:data1\" content=\"Chiara Bertolin\" \/>\n\t<meta name=\"twitter:label2\" content=\"Dur\u00e9e de lecture estim\u00e9e\" \/>\n\t<meta name=\"twitter:data2\" content=\"2 minutes\" \/>\n<script type=\"application\/ld+json\" class=\"yoast-schema-graph\">{\"@context\":\"https:\\\/\\\/schema.org\",\"@graph\":[{\"@type\":\"Article\",\"@id\":\"https:\\\/\\\/recrosses.eu\\\/fr\\\/le-deuxieme-cer-tour-du-projet-interreg-alcotra-recrosses-un-voyage-a-travers-les-communautes-denergies-renouvelables\\\/#article\",\"isPartOf\":{\"@id\":\"https:\\\/\\\/recrosses.eu\\\/fr\\\/le-deuxieme-cer-tour-du-projet-interreg-alcotra-recrosses-un-voyage-a-travers-les-communautes-denergies-renouvelables\\\/\"},\"author\":{\"name\":\"Chiara Bertolin\",\"@id\":\"https:\\\/\\\/recrosses.eu\\\/fr\\\/#\\\/schema\\\/person\\\/2327e244e995abff4eaeb4f639000640\"},\"headline\":\"Le deuxi\u00e8me CER Tour du projet Interreg ALCOTRA RECROSSES : un voyage \u00e0 travers les Communaut\u00e9s d&rsquo;\u00e9nergies Renouvelables\",\"datePublished\":\"2026-05-25T15:17:01+00:00\",\"dateModified\":\"2026-05-26T09:58:06+00:00\",\"mainEntityOfPage\":{\"@id\":\"https:\\\/\\\/recrosses.eu\\\/fr\\\/le-deuxieme-cer-tour-du-projet-interreg-alcotra-recrosses-un-voyage-a-travers-les-communautes-denergies-renouvelables\\\/\"},\"wordCount\":326,\"commentCount\":0,\"image\":{\"@id\":\"https:\\\/\\\/recrosses.eu\\\/fr\\\/le-deuxieme-cer-tour-du-projet-interreg-alcotra-recrosses-un-voyage-a-travers-les-communautes-denergies-renouvelables\\\/#primaryimage\"},\"thumbnailUrl\":\"https:\\\/\\\/recrosses.eu\\\/wp-content\\\/uploads\\\/2026\\\/05\\\/CER-Tour_news.png\",\"articleSection\":[\"\u00c9V\u00c9NEMENT\",\"Nuovelles\"],\"inLanguage\":\"fr-FR\",\"potentialAction\":[{\"@type\":\"CommentAction\",\"name\":\"Comment\",\"target\":[\"https:\\\/\\\/recrosses.eu\\\/fr\\\/le-deuxieme-cer-tour-du-projet-interreg-alcotra-recrosses-un-voyage-a-travers-les-communautes-denergies-renouvelables\\\/#respond\"]}]},{\"@type\":\"WebPage\",\"@id\":\"https:\\\/\\\/recrosses.eu\\\/fr\\\/le-deuxieme-cer-tour-du-projet-interreg-alcotra-recrosses-un-voyage-a-travers-les-communautes-denergies-renouvelables\\\/\",\"url\":\"https:\\\/\\\/recrosses.eu\\\/fr\\\/le-deuxieme-cer-tour-du-projet-interreg-alcotra-recrosses-un-voyage-a-travers-les-communautes-denergies-renouvelables\\\/\",\"name\":\"Deuxi\u00e8me tour des Communaut\u00e9s d\u2019\u00e9nergies renouvelables - Recrosses\",\"isPartOf\":{\"@id\":\"https:\\\/\\\/recrosses.eu\\\/fr\\\/#website\"},\"primaryImageOfPage\":{\"@id\":\"https:\\\/\\\/recrosses.eu\\\/fr\\\/le-deuxieme-cer-tour-du-projet-interreg-alcotra-recrosses-un-voyage-a-travers-les-communautes-denergies-renouvelables\\\/#primaryimage\"},\"image\":{\"@id\":\"https:\\\/\\\/recrosses.eu\\\/fr\\\/le-deuxieme-cer-tour-du-projet-interreg-alcotra-recrosses-un-voyage-a-travers-les-communautes-denergies-renouvelables\\\/#primaryimage\"},\"thumbnailUrl\":\"https:\\\/\\\/recrosses.eu\\\/wp-content\\\/uploads\\\/2026\\\/05\\\/CER-Tour_news.png\",\"datePublished\":\"2026-05-25T15:17:01+00:00\",\"dateModified\":\"2026-05-26T09:58:06+00:00\",\"author\":{\"@id\":\"https:\\\/\\\/recrosses.eu\\\/fr\\\/#\\\/schema\\\/person\\\/2327e244e995abff4eaeb4f639000640\"},\"description\":\"Dans le cadre du projet Interreg ALCOTRA RECROSSES, le deuxi\u00e8me CER Tour est lanc\u00e9 : une initiative d\u00e9di\u00e9e \u00e0 la rencontre, \u00e0 l\u2019\u00e9change et \u00e0 la valorisation des exp\u00e9riences entre les Communaut\u00e9s d\u2019\u00c9nergies Renouvelables (CER) italiennes et fran\u00e7aises impliqu\u00e9es dans le projet. L\u2019objectif principal est de renforcer la dimension transfrontali\u00e8re des CER, en favorisant le partage de bonnes pratiques et de mod\u00e8les r\u00e9plicables sur les territoires alpins.Apr\u00e8s le succ\u00e8s de la premi\u00e8re \u00e9dition, organis\u00e9e en septembre 2025, le tour conserve son caract\u00e8re distinctif : un voyage durable \u00e0 v\u00e9lo qui traverse certains des territoires les plus repr\u00e9sentatifs de la coop\u00e9ration ALCOTRA en France. L\u2019itin\u00e9raire se d\u00e9roule en quatre \u00e9tapes, pour un total d\u2019environ 165 kilom\u00e8tres et un d\u00e9nivel\u00e9 de 1 850 m\u00e8tres, reliant Thonon-les-Bains \u00e0 Le Bourget-du-Lac, avec des passages significatifs par Annecy et Chamb\u00e9ry.Un itin\u00e9raire entre innovation \u00e9nerg\u00e9tique et territoires.Le tour repr\u00e9sente une occasion unique de rencontre directe entre les acteurs engag\u00e9s dans la transition \u00e9nerg\u00e9tique. Le programme pr\u00e9voit la participation de :8 Communaut\u00e9s d\u2019\u00c9nergie Renouvelable, dont 7 Centrales Villageoises3 collectivit\u00e9s locales2 associations d\u00e9partementales actives dans la promotion des CER1 centre de recherche et de formation sp\u00e9cialis\u00e9 dans le photovolta\u00efqueChaque \u00e9tape du parcours constituera un moment d\u2019\u00e9change et de dialogue : \u00e0 travers des visites de terrain, des rencontres publiques et des \u00e9v\u00e9nements d\u00e9di\u00e9s, les participants auront l\u2019opportunit\u00e9 de pr\u00e9senter leurs exp\u00e9riences, de partager leurs connaissances et de construire des synergies concr\u00e8tes.L\u2019un des \u00e9l\u00e9ments centraux du CER Tour sera la possibilit\u00e9, pour les communaut\u00e9s participantes, de signer un accord de coop\u00e9ration transfrontali\u00e8re visant au partage de bonnes pratiques.\",\"breadcrumb\":{\"@id\":\"https:\\\/\\\/recrosses.eu\\\/fr\\\/le-deuxieme-cer-tour-du-projet-interreg-alcotra-recrosses-un-voyage-a-travers-les-communautes-denergies-renouvelables\\\/#breadcrumb\"},\"inLanguage\":\"fr-FR\",\"potentialAction\":[{\"@type\":\"ReadAction\",\"target\":[\"https:\\\/\\\/recrosses.eu\\\/fr\\\/le-deuxieme-cer-tour-du-projet-interreg-alcotra-recrosses-un-voyage-a-travers-les-communautes-denergies-renouvelables\\\/\"]}]},{\"@type\":\"ImageObject\",\"inLanguage\":\"fr-FR\",\"@id\":\"https:\\\/\\\/recrosses.eu\\\/fr\\\/le-deuxieme-cer-tour-du-projet-interreg-alcotra-recrosses-un-voyage-a-travers-les-communautes-denergies-renouvelables\\\/#primaryimage\",\"url\":\"https:\\\/\\\/recrosses.eu\\\/wp-content\\\/uploads\\\/2026\\\/05\\\/CER-Tour_news.png\",\"contentUrl\":\"https:\\\/\\\/recrosses.eu\\\/wp-content\\\/uploads\\\/2026\\\/05\\\/CER-Tour_news.png\",\"width\":287,\"height\":285},{\"@type\":\"BreadcrumbList\",\"@id\":\"https:\\\/\\\/recrosses.eu\\\/fr\\\/le-deuxieme-cer-tour-du-projet-interreg-alcotra-recrosses-un-voyage-a-travers-les-communautes-denergies-renouvelables\\\/#breadcrumb\",\"itemListElement\":[{\"@type\":\"ListItem\",\"position\":1,\"name\":\"Home\",\"item\":\"https:\\\/\\\/recrosses.eu\\\/fr\\\/home\\\/\"},{\"@type\":\"ListItem\",\"position\":2,\"name\":\"Le deuxi\u00e8me CER Tour du projet Interreg ALCOTRA RECROSSES : un voyage \u00e0 travers les Communaut\u00e9s d&rsquo;\u00e9nergies Renouvelables\"}]},{\"@type\":\"WebSite\",\"@id\":\"https:\\\/\\\/recrosses.eu\\\/fr\\\/#website\",\"url\":\"https:\\\/\\\/recrosses.eu\\\/fr\\\/\",\"name\":\"Recrosses\",\"description\":\"L&#039;energia che unisce - L&#039;\u00e9nergie qui unit\",\"potentialAction\":[{\"@type\":\"SearchAction\",\"target\":{\"@type\":\"EntryPoint\",\"urlTemplate\":\"https:\\\/\\\/recrosses.eu\\\/fr\\\/?s={search_term_string}\"},\"query-input\":{\"@type\":\"PropertyValueSpecification\",\"valueRequired\":true,\"valueName\":\"search_term_string\"}}],\"inLanguage\":\"fr-FR\"},{\"@type\":\"Person\",\"@id\":\"https:\\\/\\\/recrosses.eu\\\/fr\\\/#\\\/schema\\\/person\\\/2327e244e995abff4eaeb4f639000640\",\"name\":\"Chiara Bertolin\",\"image\":{\"@type\":\"ImageObject\",\"inLanguage\":\"fr-FR\",\"@id\":\"https:\\\/\\\/secure.gravatar.com\\\/avatar\\\/4789acd3dd60d7a775c67e44f6a017499f73531a758ddf33045a7e35ffafeda6?s=96&d=mm&r=g\",\"url\":\"https:\\\/\\\/secure.gravatar.com\\\/avatar\\\/4789acd3dd60d7a775c67e44f6a017499f73531a758ddf33045a7e35ffafeda6?s=96&d=mm&r=g\",\"contentUrl\":\"https:\\\/\\\/secure.gravatar.com\\\/avatar\\\/4789acd3dd60d7a775c67e44f6a017499f73531a758ddf33045a7e35ffafeda6?s=96&d=mm&r=g\",\"caption\":\"Chiara Bertolin\"},\"url\":\"https:\\\/\\\/recrosses.eu\\\/fr\\\/author\\\/chiara\\\/\"}]}<\/script>\n<!-- \/ Yoast SEO plugin. -->","yoast_head_json":{"title":"Deuxi\u00e8me tour des Communaut\u00e9s d\u2019\u00e9nergies renouvelables - Recrosses","description":"Dans le cadre du projet Interreg ALCOTRA RECROSSES, le deuxi\u00e8me CER Tour est lanc\u00e9 : une initiative d\u00e9di\u00e9e \u00e0 la rencontre, \u00e0 l\u2019\u00e9change et \u00e0 la valorisation des exp\u00e9riences entre les Communaut\u00e9s d\u2019\u00c9nergies Renouvelables (CER) italiennes et fran\u00e7aises impliqu\u00e9es dans le projet. L\u2019objectif principal est de renforcer la dimension transfrontali\u00e8re des CER, en favorisant le partage de bonnes pratiques et de mod\u00e8les r\u00e9plicables sur les territoires alpins.Apr\u00e8s le succ\u00e8s de la premi\u00e8re \u00e9dition, organis\u00e9e en septembre 2025, le tour conserve son caract\u00e8re distinctif : un voyage durable \u00e0 v\u00e9lo qui traverse certains des territoires les plus repr\u00e9sentatifs de la coop\u00e9ration ALCOTRA en France. L\u2019itin\u00e9raire se d\u00e9roule en quatre \u00e9tapes, pour un total d\u2019environ 165 kilom\u00e8tres et un d\u00e9nivel\u00e9 de 1 850 m\u00e8tres, reliant Thonon-les-Bains \u00e0 Le Bourget-du-Lac, avec des passages significatifs par Annecy et Chamb\u00e9ry.Un itin\u00e9raire entre innovation \u00e9nerg\u00e9tique et territoires.Le tour repr\u00e9sente une occasion unique de rencontre directe entre les acteurs engag\u00e9s dans la transition \u00e9nerg\u00e9tique. Le programme pr\u00e9voit la participation de :8 Communaut\u00e9s d\u2019\u00c9nergie Renouvelable, dont 7 Centrales Villageoises3 collectivit\u00e9s locales2 associations d\u00e9partementales actives dans la promotion des CER1 centre de recherche et de formation sp\u00e9cialis\u00e9 dans le photovolta\u00efqueChaque \u00e9tape du parcours constituera un moment d\u2019\u00e9change et de dialogue : \u00e0 travers des visites de terrain, des rencontres publiques et des \u00e9v\u00e9nements d\u00e9di\u00e9s, les participants auront l\u2019opportunit\u00e9 de pr\u00e9senter leurs exp\u00e9riences, de partager leurs connaissances et de construire des synergies concr\u00e8tes.L\u2019un des \u00e9l\u00e9ments centraux du CER Tour sera la possibilit\u00e9, pour les communaut\u00e9s participantes, de signer un accord de coop\u00e9ration transfrontali\u00e8re visant au partage de bonnes pratiques.","robots":{"index":"index","follow":"follow","max-snippet":"max-snippet:-1","max-image-preview":"max-image-preview:large","max-video-preview":"max-video-preview:-1"},"canonical":"https:\/\/recrosses.eu\/fr\/le-deuxieme-cer-tour-du-projet-interreg-alcotra-recrosses-un-voyage-a-travers-les-communautes-denergies-renouvelables\/","og_locale":"fr_FR","og_type":"article","og_title":"Deuxi\u00e8me tour des Communaut\u00e9s d\u2019\u00e9nergies renouvelables - Recrosses","og_description":"Dans le cadre du projet Interreg ALCOTRA RECROSSES, le deuxi\u00e8me CER Tour est lanc\u00e9 : une initiative d\u00e9di\u00e9e \u00e0 la rencontre, \u00e0 l\u2019\u00e9change et \u00e0 la valorisation des exp\u00e9riences entre les Communaut\u00e9s d\u2019\u00c9nergies Renouvelables (CER) italiennes et fran\u00e7aises impliqu\u00e9es dans le projet. L\u2019objectif principal est de renforcer la dimension transfrontali\u00e8re des CER, en favorisant le partage de bonnes pratiques et de mod\u00e8les r\u00e9plicables sur les territoires alpins.Apr\u00e8s le succ\u00e8s de la premi\u00e8re \u00e9dition, organis\u00e9e en septembre 2025, le tour conserve son caract\u00e8re distinctif : un voyage durable \u00e0 v\u00e9lo qui traverse certains des territoires les plus repr\u00e9sentatifs de la coop\u00e9ration ALCOTRA en France. L\u2019itin\u00e9raire se d\u00e9roule en quatre \u00e9tapes, pour un total d\u2019environ 165 kilom\u00e8tres et un d\u00e9nivel\u00e9 de 1 850 m\u00e8tres, reliant Thonon-les-Bains \u00e0 Le Bourget-du-Lac, avec des passages significatifs par Annecy et Chamb\u00e9ry.Un itin\u00e9raire entre innovation \u00e9nerg\u00e9tique et territoires.Le tour repr\u00e9sente une occasion unique de rencontre directe entre les acteurs engag\u00e9s dans la transition \u00e9nerg\u00e9tique. Le programme pr\u00e9voit la participation de :8 Communaut\u00e9s d\u2019\u00c9nergie Renouvelable, dont 7 Centrales Villageoises3 collectivit\u00e9s locales2 associations d\u00e9partementales actives dans la promotion des CER1 centre de recherche et de formation sp\u00e9cialis\u00e9 dans le photovolta\u00efqueChaque \u00e9tape du parcours constituera un moment d\u2019\u00e9change et de dialogue : \u00e0 travers des visites de terrain, des rencontres publiques et des \u00e9v\u00e9nements d\u00e9di\u00e9s, les participants auront l\u2019opportunit\u00e9 de pr\u00e9senter leurs exp\u00e9riences, de partager leurs connaissances et de construire des synergies concr\u00e8tes.L\u2019un des \u00e9l\u00e9ments centraux du CER Tour sera la possibilit\u00e9, pour les communaut\u00e9s participantes, de signer un accord de coop\u00e9ration transfrontali\u00e8re visant au partage de bonnes pratiques.","og_url":"https:\/\/recrosses.eu\/fr\/le-deuxieme-cer-tour-du-projet-interreg-alcotra-recrosses-un-voyage-a-travers-les-communautes-denergies-renouvelables\/","og_site_name":"Recrosses","article_published_time":"2026-05-25T15:17:01+00:00","article_modified_time":"2026-05-26T09:58:06+00:00","og_image":[{"width":2560,"height":2021,"url":"https:\/\/recrosses.eu\/wp-content\/uploads\/2026\/05\/CER-BICH-4-scaled.jpg","type":"image\/jpeg"}],"author":"Chiara Bertolin","twitter_card":"summary_large_image","twitter_misc":{"\u00c9crit par":"Chiara Bertolin","Dur\u00e9e de lecture estim\u00e9e":"2 minutes"},"schema":{"@context":"https:\/\/schema.org","@graph":[{"@type":"Article","@id":"https:\/\/recrosses.eu\/fr\/le-deuxieme-cer-tour-du-projet-interreg-alcotra-recrosses-un-voyage-a-travers-les-communautes-denergies-renouvelables\/#article","isPartOf":{"@id":"https:\/\/recrosses.eu\/fr\/le-deuxieme-cer-tour-du-projet-interreg-alcotra-recrosses-un-voyage-a-travers-les-communautes-denergies-renouvelables\/"},"author":{"name":"Chiara Bertolin","@id":"https:\/\/recrosses.eu\/fr\/#\/schema\/person\/2327e244e995abff4eaeb4f639000640"},"headline":"Le deuxi\u00e8me CER Tour du projet Interreg ALCOTRA RECROSSES : un voyage \u00e0 travers les Communaut\u00e9s d&rsquo;\u00e9nergies Renouvelables","datePublished":"2026-05-25T15:17:01+00:00","dateModified":"2026-05-26T09:58:06+00:00","mainEntityOfPage":{"@id":"https:\/\/recrosses.eu\/fr\/le-deuxieme-cer-tour-du-projet-interreg-alcotra-recrosses-un-voyage-a-travers-les-communautes-denergies-renouvelables\/"},"wordCount":326,"commentCount":0,"image":{"@id":"https:\/\/recrosses.eu\/fr\/le-deuxieme-cer-tour-du-projet-interreg-alcotra-recrosses-un-voyage-a-travers-les-communautes-denergies-renouvelables\/#primaryimage"},"thumbnailUrl":"https:\/\/recrosses.eu\/wp-content\/uploads\/2026\/05\/CER-Tour_news.png","articleSection":["\u00c9V\u00c9NEMENT","Nuovelles"],"inLanguage":"fr-FR","potentialAction":[{"@type":"CommentAction","name":"Comment","target":["https:\/\/recrosses.eu\/fr\/le-deuxieme-cer-tour-du-projet-interreg-alcotra-recrosses-un-voyage-a-travers-les-communautes-denergies-renouvelables\/#respond"]}]},{"@type":"WebPage","@id":"https:\/\/recrosses.eu\/fr\/le-deuxieme-cer-tour-du-projet-interreg-alcotra-recrosses-un-voyage-a-travers-les-communautes-denergies-renouvelables\/","url":"https:\/\/recrosses.eu\/fr\/le-deuxieme-cer-tour-du-projet-interreg-alcotra-recrosses-un-voyage-a-travers-les-communautes-denergies-renouvelables\/","name":"Deuxi\u00e8me tour des Communaut\u00e9s d\u2019\u00e9nergies renouvelables - Recrosses","isPartOf":{"@id":"https:\/\/recrosses.eu\/fr\/#website"},"primaryImageOfPage":{"@id":"https:\/\/recrosses.eu\/fr\/le-deuxieme-cer-tour-du-projet-interreg-alcotra-recrosses-un-voyage-a-travers-les-communautes-denergies-renouvelables\/#primaryimage"},"image":{"@id":"https:\/\/recrosses.eu\/fr\/le-deuxieme-cer-tour-du-projet-interreg-alcotra-recrosses-un-voyage-a-travers-les-communautes-denergies-renouvelables\/#primaryimage"},"thumbnailUrl":"https:\/\/recrosses.eu\/wp-content\/uploads\/2026\/05\/CER-Tour_news.png","datePublished":"2026-05-25T15:17:01+00:00","dateModified":"2026-05-26T09:58:06+00:00","author":{"@id":"https:\/\/recrosses.eu\/fr\/#\/schema\/person\/2327e244e995abff4eaeb4f639000640"},"description":"Dans le cadre du projet Interreg ALCOTRA RECROSSES, le deuxi\u00e8me CER Tour est lanc\u00e9 : une initiative d\u00e9di\u00e9e \u00e0 la rencontre, \u00e0 l\u2019\u00e9change et \u00e0 la valorisation des exp\u00e9riences entre les Communaut\u00e9s d\u2019\u00c9nergies Renouvelables (CER) italiennes et fran\u00e7aises impliqu\u00e9es dans le projet. L\u2019objectif principal est de renforcer la dimension transfrontali\u00e8re des CER, en favorisant le partage de bonnes pratiques et de mod\u00e8les r\u00e9plicables sur les territoires alpins.Apr\u00e8s le succ\u00e8s de la premi\u00e8re \u00e9dition, organis\u00e9e en septembre 2025, le tour conserve son caract\u00e8re distinctif : un voyage durable \u00e0 v\u00e9lo qui traverse certains des territoires les plus repr\u00e9sentatifs de la coop\u00e9ration ALCOTRA en France. L\u2019itin\u00e9raire se d\u00e9roule en quatre \u00e9tapes, pour un total d\u2019environ 165 kilom\u00e8tres et un d\u00e9nivel\u00e9 de 1 850 m\u00e8tres, reliant Thonon-les-Bains \u00e0 Le Bourget-du-Lac, avec des passages significatifs par Annecy et Chamb\u00e9ry.Un itin\u00e9raire entre innovation \u00e9nerg\u00e9tique et territoires.Le tour repr\u00e9sente une occasion unique de rencontre directe entre les acteurs engag\u00e9s dans la transition \u00e9nerg\u00e9tique. Le programme pr\u00e9voit la participation de :8 Communaut\u00e9s d\u2019\u00c9nergie Renouvelable, dont 7 Centrales Villageoises3 collectivit\u00e9s locales2 associations d\u00e9partementales actives dans la promotion des CER1 centre de recherche et de formation sp\u00e9cialis\u00e9 dans le photovolta\u00efqueChaque \u00e9tape du parcours constituera un moment d\u2019\u00e9change et de dialogue : \u00e0 travers des visites de terrain, des rencontres publiques et des \u00e9v\u00e9nements d\u00e9di\u00e9s, les participants auront l\u2019opportunit\u00e9 de pr\u00e9senter leurs exp\u00e9riences, de partager leurs connaissances et de construire des synergies concr\u00e8tes.L\u2019un des \u00e9l\u00e9ments centraux du CER Tour sera la possibilit\u00e9, pour les communaut\u00e9s participantes, de signer un accord de coop\u00e9ration transfrontali\u00e8re visant au partage de bonnes pratiques.","breadcrumb":{"@id":"https:\/\/recrosses.eu\/fr\/le-deuxieme-cer-tour-du-projet-interreg-alcotra-recrosses-un-voyage-a-travers-les-communautes-denergies-renouvelables\/#breadcrumb"},"inLanguage":"fr-FR","potentialAction":[{"@type":"ReadAction","target":["https:\/\/recrosses.eu\/fr\/le-deuxieme-cer-tour-du-projet-interreg-alcotra-recrosses-un-voyage-a-travers-les-communautes-denergies-renouvelables\/"]}]},{"@type":"ImageObject","inLanguage":"fr-FR","@id":"https:\/\/recrosses.eu\/fr\/le-deuxieme-cer-tour-du-projet-interreg-alcotra-recrosses-un-voyage-a-travers-les-communautes-denergies-renouvelables\/#primaryimage","url":"https:\/\/recrosses.eu\/wp-content\/uploads\/2026\/05\/CER-Tour_news.png","contentUrl":"https:\/\/recrosses.eu\/wp-content\/uploads\/2026\/05\/CER-Tour_news.png","width":287,"height":285},{"@type":"BreadcrumbList","@id":"https:\/\/recrosses.eu\/fr\/le-deuxieme-cer-tour-du-projet-interreg-alcotra-recrosses-un-voyage-a-travers-les-communautes-denergies-renouvelables\/#breadcrumb","itemListElement":[{"@type":"ListItem","position":1,"name":"Home","item":"https:\/\/recrosses.eu\/fr\/home\/"},{"@type":"ListItem","position":2,"name":"Le deuxi\u00e8me CER Tour du projet Interreg ALCOTRA RECROSSES : un voyage \u00e0 travers les Communaut\u00e9s d&rsquo;\u00e9nergies Renouvelables"}]},{"@type":"WebSite","@id":"https:\/\/recrosses.eu\/fr\/#website","url":"https:\/\/recrosses.eu\/fr\/","name":"Recrosses","description":"L&#039;energia che unisce - L&#039;\u00e9nergie qui unit","potentialAction":[{"@type":"SearchAction","target":{"@type":"EntryPoint","urlTemplate":"https:\/\/recrosses.eu\/fr\/?s={search_term_string}"},"query-input":{"@type":"PropertyValueSpecification","valueRequired":true,"valueName":"search_term_string"}}],"inLanguage":"fr-FR"},{"@type":"Person","@id":"https:\/\/recrosses.eu\/fr\/#\/schema\/person\/2327e244e995abff4eaeb4f639000640","name":"Chiara Bertolin","image":{"@type":"ImageObject","inLanguage":"fr-FR","@id":"https:\/\/secure.gravatar.com\/avatar\/4789acd3dd60d7a775c67e44f6a017499f73531a758ddf33045a7e35ffafeda6?s=96&d=mm&r=g","url":"https:\/\/secure.gravatar.com\/avatar\/4789acd3dd60d7a775c67e44f6a017499f73531a758ddf33045a7e35ffafeda6?s=96&d=mm&r=g","contentUrl":"https:\/\/secure.gravatar.com\/avatar\/4789acd3dd60d7a775c67e44f6a017499f73531a758ddf33045a7e35ffafeda6?s=96&d=mm&r=g","caption":"Chiara Bertolin"},"url":"https:\/\/recrosses.eu\/fr\/author\/chiara\/"}]}},"_links":{"self":[{"href":"https:\/\/recrosses.eu\/fr\/wp-json\/wp\/v2\/posts\/2048","targetHints":{"allow":["GET"]}}],"collection":[{"href":"https:\/\/recrosses.eu\/fr\/wp-json\/wp\/v2\/posts"}],"about":[{"href":"https:\/\/recrosses.eu\/fr\/wp-json\/wp\/v2\/types\/post"}],"author":[{"embeddable":true,"href":"https:\/\/recrosses.eu\/fr\/wp-json\/wp\/v2\/users\/4"}],"replies":[{"embeddable":true,"href":"https:\/\/recrosses.eu\/fr\/wp-json\/wp\/v2\/comments?post=2048"}],"version-history":[{"count":1,"href":"https:\/\/recrosses.eu\/fr\/wp-json\/wp\/v2\/posts\/2048\/revisions"}],"predecessor-version":[{"id":2049,"href":"https:\/\/recrosses.eu\/fr\/wp-json\/wp\/v2\/posts\/2048\/revisions\/2049"}],"wp:featuredmedia":[{"embeddable":true,"href":"https:\/\/recrosses.eu\/fr\/wp-json\/wp\/v2\/media\/2052"}],"wp:attachment":[{"href":"https:\/\/recrosses.eu\/fr\/wp-json\/wp\/v2\/media?parent=2048"}],"wp:term":[{"taxonomy":"category","embeddable":true,"href":"https:\/\/recrosses.eu\/fr\/wp-json\/wp\/v2\/categories?post=2048"},{"taxonomy":"post_tag","embeddable":true,"href":"https:\/\/recrosses.eu\/fr\/wp-json\/wp\/v2\/tags?post=2048"}],"curies":[{"name":"wp","href":"https:\/\/api.w.org\/{rel}","templated":true}]}}