{"id":2053,"date":"2026-05-26T10:45:26","date_gmt":"2026-05-26T09:45:26","guid":{"rendered":"https:\/\/recrosses.eu\/evenement-final-du-projet-recrosses-lenergie-en-mouvement\/"},"modified":"2026-06-12T09:46:08","modified_gmt":"2026-06-12T08:46:08","slug":"evenement-final-du-projet-recrosses-lenergie-en-mouvement","status":"publish","type":"post","link":"https:\/\/recrosses.eu\/fr\/evenement-final-du-projet-recrosses-lenergie-en-mouvement\/","title":{"rendered":"\u00c9v\u00e9nement final du projet RECROSSES : L\u2019\u00e9nergie en mouvement"},"content":{"rendered":"\n<p class=\"wp-block-paragraph\">Le lundi <strong>15 juin 2026<\/strong>, de <strong>11h00 \u00e0 17h00<\/strong>, se tiendra \u00e0 <strong>Le Bourget-du-Lac<\/strong> l\u2019\u00e9v\u00e9nement \u00ab <em>L\u2019\u00e9nergie en mouvement<\/em> \u00bb, organis\u00e9 dans le cadre du programme europ\u00e9en <strong>RECROSSES<\/strong>. L\u2019initiative r\u00e9unira des <strong>entreprises<\/strong>, des <strong>collectivit\u00e9s locales et des collectifs citoyens<\/strong> engag\u00e9s dans la transition \u00e9nerg\u00e9tique, avec un accent particulier sur les Communaut\u00e9s \u00c9nerg\u00e9tiques Renouvelables, l\u2019<strong>autoconsommation collective<\/strong> et les <strong>formes innovantes de coop\u00e9ration territoriale<\/strong>. <\/p>\n\n<h3 class=\"wp-block-heading\">Un programme articul\u00e9 en deux temps<\/h3>\n\n<p class=\"wp-block-paragraph\">La journ\u00e9e sera structur\u00e9e en deux parties principales :<\/p>\n\n<ul class=\"wp-block-list\">\n<li><strong>Matin\u00e9e<\/strong> : pr\u00e9sentation introductive suivie d\u2019une <strong>visite de terrain<\/strong>, afin d\u2019observer concr\u00e8tement des exemples et des applications de mod\u00e8les \u00e9nerg\u00e9tiques durables.<\/li>\n\n\n\n<li><strong>Apr\u00e8s-midi <\/strong>: <strong>conf\u00e9rence consacr\u00e9e aux r\u00e9sultats du projet transfrontalier France\u2013Italie Alcotra RECROSSES<\/strong>, intitul\u00e9e \u00ab <em>Communaut\u00e9s transnationales de l\u2019\u00e9nergie renouvelable vers des services \u00e9nerg\u00e9tiques \u00e0 guichet unique<\/em> \u00bb<\/li>\n<\/ul>\n\n<p class=\"wp-block-paragraph\">Au cours de la conf\u00e9rence, plusieurs<strong> exp\u00e9riences concr\u00e8tes seront pr\u00e9sent\u00e9es<\/strong>, d\u00e9velopp\u00e9es \u00e0 la fois en <strong>France et en Italie<\/strong>, dans le but de partager des bonnes pratiques <strong>reproductibles et utiles pour les territoires<\/strong> engag\u00e9s dans la transition \u00e9nerg\u00e9tique.<\/p>\n\n<h3 class=\"wp-block-heading\">Une occasion d\u2019\u00e9change et de partage<\/h3>\n\n<p class=\"wp-block-paragraph\">L\u2019\u00e9v\u00e9nement repr\u00e9sente une importante occasion <strong>de rencontre et d\u2019\u00e9change<\/strong> entre les acteurs impliqu\u00e9s dans le d\u00e9veloppement des communaut\u00e9s \u00e9nerg\u00e9tiques, favorisant le dialogue entre secteurs public et priv\u00e9 ainsi qu\u2019avec les citoyens engag\u00e9s. Une attention particuli\u00e8re sera accord\u00e9e \u00e0 la <strong>coop\u00e9ration transfrontali\u00e8re<\/strong>. <\/p>\n\n<h3 class=\"wp-block-heading\">Infos pratiques<\/h3>\n\n<ul class=\"wp-block-list\">\n<li>\ud83d\udcc5 <strong>Date<\/strong>: 15 juin 2026<\/li>\n\n\n\n<li>\ud83d\udd52 <strong>Horaire<\/strong>: 11h00 \u2013 17h00<\/li>\n\n\n\n<li>\ud83d\udccd <strong>Lieu<\/strong>: Le Bourget-du-Lac<\/li>\n\n\n\n<li>\ud83d\udcb6 <strong>Participation gratuite<\/strong> (inscription obligatoire)<\/li>\n<\/ul>\n\n<p class=\"wp-block-paragraph\">\ud83d\udc49 <strong>Inscription en ligne obligatoire<\/strong>, dans la limite des places disponibles, avant le <strong>12 juin 2026<\/strong> via le <a href=\"https:\/\/forms.office.com\/Pages\/ResponsePage.aspx?id=JeXzTFBSvkCCyyzpqTIp5AdECNM-Gj9GpGnfg4-4zv1UOE9OSVM5Q09GSEFSWDdTWTY1QjhGSFRJTS4u&amp;origin=QRCode\" type=\"link\" id=\"https:\/\/forms.office.com\/Pages\/ResponsePage.aspx?id=JeXzTFBSvkCCyyzpqTIp5AdECNM-Gj9GpGnfg4-4zv1UOE9OSVM5Q09GSEFSWDdTWTY1QjhGSFRJTS4u&amp;origin=QRCode\">lien suivant<\/a>.<\/p>\n\n<div data-wp-interactive=\"core\/file\" class=\"wp-block-file\"><object data-wp-bind--hidden=\"!state.hasPdfPreview\" hidden class=\"wp-block-file__embed\" data=\"https:\/\/recrosses.eu\/wp-content\/uploads\/2026\/05\/Locandina_ev_fin_projet_final.pdf\" type=\"application\/pdf\" style=\"width:100%;height:600px\" aria-label=\"Contenu embarqu\u00e9 Locandina_ev_fin_projet_final.\"><\/object><a id=\"wp-block-file--media-d4dfe9c0-6604-4353-b46b-535c0e5860b0\" href=\"https:\/\/recrosses.eu\/wp-content\/uploads\/2026\/05\/Locandina_ev_fin_projet_final.pdf\">Locandina_ev_fin_projet_final<\/a><a href=\"https:\/\/recrosses.eu\/wp-content\/uploads\/2026\/05\/Locandina_ev_fin_projet_final.pdf\" class=\"wp-block-file__button wp-element-button\" download=\"\" aria-describedby=\"wp-block-file--media-d4dfe9c0-6604-4353-b46b-535c0e5860b0\">Download<\/a><\/div>\n","protected":false},"excerpt":{"rendered":"<p>Le lundi 15 juin 2026, de 11h00 \u00e0 17h00, se tiendra \u00e0 Le Bourget-du-Lac l\u2019\u00e9v\u00e9nement \u00ab L\u2019\u00e9nergie en mouvement \u00bb, organis\u00e9 dans le cadre du programme europ\u00e9en RECROSSES. L\u2019initiative r\u00e9unira des entreprises, des collectivit\u00e9s locales et des collectifs citoyens engag\u00e9s dans la transition \u00e9nerg\u00e9tique, avec un accent particulier sur les Communaut\u00e9s \u00c9nerg\u00e9tiques Renouvelables, l\u2019autoconsommation collective [&hellip;]<\/p>\n","protected":false},"author":4,"featured_media":2046,"comment_status":"open","ping_status":"open","sticky":false,"template":"","format":"standard","meta":{"_acf_changed":false,"footnotes":""},"categories":[6],"tags":[],"class_list":["post-2053","post","type-post","status-publish","format-standard","has-post-thumbnail","hentry","category-non-classifiee"],"acf":[],"yoast_head":"<!-- This site is optimized with the Yoast SEO plugin v28.3 - https:\/\/yoast.com\/product\/yoast-seo-wordpress\/ -->\n<title>RECROSSES | \u00c9v\u00e9nement final du projet | L&#039;energia in \u00e9nergie en mouvement - Recrosses<\/title>\n<meta name=\"description\" content=\"Le lundi 15 juin 2026, de 11h00 \u00e0 17h00, se tiendra \u00e0 Le Bourget-du-Lac l\u2019\u00e9v\u00e9nement \u00ab\u202fL\u2019\u00e9nergie en mouvement\u202f\u00bb, organis\u00e9 dans le cadre du programme europ\u00e9en RECROSSES. L\u2019initiative r\u00e9unira des entreprises, des collectivit\u00e9s locales et des collectifs citoyens engag\u00e9s dans la transition \u00e9nerg\u00e9tique, avec un focus sp\u00e9cifique sur les Communaut\u00e9s \u00c9nerg\u00e9tiques Renouvelables, l\u2019autoconsommation collective et les formes innovantes de coop\u00e9ration territoriale.Un programme articul\u00e9 en deux tempsLa journ\u00e9e sera structur\u00e9e en deux parties principales :Matin\u00e9e : pr\u00e9sentation introductive suivie d\u2019une visite de terrain, afin d\u2019observer concr\u00e8tement des exemples et des applications de mod\u00e8les \u00e9nerg\u00e9tiques durables.Apr\u00e8s-midi : conf\u00e9rence consacr\u00e9e aux r\u00e9sultats du projet transfrontalier France\u2013Italie Alcotra RECROSSES, intitul\u00e9e \u00ab\u202fCommunaut\u00e9s transnationales de l\u2019\u00e9nergie renouvelable vers des services \u00e9nerg\u00e9tiques \u00e0 guichet unique\u202f\u00bb.\" \/>\n<meta name=\"robots\" content=\"index, follow, max-snippet:-1, max-image-preview:large, max-video-preview:-1\" \/>\n<link rel=\"canonical\" href=\"https:\/\/recrosses.eu\/fr\/evenement-final-du-projet-recrosses-lenergie-en-mouvement\/\" \/>\n<meta property=\"og:locale\" content=\"fr_FR\" \/>\n<meta property=\"og:type\" content=\"article\" \/>\n<meta property=\"og:title\" content=\"RECROSSES | \u00c9v\u00e9nement final du projet | L&#039;energia in \u00e9nergie en mouvement - Recrosses\" \/>\n<meta property=\"og:description\" content=\"Le lundi 15 juin 2026, de 11h00 \u00e0 17h00, se tiendra \u00e0 Le Bourget-du-Lac l\u2019\u00e9v\u00e9nement \u00ab\u202fL\u2019\u00e9nergie en mouvement\u202f\u00bb, organis\u00e9 dans le cadre du programme europ\u00e9en RECROSSES. L\u2019initiative r\u00e9unira des entreprises, des collectivit\u00e9s locales et des collectifs citoyens engag\u00e9s dans la transition \u00e9nerg\u00e9tique, avec un focus sp\u00e9cifique sur les Communaut\u00e9s \u00c9nerg\u00e9tiques Renouvelables, l\u2019autoconsommation collective et les formes innovantes de coop\u00e9ration territoriale.Un programme articul\u00e9 en deux tempsLa journ\u00e9e sera structur\u00e9e en deux parties principales :Matin\u00e9e : pr\u00e9sentation introductive suivie d\u2019une visite de terrain, afin d\u2019observer concr\u00e8tement des exemples et des applications de mod\u00e8les \u00e9nerg\u00e9tiques durables.Apr\u00e8s-midi : conf\u00e9rence consacr\u00e9e aux r\u00e9sultats du projet transfrontalier France\u2013Italie Alcotra RECROSSES, intitul\u00e9e \u00ab\u202fCommunaut\u00e9s transnationales de l\u2019\u00e9nergie renouvelable vers des services \u00e9nerg\u00e9tiques \u00e0 guichet unique\u202f\u00bb.\" \/>\n<meta property=\"og:url\" content=\"https:\/\/recrosses.eu\/fr\/evenement-final-du-projet-recrosses-lenergie-en-mouvement\/\" \/>\n<meta property=\"og:site_name\" content=\"Recrosses\" \/>\n<meta property=\"article:published_time\" content=\"2026-05-26T09:45:26+00:00\" \/>\n<meta property=\"article:modified_time\" content=\"2026-06-12T08:46:08+00:00\" \/>\n<meta property=\"og:image\" content=\"https:\/\/recrosses.eu\/wp-content\/uploads\/2026\/05\/Bandeau-evenement-860-x-280-px-copia.jpg\" \/>\n\t<meta property=\"og:image:width\" content=\"479\" \/>\n\t<meta property=\"og:image:height\" content=\"479\" \/>\n\t<meta property=\"og:image:type\" content=\"image\/jpeg\" \/>\n<meta name=\"author\" content=\"Chiara Bertolin\" \/>\n<meta name=\"twitter:card\" content=\"summary_large_image\" \/>\n<meta name=\"twitter:label1\" content=\"\u00c9crit par\" \/>\n\t<meta name=\"twitter:data1\" content=\"Chiara Bertolin\" \/>\n\t<meta name=\"twitter:label2\" content=\"Dur\u00e9e de lecture estim\u00e9e\" \/>\n\t<meta name=\"twitter:data2\" content=\"1 minute\" \/>\n<script type=\"application\/ld+json\" class=\"yoast-schema-graph\">{\"@context\":\"https:\\\/\\\/schema.org\",\"@graph\":[{\"@type\":\"Article\",\"@id\":\"https:\\\/\\\/recrosses.eu\\\/fr\\\/evenement-final-du-projet-recrosses-lenergie-en-mouvement\\\/#article\",\"isPartOf\":{\"@id\":\"https:\\\/\\\/recrosses.eu\\\/fr\\\/evenement-final-du-projet-recrosses-lenergie-en-mouvement\\\/\"},\"author\":{\"name\":\"Chiara Bertolin\",\"@id\":\"https:\\\/\\\/recrosses.eu\\\/fr\\\/#\\\/schema\\\/person\\\/2327e244e995abff4eaeb4f639000640\"},\"headline\":\"\u00c9v\u00e9nement final du projet RECROSSES : L\u2019\u00e9nergie en mouvement\",\"datePublished\":\"2026-05-26T09:45:26+00:00\",\"dateModified\":\"2026-06-12T08:46:08+00:00\",\"mainEntityOfPage\":{\"@id\":\"https:\\\/\\\/recrosses.eu\\\/fr\\\/evenement-final-du-projet-recrosses-lenergie-en-mouvement\\\/\"},\"wordCount\":298,\"commentCount\":0,\"image\":{\"@id\":\"https:\\\/\\\/recrosses.eu\\\/fr\\\/evenement-final-du-projet-recrosses-lenergie-en-mouvement\\\/#primaryimage\"},\"thumbnailUrl\":\"https:\\\/\\\/recrosses.eu\\\/wp-content\\\/uploads\\\/2026\\\/05\\\/Bandeau-evenement-860-x-280-px-copia.jpg\",\"articleSection\":[\"Non classifi\u00e9(e)\"],\"inLanguage\":\"fr-FR\",\"potentialAction\":[{\"@type\":\"CommentAction\",\"name\":\"Comment\",\"target\":[\"https:\\\/\\\/recrosses.eu\\\/fr\\\/evenement-final-du-projet-recrosses-lenergie-en-mouvement\\\/#respond\"]}]},{\"@type\":\"WebPage\",\"@id\":\"https:\\\/\\\/recrosses.eu\\\/fr\\\/evenement-final-du-projet-recrosses-lenergie-en-mouvement\\\/\",\"url\":\"https:\\\/\\\/recrosses.eu\\\/fr\\\/evenement-final-du-projet-recrosses-lenergie-en-mouvement\\\/\",\"name\":\"RECROSSES | \u00c9v\u00e9nement final du projet | L'energia in \u00e9nergie en mouvement - Recrosses\",\"isPartOf\":{\"@id\":\"https:\\\/\\\/recrosses.eu\\\/fr\\\/#website\"},\"primaryImageOfPage\":{\"@id\":\"https:\\\/\\\/recrosses.eu\\\/fr\\\/evenement-final-du-projet-recrosses-lenergie-en-mouvement\\\/#primaryimage\"},\"image\":{\"@id\":\"https:\\\/\\\/recrosses.eu\\\/fr\\\/evenement-final-du-projet-recrosses-lenergie-en-mouvement\\\/#primaryimage\"},\"thumbnailUrl\":\"https:\\\/\\\/recrosses.eu\\\/wp-content\\\/uploads\\\/2026\\\/05\\\/Bandeau-evenement-860-x-280-px-copia.jpg\",\"datePublished\":\"2026-05-26T09:45:26+00:00\",\"dateModified\":\"2026-06-12T08:46:08+00:00\",\"author\":{\"@id\":\"https:\\\/\\\/recrosses.eu\\\/fr\\\/#\\\/schema\\\/person\\\/2327e244e995abff4eaeb4f639000640\"},\"description\":\"Le lundi 15 juin 2026, de 11h00 \u00e0 17h00, se tiendra \u00e0 Le Bourget-du-Lac l\u2019\u00e9v\u00e9nement \u00ab\u202fL\u2019\u00e9nergie en mouvement\u202f\u00bb, organis\u00e9 dans le cadre du programme europ\u00e9en RECROSSES. L\u2019initiative r\u00e9unira des entreprises, des collectivit\u00e9s locales et des collectifs citoyens engag\u00e9s dans la transition \u00e9nerg\u00e9tique, avec un focus sp\u00e9cifique sur les Communaut\u00e9s \u00c9nerg\u00e9tiques Renouvelables, l\u2019autoconsommation collective et les formes innovantes de coop\u00e9ration territoriale.Un programme articul\u00e9 en deux tempsLa journ\u00e9e sera structur\u00e9e en deux parties principales :Matin\u00e9e : pr\u00e9sentation introductive suivie d\u2019une visite de terrain, afin d\u2019observer concr\u00e8tement des exemples et des applications de mod\u00e8les \u00e9nerg\u00e9tiques durables.Apr\u00e8s-midi : conf\u00e9rence consacr\u00e9e aux r\u00e9sultats du projet transfrontalier France\u2013Italie Alcotra RECROSSES, intitul\u00e9e \u00ab\u202fCommunaut\u00e9s transnationales de l\u2019\u00e9nergie renouvelable vers des services \u00e9nerg\u00e9tiques \u00e0 guichet unique\u202f\u00bb.\",\"breadcrumb\":{\"@id\":\"https:\\\/\\\/recrosses.eu\\\/fr\\\/evenement-final-du-projet-recrosses-lenergie-en-mouvement\\\/#breadcrumb\"},\"inLanguage\":\"fr-FR\",\"potentialAction\":[{\"@type\":\"ReadAction\",\"target\":[\"https:\\\/\\\/recrosses.eu\\\/fr\\\/evenement-final-du-projet-recrosses-lenergie-en-mouvement\\\/\"]}]},{\"@type\":\"ImageObject\",\"inLanguage\":\"fr-FR\",\"@id\":\"https:\\\/\\\/recrosses.eu\\\/fr\\\/evenement-final-du-projet-recrosses-lenergie-en-mouvement\\\/#primaryimage\",\"url\":\"https:\\\/\\\/recrosses.eu\\\/wp-content\\\/uploads\\\/2026\\\/05\\\/Bandeau-evenement-860-x-280-px-copia.jpg\",\"contentUrl\":\"https:\\\/\\\/recrosses.eu\\\/wp-content\\\/uploads\\\/2026\\\/05\\\/Bandeau-evenement-860-x-280-px-copia.jpg\",\"width\":479,\"height\":479},{\"@type\":\"BreadcrumbList\",\"@id\":\"https:\\\/\\\/recrosses.eu\\\/fr\\\/evenement-final-du-projet-recrosses-lenergie-en-mouvement\\\/#breadcrumb\",\"itemListElement\":[{\"@type\":\"ListItem\",\"position\":1,\"name\":\"Home\",\"item\":\"https:\\\/\\\/recrosses.eu\\\/fr\\\/home\\\/\"},{\"@type\":\"ListItem\",\"position\":2,\"name\":\"\u00c9v\u00e9nement final du projet RECROSSES : L\u2019\u00e9nergie en mouvement\"}]},{\"@type\":\"WebSite\",\"@id\":\"https:\\\/\\\/recrosses.eu\\\/fr\\\/#website\",\"url\":\"https:\\\/\\\/recrosses.eu\\\/fr\\\/\",\"name\":\"Recrosses\",\"description\":\"L&#039;energia che unisce - L&#039;\u00e9nergie qui unit\",\"potentialAction\":[{\"@type\":\"SearchAction\",\"target\":{\"@type\":\"EntryPoint\",\"urlTemplate\":\"https:\\\/\\\/recrosses.eu\\\/fr\\\/?s={search_term_string}\"},\"query-input\":{\"@type\":\"PropertyValueSpecification\",\"valueRequired\":true,\"valueName\":\"search_term_string\"}}],\"inLanguage\":\"fr-FR\"},{\"@type\":\"Person\",\"@id\":\"https:\\\/\\\/recrosses.eu\\\/fr\\\/#\\\/schema\\\/person\\\/2327e244e995abff4eaeb4f639000640\",\"name\":\"Chiara Bertolin\",\"image\":{\"@type\":\"ImageObject\",\"inLanguage\":\"fr-FR\",\"@id\":\"https:\\\/\\\/secure.gravatar.com\\\/avatar\\\/4789acd3dd60d7a775c67e44f6a017499f73531a758ddf33045a7e35ffafeda6?s=96&d=mm&r=g\",\"url\":\"https:\\\/\\\/secure.gravatar.com\\\/avatar\\\/4789acd3dd60d7a775c67e44f6a017499f73531a758ddf33045a7e35ffafeda6?s=96&d=mm&r=g\",\"contentUrl\":\"https:\\\/\\\/secure.gravatar.com\\\/avatar\\\/4789acd3dd60d7a775c67e44f6a017499f73531a758ddf33045a7e35ffafeda6?s=96&d=mm&r=g\",\"caption\":\"Chiara Bertolin\"},\"url\":\"https:\\\/\\\/recrosses.eu\\\/fr\\\/author\\\/chiara\\\/\"}]}<\/script>\n<!-- \/ Yoast SEO plugin. -->","yoast_head_json":{"title":"RECROSSES | \u00c9v\u00e9nement final du projet | L'energia in \u00e9nergie en mouvement - Recrosses","description":"Le lundi 15 juin 2026, de 11h00 \u00e0 17h00, se tiendra \u00e0 Le Bourget-du-Lac l\u2019\u00e9v\u00e9nement \u00ab\u202fL\u2019\u00e9nergie en mouvement\u202f\u00bb, organis\u00e9 dans le cadre du programme europ\u00e9en RECROSSES. L\u2019initiative r\u00e9unira des entreprises, des collectivit\u00e9s locales et des collectifs citoyens engag\u00e9s dans la transition \u00e9nerg\u00e9tique, avec un focus sp\u00e9cifique sur les Communaut\u00e9s \u00c9nerg\u00e9tiques Renouvelables, l\u2019autoconsommation collective et les formes innovantes de coop\u00e9ration territoriale.Un programme articul\u00e9 en deux tempsLa journ\u00e9e sera structur\u00e9e en deux parties principales :Matin\u00e9e : pr\u00e9sentation introductive suivie d\u2019une visite de terrain, afin d\u2019observer concr\u00e8tement des exemples et des applications de mod\u00e8les \u00e9nerg\u00e9tiques durables.Apr\u00e8s-midi : conf\u00e9rence consacr\u00e9e aux r\u00e9sultats du projet transfrontalier France\u2013Italie Alcotra RECROSSES, intitul\u00e9e \u00ab\u202fCommunaut\u00e9s transnationales de l\u2019\u00e9nergie renouvelable vers des services \u00e9nerg\u00e9tiques \u00e0 guichet unique\u202f\u00bb.","robots":{"index":"index","follow":"follow","max-snippet":"max-snippet:-1","max-image-preview":"max-image-preview:large","max-video-preview":"max-video-preview:-1"},"canonical":"https:\/\/recrosses.eu\/fr\/evenement-final-du-projet-recrosses-lenergie-en-mouvement\/","og_locale":"fr_FR","og_type":"article","og_title":"RECROSSES | \u00c9v\u00e9nement final du projet | L'energia in \u00e9nergie en mouvement - Recrosses","og_description":"Le lundi 15 juin 2026, de 11h00 \u00e0 17h00, se tiendra \u00e0 Le Bourget-du-Lac l\u2019\u00e9v\u00e9nement \u00ab\u202fL\u2019\u00e9nergie en mouvement\u202f\u00bb, organis\u00e9 dans le cadre du programme europ\u00e9en RECROSSES. L\u2019initiative r\u00e9unira des entreprises, des collectivit\u00e9s locales et des collectifs citoyens engag\u00e9s dans la transition \u00e9nerg\u00e9tique, avec un focus sp\u00e9cifique sur les Communaut\u00e9s \u00c9nerg\u00e9tiques Renouvelables, l\u2019autoconsommation collective et les formes innovantes de coop\u00e9ration territoriale.Un programme articul\u00e9 en deux tempsLa journ\u00e9e sera structur\u00e9e en deux parties principales :Matin\u00e9e : pr\u00e9sentation introductive suivie d\u2019une visite de terrain, afin d\u2019observer concr\u00e8tement des exemples et des applications de mod\u00e8les \u00e9nerg\u00e9tiques durables.Apr\u00e8s-midi : conf\u00e9rence consacr\u00e9e aux r\u00e9sultats du projet transfrontalier France\u2013Italie Alcotra RECROSSES, intitul\u00e9e \u00ab\u202fCommunaut\u00e9s transnationales de l\u2019\u00e9nergie renouvelable vers des services \u00e9nerg\u00e9tiques \u00e0 guichet unique\u202f\u00bb.","og_url":"https:\/\/recrosses.eu\/fr\/evenement-final-du-projet-recrosses-lenergie-en-mouvement\/","og_site_name":"Recrosses","article_published_time":"2026-05-26T09:45:26+00:00","article_modified_time":"2026-06-12T08:46:08+00:00","og_image":[{"width":479,"height":479,"url":"https:\/\/recrosses.eu\/wp-content\/uploads\/2026\/05\/Bandeau-evenement-860-x-280-px-copia.jpg","type":"image\/jpeg"}],"author":"Chiara Bertolin","twitter_card":"summary_large_image","twitter_misc":{"\u00c9crit par":"Chiara Bertolin","Dur\u00e9e de lecture estim\u00e9e":"1 minute"},"schema":{"@context":"https:\/\/schema.org","@graph":[{"@type":"Article","@id":"https:\/\/recrosses.eu\/fr\/evenement-final-du-projet-recrosses-lenergie-en-mouvement\/#article","isPartOf":{"@id":"https:\/\/recrosses.eu\/fr\/evenement-final-du-projet-recrosses-lenergie-en-mouvement\/"},"author":{"name":"Chiara Bertolin","@id":"https:\/\/recrosses.eu\/fr\/#\/schema\/person\/2327e244e995abff4eaeb4f639000640"},"headline":"\u00c9v\u00e9nement final du projet RECROSSES : L\u2019\u00e9nergie en mouvement","datePublished":"2026-05-26T09:45:26+00:00","dateModified":"2026-06-12T08:46:08+00:00","mainEntityOfPage":{"@id":"https:\/\/recrosses.eu\/fr\/evenement-final-du-projet-recrosses-lenergie-en-mouvement\/"},"wordCount":298,"commentCount":0,"image":{"@id":"https:\/\/recrosses.eu\/fr\/evenement-final-du-projet-recrosses-lenergie-en-mouvement\/#primaryimage"},"thumbnailUrl":"https:\/\/recrosses.eu\/wp-content\/uploads\/2026\/05\/Bandeau-evenement-860-x-280-px-copia.jpg","articleSection":["Non classifi\u00e9(e)"],"inLanguage":"fr-FR","potentialAction":[{"@type":"CommentAction","name":"Comment","target":["https:\/\/recrosses.eu\/fr\/evenement-final-du-projet-recrosses-lenergie-en-mouvement\/#respond"]}]},{"@type":"WebPage","@id":"https:\/\/recrosses.eu\/fr\/evenement-final-du-projet-recrosses-lenergie-en-mouvement\/","url":"https:\/\/recrosses.eu\/fr\/evenement-final-du-projet-recrosses-lenergie-en-mouvement\/","name":"RECROSSES | \u00c9v\u00e9nement final du projet | L'energia in \u00e9nergie en mouvement - Recrosses","isPartOf":{"@id":"https:\/\/recrosses.eu\/fr\/#website"},"primaryImageOfPage":{"@id":"https:\/\/recrosses.eu\/fr\/evenement-final-du-projet-recrosses-lenergie-en-mouvement\/#primaryimage"},"image":{"@id":"https:\/\/recrosses.eu\/fr\/evenement-final-du-projet-recrosses-lenergie-en-mouvement\/#primaryimage"},"thumbnailUrl":"https:\/\/recrosses.eu\/wp-content\/uploads\/2026\/05\/Bandeau-evenement-860-x-280-px-copia.jpg","datePublished":"2026-05-26T09:45:26+00:00","dateModified":"2026-06-12T08:46:08+00:00","author":{"@id":"https:\/\/recrosses.eu\/fr\/#\/schema\/person\/2327e244e995abff4eaeb4f639000640"},"description":"Le lundi 15 juin 2026, de 11h00 \u00e0 17h00, se tiendra \u00e0 Le Bourget-du-Lac l\u2019\u00e9v\u00e9nement \u00ab\u202fL\u2019\u00e9nergie en mouvement\u202f\u00bb, organis\u00e9 dans le cadre du programme europ\u00e9en RECROSSES. L\u2019initiative r\u00e9unira des entreprises, des collectivit\u00e9s locales et des collectifs citoyens engag\u00e9s dans la transition \u00e9nerg\u00e9tique, avec un focus sp\u00e9cifique sur les Communaut\u00e9s \u00c9nerg\u00e9tiques Renouvelables, l\u2019autoconsommation collective et les formes innovantes de coop\u00e9ration territoriale.Un programme articul\u00e9 en deux tempsLa journ\u00e9e sera structur\u00e9e en deux parties principales :Matin\u00e9e : pr\u00e9sentation introductive suivie d\u2019une visite de terrain, afin d\u2019observer concr\u00e8tement des exemples et des applications de mod\u00e8les \u00e9nerg\u00e9tiques durables.Apr\u00e8s-midi : conf\u00e9rence consacr\u00e9e aux r\u00e9sultats du projet transfrontalier France\u2013Italie Alcotra RECROSSES, intitul\u00e9e \u00ab\u202fCommunaut\u00e9s transnationales de l\u2019\u00e9nergie renouvelable vers des services \u00e9nerg\u00e9tiques \u00e0 guichet unique\u202f\u00bb.","breadcrumb":{"@id":"https:\/\/recrosses.eu\/fr\/evenement-final-du-projet-recrosses-lenergie-en-mouvement\/#breadcrumb"},"inLanguage":"fr-FR","potentialAction":[{"@type":"ReadAction","target":["https:\/\/recrosses.eu\/fr\/evenement-final-du-projet-recrosses-lenergie-en-mouvement\/"]}]},{"@type":"ImageObject","inLanguage":"fr-FR","@id":"https:\/\/recrosses.eu\/fr\/evenement-final-du-projet-recrosses-lenergie-en-mouvement\/#primaryimage","url":"https:\/\/recrosses.eu\/wp-content\/uploads\/2026\/05\/Bandeau-evenement-860-x-280-px-copia.jpg","contentUrl":"https:\/\/recrosses.eu\/wp-content\/uploads\/2026\/05\/Bandeau-evenement-860-x-280-px-copia.jpg","width":479,"height":479},{"@type":"BreadcrumbList","@id":"https:\/\/recrosses.eu\/fr\/evenement-final-du-projet-recrosses-lenergie-en-mouvement\/#breadcrumb","itemListElement":[{"@type":"ListItem","position":1,"name":"Home","item":"https:\/\/recrosses.eu\/fr\/home\/"},{"@type":"ListItem","position":2,"name":"\u00c9v\u00e9nement final du projet RECROSSES : L\u2019\u00e9nergie en mouvement"}]},{"@type":"WebSite","@id":"https:\/\/recrosses.eu\/fr\/#website","url":"https:\/\/recrosses.eu\/fr\/","name":"Recrosses","description":"L&#039;energia che unisce - L&#039;\u00e9nergie qui unit","potentialAction":[{"@type":"SearchAction","target":{"@type":"EntryPoint","urlTemplate":"https:\/\/recrosses.eu\/fr\/?s={search_term_string}"},"query-input":{"@type":"PropertyValueSpecification","valueRequired":true,"valueName":"search_term_string"}}],"inLanguage":"fr-FR"},{"@type":"Person","@id":"https:\/\/recrosses.eu\/fr\/#\/schema\/person\/2327e244e995abff4eaeb4f639000640","name":"Chiara Bertolin","image":{"@type":"ImageObject","inLanguage":"fr-FR","@id":"https:\/\/secure.gravatar.com\/avatar\/4789acd3dd60d7a775c67e44f6a017499f73531a758ddf33045a7e35ffafeda6?s=96&d=mm&r=g","url":"https:\/\/secure.gravatar.com\/avatar\/4789acd3dd60d7a775c67e44f6a017499f73531a758ddf33045a7e35ffafeda6?s=96&d=mm&r=g","contentUrl":"https:\/\/secure.gravatar.com\/avatar\/4789acd3dd60d7a775c67e44f6a017499f73531a758ddf33045a7e35ffafeda6?s=96&d=mm&r=g","caption":"Chiara Bertolin"},"url":"https:\/\/recrosses.eu\/fr\/author\/chiara\/"}]}},"_links":{"self":[{"href":"https:\/\/recrosses.eu\/fr\/wp-json\/wp\/v2\/posts\/2053","targetHints":{"allow":["GET"]}}],"collection":[{"href":"https:\/\/recrosses.eu\/fr\/wp-json\/wp\/v2\/posts"}],"about":[{"href":"https:\/\/recrosses.eu\/fr\/wp-json\/wp\/v2\/types\/post"}],"author":[{"embeddable":true,"href":"https:\/\/recrosses.eu\/fr\/wp-json\/wp\/v2\/users\/4"}],"replies":[{"embeddable":true,"href":"https:\/\/recrosses.eu\/fr\/wp-json\/wp\/v2\/comments?post=2053"}],"version-history":[{"count":1,"href":"https:\/\/recrosses.eu\/fr\/wp-json\/wp\/v2\/posts\/2053\/revisions"}],"predecessor-version":[{"id":2054,"href":"https:\/\/recrosses.eu\/fr\/wp-json\/wp\/v2\/posts\/2053\/revisions\/2054"}],"wp:featuredmedia":[{"embeddable":true,"href":"https:\/\/recrosses.eu\/fr\/wp-json\/wp\/v2\/media\/2046"}],"wp:attachment":[{"href":"https:\/\/recrosses.eu\/fr\/wp-json\/wp\/v2\/media?parent=2053"}],"wp:term":[{"taxonomy":"category","embeddable":true,"href":"https:\/\/recrosses.eu\/fr\/wp-json\/wp\/v2\/categories?post=2053"},{"taxonomy":"post_tag","embeddable":true,"href":"https:\/\/recrosses.eu\/fr\/wp-json\/wp\/v2\/tags?post=2053"}],"curies":[{"name":"wp","href":"https:\/\/api.w.org\/{rel}","templated":true}]}}