{"id":2060,"date":"2026-06-12T09:52:30","date_gmt":"2026-06-12T08:52:30","guid":{"rendered":"https:\/\/recrosses.eu\/le-tour-des-cer-2026-est-parti-de-chablenergies\/"},"modified":"2026-06-12T10:01:06","modified_gmt":"2026-06-12T09:01:06","slug":"le-tour-des-cer-2026-est-parti-de-chablenergies","status":"publish","type":"post","link":"https:\/\/recrosses.eu\/fr\/le-tour-des-cer-2026-est-parti-de-chablenergies\/","title":{"rendered":"Le Tour des CER 2026 est parti de Chabl\u2019\u00c9nergies"},"content":{"rendered":"\n<p class=\"wp-block-paragraph\"><strong>Sciez-sur-L\u00e9man, 12 juin 2026<\/strong> \u2013 Le <strong>Tour des Communaut\u00e9s d\u2019\u00c9nergies Renouvelables (CER) 2026<\/strong> a \u00e9t\u00e9 lanc\u00e9 ce matin. Cette initiative met en avant des citoyens italiens engag\u00e9s dans le d\u00e9veloppement de projets d\u2019\u00e9nergie locale.<br\/>Le tour est consacr\u00e9 \u00e0 l\u2019\u00e9change d\u2019exp\u00e9riences et de bonnes pratiques entre des acteurs italiens et fran\u00e7ais actifs dans le domaine <strong>des \u00e9nergies renouvelables et de la participation citoyenne \u00e0 l\u2019\u00e9nergie<\/strong>. <\/p>\n\n<p class=\"wp-block-paragraph\">Cette initiative s\u2019inscrit dans le projet europ\u00e9en <strong>Interreg France\u2013Italie ALCOTRA RECROSSES<\/strong>, avec pour objectif de renforcer la coop\u00e9ration transfrontali\u00e8re et de promouvoir des mod\u00e8les reproductibles de communaut\u00e9s \u00e9nerg\u00e9tiques des deux c\u00f4t\u00e9s de la fronti\u00e8re.<\/p>\n\n<h3 class=\"wp-block-heading\">Premi\u00e8re \u00e9tape: <a href=\"https:\/\/recrosses.eu\/fr\/les-cer\/chablenergies\/\" type=\"link\" id=\"https:\/\/recrosses.eu\/cer\/chablenergies\/\">Chabl\u2019\u00c9nergies<\/a><\/h3>\n\n<p class=\"wp-block-paragraph\">Le d\u00e9part a eu lieu depuis le <strong>complexe sportif de Sciez-sur-L\u00e9man<\/strong>, avec une visite des installations photovolta\u00efques r\u00e9alis\u00e9es par <strong>Chabl\u2019\u00c9nergies<\/strong>, une coop\u00e9rative citoyenne active sur le territoire du Chablais, en Haute-Savoie.<\/p>\n\n<p class=\"wp-block-paragraph\">Fond\u00e9e en 2021 et membre du r\u00e9seau fran\u00e7ais des <strong>Centrales Villageoises<\/strong>, Chabl\u2019\u00c9nergies repr\u00e9sente un exemple vertueux de production d\u2019\u00e9nergie locale fond\u00e9e sur la participation directe des citoyens et l\u2019investissement dans le territoire.<br\/>Aujourd\u2019hui, la coop\u00e9rative compte : <\/p>\n\n<ul class=\"wp-block-list\">\n<li><strong>84 soci\u00e9taires<\/strong><\/li>\n\n\n\n<li><strong>2 installations photovolta\u00efques en service<\/strong><\/li>\n\n\n\n<li><strong>260 kWp de puissance install\u00e9e<\/strong><\/li>\n<\/ul>\n\n<p class=\"wp-block-paragraph\">Les installations, r\u00e9alis\u00e9es principalement sur des toitures existantes, contribuent \u00e0 la production d\u2019\u00e9nergie renouvelable et au renforcement de l\u2019\u00e9conomie locale.<\/p>\n\n<h3 class=\"wp-block-heading\">Un mod\u00e8le de transition \u00e9nerg\u00e9tique participative<\/h3>\n\n<p class=\"wp-block-paragraph\">L\u2019exp\u00e9rience de Chabl\u2019\u00c9nergies d\u00e9montre concr\u00e8tement que la transition \u00e9nerg\u00e9tique peut \u00eatre <strong>territoriale, inclusive et durable<\/strong>, tout en favorisant la sensibilisation des citoyens et l\u2019implication des acteurs locaux.<\/p>\n\n<p class=\"wp-block-paragraph\">Le <strong>CER Tour 2026<\/strong> se poursuivra dans les prochains jours avec des \u00e9tapes et des rencontres d\u00e9di\u00e9es \u00e0 l\u2019\u00e9change entre les communaut\u00e9s \u00e9nerg\u00e9tiques italiennes et fran\u00e7aises, offrant des moments de dialogue entre citoyens, collectivit\u00e9s locales et acteurs du secteur.<br\/>Il sera possible de suivre le parcours et les actualit\u00e9s du tour via les canaux d\u00e9di\u00e9s, en d\u00e9couvrant, \u00e9tape apr\u00e8s \u00e9tape, comment la transition \u00e9nerg\u00e9tique peut \u00eatre <strong>locale, collaborative et port\u00e9e par les citoyens<\/strong>.<\/p>\n","protected":false},"excerpt":{"rendered":"<p>Sciez-sur-L\u00e9man, 12 juin 2026 \u2013 Le Tour des Communaut\u00e9s d\u2019\u00c9nergies Renouvelables (CER) 2026 a \u00e9t\u00e9 lanc\u00e9 ce matin. Cette initiative met en avant des citoyens italiens engag\u00e9s dans le d\u00e9veloppement de projets d\u2019\u00e9nergie locale.Le tour est consacr\u00e9 \u00e0 l\u2019\u00e9change d\u2019exp\u00e9riences et de bonnes pratiques entre des acteurs italiens et fran\u00e7ais actifs dans le domaine des [&hellip;]<\/p>\n","protected":false},"author":4,"featured_media":2058,"comment_status":"open","ping_status":"open","sticky":false,"template":"","format":"standard","meta":{"_acf_changed":false,"footnotes":""},"categories":[26,22],"tags":[],"class_list":["post-2060","post","type-post","status-publish","format-standard","has-post-thumbnail","hentry","category-evenement-fr","category-nuovelles"],"acf":[],"yoast_head":"<!-- This site is optimized with the Yoast SEO plugin v28.3 - https:\/\/yoast.com\/product\/yoast-seo-wordpress\/ -->\n<title>Le Tour des CER 2026 est parti de Chabl\u2019\u00c9nergies- Recrosses<\/title>\n<meta name=\"description\" content=\"Le Tour des CER 2026 part de Sciez-sur-L\u00e9man : les communaut\u00e9s d\u2019\u00e9nergie renouvelable, l\u2019\u00e9nergie solaire et la coop\u00e9ration France\u2013Italie au c\u0153ur d\u2019une transition \u00e9nerg\u00e9tique locale et participative.\" \/>\n<meta name=\"robots\" content=\"index, follow, max-snippet:-1, max-image-preview:large, max-video-preview:-1\" \/>\n<link rel=\"canonical\" href=\"https:\/\/recrosses.eu\/fr\/le-tour-des-cer-2026-est-parti-de-chablenergies\/\" \/>\n<meta property=\"og:locale\" content=\"fr_FR\" \/>\n<meta property=\"og:type\" content=\"article\" \/>\n<meta property=\"og:title\" content=\"Le Tour des CER 2026 est parti de Chabl\u2019\u00c9nergies- Recrosses\" \/>\n<meta property=\"og:description\" content=\"Le Tour des CER 2026 part de Sciez-sur-L\u00e9man : les communaut\u00e9s d\u2019\u00e9nergie renouvelable, l\u2019\u00e9nergie solaire et la coop\u00e9ration France\u2013Italie au c\u0153ur d\u2019une transition \u00e9nerg\u00e9tique locale et participative.\" \/>\n<meta property=\"og:url\" content=\"https:\/\/recrosses.eu\/fr\/le-tour-des-cer-2026-est-parti-de-chablenergies\/\" \/>\n<meta property=\"og:site_name\" content=\"Recrosses\" \/>\n<meta property=\"article:published_time\" content=\"2026-06-12T08:52:30+00:00\" \/>\n<meta property=\"article:modified_time\" content=\"2026-06-12T09:01:06+00:00\" \/>\n<meta property=\"og:image\" content=\"https:\/\/recrosses.eu\/wp-content\/uploads\/2026\/06\/26-06-12-Depart-ChamblEnergie-3_Q.jpg\" \/>\n\t<meta property=\"og:image:width\" content=\"1204\" \/>\n\t<meta property=\"og:image:height\" content=\"1204\" \/>\n\t<meta property=\"og:image:type\" content=\"image\/jpeg\" \/>\n<meta name=\"author\" content=\"Chiara Bertolin\" \/>\n<meta name=\"twitter:card\" content=\"summary_large_image\" \/>\n<meta name=\"twitter:label1\" content=\"\u00c9crit par\" \/>\n\t<meta name=\"twitter:data1\" content=\"Chiara Bertolin\" \/>\n\t<meta name=\"twitter:label2\" content=\"Dur\u00e9e de lecture estim\u00e9e\" \/>\n\t<meta name=\"twitter:data2\" content=\"2 minutes\" \/>\n<script type=\"application\/ld+json\" class=\"yoast-schema-graph\">{\"@context\":\"https:\\\/\\\/schema.org\",\"@graph\":[{\"@type\":\"Article\",\"@id\":\"https:\\\/\\\/recrosses.eu\\\/fr\\\/le-tour-des-cer-2026-est-parti-de-chablenergies\\\/#article\",\"isPartOf\":{\"@id\":\"https:\\\/\\\/recrosses.eu\\\/fr\\\/le-tour-des-cer-2026-est-parti-de-chablenergies\\\/\"},\"author\":{\"name\":\"Chiara Bertolin\",\"@id\":\"https:\\\/\\\/recrosses.eu\\\/fr\\\/#\\\/schema\\\/person\\\/2327e244e995abff4eaeb4f639000640\"},\"headline\":\"Le Tour des CER 2026 est parti de Chabl\u2019\u00c9nergies\",\"datePublished\":\"2026-06-12T08:52:30+00:00\",\"dateModified\":\"2026-06-12T09:01:06+00:00\",\"mainEntityOfPage\":{\"@id\":\"https:\\\/\\\/recrosses.eu\\\/fr\\\/le-tour-des-cer-2026-est-parti-de-chablenergies\\\/\"},\"wordCount\":374,\"commentCount\":0,\"image\":{\"@id\":\"https:\\\/\\\/recrosses.eu\\\/fr\\\/le-tour-des-cer-2026-est-parti-de-chablenergies\\\/#primaryimage\"},\"thumbnailUrl\":\"https:\\\/\\\/recrosses.eu\\\/wp-content\\\/uploads\\\/2026\\\/06\\\/26-06-12-Depart-ChamblEnergie-3_Q.jpg\",\"articleSection\":[\"\u00c9V\u00c9NEMENT\",\"Nuovelles\"],\"inLanguage\":\"fr-FR\",\"potentialAction\":[{\"@type\":\"CommentAction\",\"name\":\"Comment\",\"target\":[\"https:\\\/\\\/recrosses.eu\\\/fr\\\/le-tour-des-cer-2026-est-parti-de-chablenergies\\\/#respond\"]}]},{\"@type\":\"WebPage\",\"@id\":\"https:\\\/\\\/recrosses.eu\\\/fr\\\/le-tour-des-cer-2026-est-parti-de-chablenergies\\\/\",\"url\":\"https:\\\/\\\/recrosses.eu\\\/fr\\\/le-tour-des-cer-2026-est-parti-de-chablenergies\\\/\",\"name\":\"Le Tour des CER 2026 est parti de Chabl\u2019\u00c9nergies- Recrosses\",\"isPartOf\":{\"@id\":\"https:\\\/\\\/recrosses.eu\\\/fr\\\/#website\"},\"primaryImageOfPage\":{\"@id\":\"https:\\\/\\\/recrosses.eu\\\/fr\\\/le-tour-des-cer-2026-est-parti-de-chablenergies\\\/#primaryimage\"},\"image\":{\"@id\":\"https:\\\/\\\/recrosses.eu\\\/fr\\\/le-tour-des-cer-2026-est-parti-de-chablenergies\\\/#primaryimage\"},\"thumbnailUrl\":\"https:\\\/\\\/recrosses.eu\\\/wp-content\\\/uploads\\\/2026\\\/06\\\/26-06-12-Depart-ChamblEnergie-3_Q.jpg\",\"datePublished\":\"2026-06-12T08:52:30+00:00\",\"dateModified\":\"2026-06-12T09:01:06+00:00\",\"author\":{\"@id\":\"https:\\\/\\\/recrosses.eu\\\/fr\\\/#\\\/schema\\\/person\\\/2327e244e995abff4eaeb4f639000640\"},\"description\":\"Le Tour des CER 2026 part de Sciez-sur-L\u00e9man : les communaut\u00e9s d\u2019\u00e9nergie renouvelable, l\u2019\u00e9nergie solaire et la coop\u00e9ration France\u2013Italie au c\u0153ur d\u2019une transition \u00e9nerg\u00e9tique locale et participative.\",\"breadcrumb\":{\"@id\":\"https:\\\/\\\/recrosses.eu\\\/fr\\\/le-tour-des-cer-2026-est-parti-de-chablenergies\\\/#breadcrumb\"},\"inLanguage\":\"fr-FR\",\"potentialAction\":[{\"@type\":\"ReadAction\",\"target\":[\"https:\\\/\\\/recrosses.eu\\\/fr\\\/le-tour-des-cer-2026-est-parti-de-chablenergies\\\/\"]}]},{\"@type\":\"ImageObject\",\"inLanguage\":\"fr-FR\",\"@id\":\"https:\\\/\\\/recrosses.eu\\\/fr\\\/le-tour-des-cer-2026-est-parti-de-chablenergies\\\/#primaryimage\",\"url\":\"https:\\\/\\\/recrosses.eu\\\/wp-content\\\/uploads\\\/2026\\\/06\\\/26-06-12-Depart-ChamblEnergie-3_Q.jpg\",\"contentUrl\":\"https:\\\/\\\/recrosses.eu\\\/wp-content\\\/uploads\\\/2026\\\/06\\\/26-06-12-Depart-ChamblEnergie-3_Q.jpg\",\"width\":1204,\"height\":1204},{\"@type\":\"BreadcrumbList\",\"@id\":\"https:\\\/\\\/recrosses.eu\\\/fr\\\/le-tour-des-cer-2026-est-parti-de-chablenergies\\\/#breadcrumb\",\"itemListElement\":[{\"@type\":\"ListItem\",\"position\":1,\"name\":\"Home\",\"item\":\"https:\\\/\\\/recrosses.eu\\\/fr\\\/home\\\/\"},{\"@type\":\"ListItem\",\"position\":2,\"name\":\"Le Tour des CER 2026 est parti de Chabl\u2019\u00c9nergies\"}]},{\"@type\":\"WebSite\",\"@id\":\"https:\\\/\\\/recrosses.eu\\\/fr\\\/#website\",\"url\":\"https:\\\/\\\/recrosses.eu\\\/fr\\\/\",\"name\":\"Recrosses\",\"description\":\"L&#039;energia che unisce - L&#039;\u00e9nergie qui unit\",\"potentialAction\":[{\"@type\":\"SearchAction\",\"target\":{\"@type\":\"EntryPoint\",\"urlTemplate\":\"https:\\\/\\\/recrosses.eu\\\/fr\\\/?s={search_term_string}\"},\"query-input\":{\"@type\":\"PropertyValueSpecification\",\"valueRequired\":true,\"valueName\":\"search_term_string\"}}],\"inLanguage\":\"fr-FR\"},{\"@type\":\"Person\",\"@id\":\"https:\\\/\\\/recrosses.eu\\\/fr\\\/#\\\/schema\\\/person\\\/2327e244e995abff4eaeb4f639000640\",\"name\":\"Chiara Bertolin\",\"image\":{\"@type\":\"ImageObject\",\"inLanguage\":\"fr-FR\",\"@id\":\"https:\\\/\\\/secure.gravatar.com\\\/avatar\\\/4789acd3dd60d7a775c67e44f6a017499f73531a758ddf33045a7e35ffafeda6?s=96&d=mm&r=g\",\"url\":\"https:\\\/\\\/secure.gravatar.com\\\/avatar\\\/4789acd3dd60d7a775c67e44f6a017499f73531a758ddf33045a7e35ffafeda6?s=96&d=mm&r=g\",\"contentUrl\":\"https:\\\/\\\/secure.gravatar.com\\\/avatar\\\/4789acd3dd60d7a775c67e44f6a017499f73531a758ddf33045a7e35ffafeda6?s=96&d=mm&r=g\",\"caption\":\"Chiara Bertolin\"},\"url\":\"https:\\\/\\\/recrosses.eu\\\/fr\\\/author\\\/chiara\\\/\"}]}<\/script>\n<!-- \/ Yoast SEO plugin. -->","yoast_head_json":{"title":"Le Tour des CER 2026 est parti de Chabl\u2019\u00c9nergies- Recrosses","description":"Le Tour des CER 2026 part de Sciez-sur-L\u00e9man : les communaut\u00e9s d\u2019\u00e9nergie renouvelable, l\u2019\u00e9nergie solaire et la coop\u00e9ration France\u2013Italie au c\u0153ur d\u2019une transition \u00e9nerg\u00e9tique locale et participative.","robots":{"index":"index","follow":"follow","max-snippet":"max-snippet:-1","max-image-preview":"max-image-preview:large","max-video-preview":"max-video-preview:-1"},"canonical":"https:\/\/recrosses.eu\/fr\/le-tour-des-cer-2026-est-parti-de-chablenergies\/","og_locale":"fr_FR","og_type":"article","og_title":"Le Tour des CER 2026 est parti de Chabl\u2019\u00c9nergies- Recrosses","og_description":"Le Tour des CER 2026 part de Sciez-sur-L\u00e9man : les communaut\u00e9s d\u2019\u00e9nergie renouvelable, l\u2019\u00e9nergie solaire et la coop\u00e9ration France\u2013Italie au c\u0153ur d\u2019une transition \u00e9nerg\u00e9tique locale et participative.","og_url":"https:\/\/recrosses.eu\/fr\/le-tour-des-cer-2026-est-parti-de-chablenergies\/","og_site_name":"Recrosses","article_published_time":"2026-06-12T08:52:30+00:00","article_modified_time":"2026-06-12T09:01:06+00:00","og_image":[{"width":1204,"height":1204,"url":"https:\/\/recrosses.eu\/wp-content\/uploads\/2026\/06\/26-06-12-Depart-ChamblEnergie-3_Q.jpg","type":"image\/jpeg"}],"author":"Chiara Bertolin","twitter_card":"summary_large_image","twitter_misc":{"\u00c9crit par":"Chiara Bertolin","Dur\u00e9e de lecture estim\u00e9e":"2 minutes"},"schema":{"@context":"https:\/\/schema.org","@graph":[{"@type":"Article","@id":"https:\/\/recrosses.eu\/fr\/le-tour-des-cer-2026-est-parti-de-chablenergies\/#article","isPartOf":{"@id":"https:\/\/recrosses.eu\/fr\/le-tour-des-cer-2026-est-parti-de-chablenergies\/"},"author":{"name":"Chiara Bertolin","@id":"https:\/\/recrosses.eu\/fr\/#\/schema\/person\/2327e244e995abff4eaeb4f639000640"},"headline":"Le Tour des CER 2026 est parti de Chabl\u2019\u00c9nergies","datePublished":"2026-06-12T08:52:30+00:00","dateModified":"2026-06-12T09:01:06+00:00","mainEntityOfPage":{"@id":"https:\/\/recrosses.eu\/fr\/le-tour-des-cer-2026-est-parti-de-chablenergies\/"},"wordCount":374,"commentCount":0,"image":{"@id":"https:\/\/recrosses.eu\/fr\/le-tour-des-cer-2026-est-parti-de-chablenergies\/#primaryimage"},"thumbnailUrl":"https:\/\/recrosses.eu\/wp-content\/uploads\/2026\/06\/26-06-12-Depart-ChamblEnergie-3_Q.jpg","articleSection":["\u00c9V\u00c9NEMENT","Nuovelles"],"inLanguage":"fr-FR","potentialAction":[{"@type":"CommentAction","name":"Comment","target":["https:\/\/recrosses.eu\/fr\/le-tour-des-cer-2026-est-parti-de-chablenergies\/#respond"]}]},{"@type":"WebPage","@id":"https:\/\/recrosses.eu\/fr\/le-tour-des-cer-2026-est-parti-de-chablenergies\/","url":"https:\/\/recrosses.eu\/fr\/le-tour-des-cer-2026-est-parti-de-chablenergies\/","name":"Le Tour des CER 2026 est parti de Chabl\u2019\u00c9nergies- Recrosses","isPartOf":{"@id":"https:\/\/recrosses.eu\/fr\/#website"},"primaryImageOfPage":{"@id":"https:\/\/recrosses.eu\/fr\/le-tour-des-cer-2026-est-parti-de-chablenergies\/#primaryimage"},"image":{"@id":"https:\/\/recrosses.eu\/fr\/le-tour-des-cer-2026-est-parti-de-chablenergies\/#primaryimage"},"thumbnailUrl":"https:\/\/recrosses.eu\/wp-content\/uploads\/2026\/06\/26-06-12-Depart-ChamblEnergie-3_Q.jpg","datePublished":"2026-06-12T08:52:30+00:00","dateModified":"2026-06-12T09:01:06+00:00","author":{"@id":"https:\/\/recrosses.eu\/fr\/#\/schema\/person\/2327e244e995abff4eaeb4f639000640"},"description":"Le Tour des CER 2026 part de Sciez-sur-L\u00e9man : les communaut\u00e9s d\u2019\u00e9nergie renouvelable, l\u2019\u00e9nergie solaire et la coop\u00e9ration France\u2013Italie au c\u0153ur d\u2019une transition \u00e9nerg\u00e9tique locale et participative.","breadcrumb":{"@id":"https:\/\/recrosses.eu\/fr\/le-tour-des-cer-2026-est-parti-de-chablenergies\/#breadcrumb"},"inLanguage":"fr-FR","potentialAction":[{"@type":"ReadAction","target":["https:\/\/recrosses.eu\/fr\/le-tour-des-cer-2026-est-parti-de-chablenergies\/"]}]},{"@type":"ImageObject","inLanguage":"fr-FR","@id":"https:\/\/recrosses.eu\/fr\/le-tour-des-cer-2026-est-parti-de-chablenergies\/#primaryimage","url":"https:\/\/recrosses.eu\/wp-content\/uploads\/2026\/06\/26-06-12-Depart-ChamblEnergie-3_Q.jpg","contentUrl":"https:\/\/recrosses.eu\/wp-content\/uploads\/2026\/06\/26-06-12-Depart-ChamblEnergie-3_Q.jpg","width":1204,"height":1204},{"@type":"BreadcrumbList","@id":"https:\/\/recrosses.eu\/fr\/le-tour-des-cer-2026-est-parti-de-chablenergies\/#breadcrumb","itemListElement":[{"@type":"ListItem","position":1,"name":"Home","item":"https:\/\/recrosses.eu\/fr\/home\/"},{"@type":"ListItem","position":2,"name":"Le Tour des CER 2026 est parti de Chabl\u2019\u00c9nergies"}]},{"@type":"WebSite","@id":"https:\/\/recrosses.eu\/fr\/#website","url":"https:\/\/recrosses.eu\/fr\/","name":"Recrosses","description":"L&#039;energia che unisce - L&#039;\u00e9nergie qui unit","potentialAction":[{"@type":"SearchAction","target":{"@type":"EntryPoint","urlTemplate":"https:\/\/recrosses.eu\/fr\/?s={search_term_string}"},"query-input":{"@type":"PropertyValueSpecification","valueRequired":true,"valueName":"search_term_string"}}],"inLanguage":"fr-FR"},{"@type":"Person","@id":"https:\/\/recrosses.eu\/fr\/#\/schema\/person\/2327e244e995abff4eaeb4f639000640","name":"Chiara Bertolin","image":{"@type":"ImageObject","inLanguage":"fr-FR","@id":"https:\/\/secure.gravatar.com\/avatar\/4789acd3dd60d7a775c67e44f6a017499f73531a758ddf33045a7e35ffafeda6?s=96&d=mm&r=g","url":"https:\/\/secure.gravatar.com\/avatar\/4789acd3dd60d7a775c67e44f6a017499f73531a758ddf33045a7e35ffafeda6?s=96&d=mm&r=g","contentUrl":"https:\/\/secure.gravatar.com\/avatar\/4789acd3dd60d7a775c67e44f6a017499f73531a758ddf33045a7e35ffafeda6?s=96&d=mm&r=g","caption":"Chiara Bertolin"},"url":"https:\/\/recrosses.eu\/fr\/author\/chiara\/"}]}},"_links":{"self":[{"href":"https:\/\/recrosses.eu\/fr\/wp-json\/wp\/v2\/posts\/2060","targetHints":{"allow":["GET"]}}],"collection":[{"href":"https:\/\/recrosses.eu\/fr\/wp-json\/wp\/v2\/posts"}],"about":[{"href":"https:\/\/recrosses.eu\/fr\/wp-json\/wp\/v2\/types\/post"}],"author":[{"embeddable":true,"href":"https:\/\/recrosses.eu\/fr\/wp-json\/wp\/v2\/users\/4"}],"replies":[{"embeddable":true,"href":"https:\/\/recrosses.eu\/fr\/wp-json\/wp\/v2\/comments?post=2060"}],"version-history":[{"count":1,"href":"https:\/\/recrosses.eu\/fr\/wp-json\/wp\/v2\/posts\/2060\/revisions"}],"predecessor-version":[{"id":2061,"href":"https:\/\/recrosses.eu\/fr\/wp-json\/wp\/v2\/posts\/2060\/revisions\/2061"}],"wp:featuredmedia":[{"embeddable":true,"href":"https:\/\/recrosses.eu\/fr\/wp-json\/wp\/v2\/media\/2058"}],"wp:attachment":[{"href":"https:\/\/recrosses.eu\/fr\/wp-json\/wp\/v2\/media?parent=2060"}],"wp:term":[{"taxonomy":"category","embeddable":true,"href":"https:\/\/recrosses.eu\/fr\/wp-json\/wp\/v2\/categories?post=2060"},{"taxonomy":"post_tag","embeddable":true,"href":"https:\/\/recrosses.eu\/fr\/wp-json\/wp\/v2\/tags?post=2060"}],"curies":[{"name":"wp","href":"https:\/\/api.w.org\/{rel}","templated":true}]}}