{"id":573,"date":"2024-03-22T13:30:00","date_gmt":"2024-03-22T12:30:00","guid":{"rendered":"https:\/\/recrosses.eu\/evenement-de-lancement-de-recrosses-comunita-energetiche-rinnovabili-nuove-prospettive\/"},"modified":"2024-10-08T12:39:36","modified_gmt":"2024-10-08T11:39:36","slug":"evenement-de-lancement-de-recrosses-comunita-energetiche-rinnovabili-nuove-prospettive","status":"publish","type":"post","link":"https:\/\/recrosses.eu\/fr\/evenement-de-lancement-de-recrosses-comunita-energetiche-rinnovabili-nuove-prospettive\/","title":{"rendered":"\u00c9V\u00c9NEMENT: RECROSSES &#8211; Communaut\u00e9s d&rsquo;\u00c9nergies Renouvelables: nouvelles perspectives"},"content":{"rendered":"\n<p class=\"wp-block-paragraph\">Vendredi 22 mars 2024 s&rsquo;est tenue \u00e0 Aoste la conf\u00e9rence <strong>Comunit\u00e0 Energetiche Rinnovabili: nuove prospettive,<\/strong> organis\u00e9e par le l\u2019Assessorat de l\u2019essor \u00e9conomique, de la formation et du travail, des transports et de la mobilit\u00e9 durable, en collaboration avec le COA energia de Finaosta S.p.A. et de la Chambre vald\u00f4taine des entreprises et des activit\u00e9s lib\u00e9rales de la Vall\u00e9e d\u2019Aoste. \u00c0 partir de l&rsquo;illustration des mises \u00e0 jour r\u00e9glementaires et des r\u00e8gles op\u00e9rationnelles de reconnaissance des incitations pour les Communaut\u00e9s d&rsquo;\u00c9nergies Renouvelables, les activit\u00e9s envisag\u00e9es par le projet Interreg France-Italie ALCOTRA RECROSSES ont \u00e9t\u00e9 pr\u00e9sent\u00e9es et, par la suite, les r\u00e9sultats de l&rsquo;\u00e9tude \u00ab CVd\u2019A \u2013 Comunit\u00e0 energetiche a misura di Valle d\u2019Aosta \u00bb et les initiatives de soutien aux entreprises.<\/p>\n\n<p class=\"wp-block-paragraph\">Les vid\u00e9os des intervenants qui ont particip\u00e9 \u00e0 l&rsquo;\u00e9v\u00e9nement et les liens vers les documents mis \u00e0 disposition ont \u00e9t\u00e9 publi\u00e9s sur la cha\u00eene <a href=\"https:\/\/www.youtube.com\/RECROSSES\" target=\"_blank\" rel=\"noreferrer noopener\">YouTube<\/a> du projet.<\/p>\n","protected":false},"excerpt":{"rendered":"<p>Vendredi 22 mars 2024 s&rsquo;est tenue \u00e0 Aoste la conf\u00e9rence Comunit\u00e0 Energetiche Rinnovabili: nuove prospettive, organis\u00e9e par le l\u2019Assessorat de l\u2019essor \u00e9conomique, de la formation et du travail, des transports et de la mobilit\u00e9 durable, en collaboration avec le COA energia de Finaosta S.p.A. et de la Chambre vald\u00f4taine des entreprises et des activit\u00e9s lib\u00e9rales [&hellip;]<\/p>\n","protected":false},"author":4,"featured_media":571,"comment_status":"open","ping_status":"open","sticky":false,"template":"","format":"standard","meta":{"_acf_changed":false,"footnotes":""},"categories":[26,22],"tags":[],"class_list":["post-573","post","type-post","status-publish","format-standard","has-post-thumbnail","hentry","category-evenement-fr","category-nuovelles"],"acf":[],"yoast_head":"<!-- This site is optimized with the Yoast SEO plugin v28.3 - https:\/\/yoast.com\/product\/yoast-seo-wordpress\/ -->\n<title>\u00c9V\u00c9NEMENT: RECROSSES - Communaut\u00e9s d&#039;\u00c9nergies Renouvelables: nouvelles perspectives - Recrosses<\/title>\n<meta name=\"robots\" content=\"index, follow, max-snippet:-1, max-image-preview:large, max-video-preview:-1\" \/>\n<link rel=\"canonical\" href=\"https:\/\/recrosses.eu\/fr\/evenement-de-lancement-de-recrosses-comunita-energetiche-rinnovabili-nuove-prospettive\/\" \/>\n<meta property=\"og:locale\" content=\"fr_FR\" \/>\n<meta property=\"og:type\" content=\"article\" \/>\n<meta property=\"og:title\" content=\"\u00c9V\u00c9NEMENT: RECROSSES - Communaut\u00e9s d&#039;\u00c9nergies Renouvelables: nouvelles perspectives - Recrosses\" \/>\n<meta property=\"og:description\" content=\"Vendredi 22 mars 2024 s&rsquo;est tenue \u00e0 Aoste la conf\u00e9rence Comunit\u00e0 Energetiche Rinnovabili: nuove prospettive, organis\u00e9e par le l\u2019Assessorat de l\u2019essor \u00e9conomique, de la formation et du travail, des transports et de la mobilit\u00e9 durable, en collaboration avec le COA energia de Finaosta S.p.A. et de la Chambre vald\u00f4taine des entreprises et des activit\u00e9s lib\u00e9rales [&hellip;]\" \/>\n<meta property=\"og:url\" content=\"https:\/\/recrosses.eu\/fr\/evenement-de-lancement-de-recrosses-comunita-energetiche-rinnovabili-nuove-prospettive\/\" \/>\n<meta property=\"og:site_name\" content=\"Recrosses\" \/>\n<meta property=\"article:published_time\" content=\"2024-03-22T12:30:00+00:00\" \/>\n<meta property=\"article:modified_time\" content=\"2024-10-08T11:39:36+00:00\" \/>\n<meta property=\"og:image\" content=\"https:\/\/recrosses.eu\/wp-content\/uploads\/2024\/05\/EventoRECROSSES.jpg\" \/>\n\t<meta property=\"og:image:width\" content=\"1155\" \/>\n\t<meta property=\"og:image:height\" content=\"1201\" \/>\n\t<meta property=\"og:image:type\" content=\"image\/jpeg\" \/>\n<meta name=\"author\" content=\"Chiara Bertolin\" \/>\n<meta name=\"twitter:card\" content=\"summary_large_image\" \/>\n<meta name=\"twitter:label1\" content=\"\u00c9crit par\" \/>\n\t<meta name=\"twitter:data1\" content=\"Chiara Bertolin\" \/>\n\t<meta name=\"twitter:label2\" content=\"Dur\u00e9e de lecture estim\u00e9e\" \/>\n\t<meta name=\"twitter:data2\" content=\"1 minute\" \/>\n<script type=\"application\/ld+json\" class=\"yoast-schema-graph\">{\"@context\":\"https:\\\/\\\/schema.org\",\"@graph\":[{\"@type\":\"Article\",\"@id\":\"https:\\\/\\\/recrosses.eu\\\/fr\\\/evenement-de-lancement-de-recrosses-comunita-energetiche-rinnovabili-nuove-prospettive\\\/#article\",\"isPartOf\":{\"@id\":\"https:\\\/\\\/recrosses.eu\\\/fr\\\/evenement-de-lancement-de-recrosses-comunita-energetiche-rinnovabili-nuove-prospettive\\\/\"},\"author\":{\"name\":\"Chiara Bertolin\",\"@id\":\"https:\\\/\\\/recrosses.eu\\\/fr\\\/#\\\/schema\\\/person\\\/2327e244e995abff4eaeb4f639000640\"},\"headline\":\"\u00c9V\u00c9NEMENT: RECROSSES &#8211; Communaut\u00e9s d&rsquo;\u00c9nergies Renouvelables: nouvelles perspectives\",\"datePublished\":\"2024-03-22T12:30:00+00:00\",\"dateModified\":\"2024-10-08T11:39:36+00:00\",\"mainEntityOfPage\":{\"@id\":\"https:\\\/\\\/recrosses.eu\\\/fr\\\/evenement-de-lancement-de-recrosses-comunita-energetiche-rinnovabili-nuove-prospettive\\\/\"},\"wordCount\":179,\"commentCount\":0,\"image\":{\"@id\":\"https:\\\/\\\/recrosses.eu\\\/fr\\\/evenement-de-lancement-de-recrosses-comunita-energetiche-rinnovabili-nuove-prospettive\\\/#primaryimage\"},\"thumbnailUrl\":\"https:\\\/\\\/recrosses.eu\\\/wp-content\\\/uploads\\\/2024\\\/05\\\/EventoRECROSSES.jpg\",\"articleSection\":[\"\u00c9V\u00c9NEMENT\",\"Nuovelles\"],\"inLanguage\":\"fr-FR\",\"potentialAction\":[{\"@type\":\"CommentAction\",\"name\":\"Comment\",\"target\":[\"https:\\\/\\\/recrosses.eu\\\/fr\\\/evenement-de-lancement-de-recrosses-comunita-energetiche-rinnovabili-nuove-prospettive\\\/#respond\"]}]},{\"@type\":\"WebPage\",\"@id\":\"https:\\\/\\\/recrosses.eu\\\/fr\\\/evenement-de-lancement-de-recrosses-comunita-energetiche-rinnovabili-nuove-prospettive\\\/\",\"url\":\"https:\\\/\\\/recrosses.eu\\\/fr\\\/evenement-de-lancement-de-recrosses-comunita-energetiche-rinnovabili-nuove-prospettive\\\/\",\"name\":\"\u00c9V\u00c9NEMENT: RECROSSES - Communaut\u00e9s d'\u00c9nergies Renouvelables: nouvelles perspectives - Recrosses\",\"isPartOf\":{\"@id\":\"https:\\\/\\\/recrosses.eu\\\/fr\\\/#website\"},\"primaryImageOfPage\":{\"@id\":\"https:\\\/\\\/recrosses.eu\\\/fr\\\/evenement-de-lancement-de-recrosses-comunita-energetiche-rinnovabili-nuove-prospettive\\\/#primaryimage\"},\"image\":{\"@id\":\"https:\\\/\\\/recrosses.eu\\\/fr\\\/evenement-de-lancement-de-recrosses-comunita-energetiche-rinnovabili-nuove-prospettive\\\/#primaryimage\"},\"thumbnailUrl\":\"https:\\\/\\\/recrosses.eu\\\/wp-content\\\/uploads\\\/2024\\\/05\\\/EventoRECROSSES.jpg\",\"datePublished\":\"2024-03-22T12:30:00+00:00\",\"dateModified\":\"2024-10-08T11:39:36+00:00\",\"author\":{\"@id\":\"https:\\\/\\\/recrosses.eu\\\/fr\\\/#\\\/schema\\\/person\\\/2327e244e995abff4eaeb4f639000640\"},\"breadcrumb\":{\"@id\":\"https:\\\/\\\/recrosses.eu\\\/fr\\\/evenement-de-lancement-de-recrosses-comunita-energetiche-rinnovabili-nuove-prospettive\\\/#breadcrumb\"},\"inLanguage\":\"fr-FR\",\"potentialAction\":[{\"@type\":\"ReadAction\",\"target\":[\"https:\\\/\\\/recrosses.eu\\\/fr\\\/evenement-de-lancement-de-recrosses-comunita-energetiche-rinnovabili-nuove-prospettive\\\/\"]}]},{\"@type\":\"ImageObject\",\"inLanguage\":\"fr-FR\",\"@id\":\"https:\\\/\\\/recrosses.eu\\\/fr\\\/evenement-de-lancement-de-recrosses-comunita-energetiche-rinnovabili-nuove-prospettive\\\/#primaryimage\",\"url\":\"https:\\\/\\\/recrosses.eu\\\/wp-content\\\/uploads\\\/2024\\\/05\\\/EventoRECROSSES.jpg\",\"contentUrl\":\"https:\\\/\\\/recrosses.eu\\\/wp-content\\\/uploads\\\/2024\\\/05\\\/EventoRECROSSES.jpg\",\"width\":1155,\"height\":1201},{\"@type\":\"BreadcrumbList\",\"@id\":\"https:\\\/\\\/recrosses.eu\\\/fr\\\/evenement-de-lancement-de-recrosses-comunita-energetiche-rinnovabili-nuove-prospettive\\\/#breadcrumb\",\"itemListElement\":[{\"@type\":\"ListItem\",\"position\":1,\"name\":\"Home\",\"item\":\"https:\\\/\\\/recrosses.eu\\\/fr\\\/home\\\/\"},{\"@type\":\"ListItem\",\"position\":2,\"name\":\"\u00c9V\u00c9NEMENT: RECROSSES &#8211; Communaut\u00e9s d&rsquo;\u00c9nergies Renouvelables: nouvelles perspectives\"}]},{\"@type\":\"WebSite\",\"@id\":\"https:\\\/\\\/recrosses.eu\\\/fr\\\/#website\",\"url\":\"https:\\\/\\\/recrosses.eu\\\/fr\\\/\",\"name\":\"Recrosses\",\"description\":\"L&#039;energia che unisce - L&#039;\u00e9nergie qui unit\",\"potentialAction\":[{\"@type\":\"SearchAction\",\"target\":{\"@type\":\"EntryPoint\",\"urlTemplate\":\"https:\\\/\\\/recrosses.eu\\\/fr\\\/?s={search_term_string}\"},\"query-input\":{\"@type\":\"PropertyValueSpecification\",\"valueRequired\":true,\"valueName\":\"search_term_string\"}}],\"inLanguage\":\"fr-FR\"},{\"@type\":\"Person\",\"@id\":\"https:\\\/\\\/recrosses.eu\\\/fr\\\/#\\\/schema\\\/person\\\/2327e244e995abff4eaeb4f639000640\",\"name\":\"Chiara Bertolin\",\"image\":{\"@type\":\"ImageObject\",\"inLanguage\":\"fr-FR\",\"@id\":\"https:\\\/\\\/secure.gravatar.com\\\/avatar\\\/4789acd3dd60d7a775c67e44f6a017499f73531a758ddf33045a7e35ffafeda6?s=96&d=mm&r=g\",\"url\":\"https:\\\/\\\/secure.gravatar.com\\\/avatar\\\/4789acd3dd60d7a775c67e44f6a017499f73531a758ddf33045a7e35ffafeda6?s=96&d=mm&r=g\",\"contentUrl\":\"https:\\\/\\\/secure.gravatar.com\\\/avatar\\\/4789acd3dd60d7a775c67e44f6a017499f73531a758ddf33045a7e35ffafeda6?s=96&d=mm&r=g\",\"caption\":\"Chiara Bertolin\"},\"url\":\"https:\\\/\\\/recrosses.eu\\\/fr\\\/author\\\/chiara\\\/\"}]}<\/script>\n<!-- \/ Yoast SEO plugin. -->","yoast_head_json":{"title":"\u00c9V\u00c9NEMENT: RECROSSES - Communaut\u00e9s d'\u00c9nergies Renouvelables: nouvelles perspectives - Recrosses","robots":{"index":"index","follow":"follow","max-snippet":"max-snippet:-1","max-image-preview":"max-image-preview:large","max-video-preview":"max-video-preview:-1"},"canonical":"https:\/\/recrosses.eu\/fr\/evenement-de-lancement-de-recrosses-comunita-energetiche-rinnovabili-nuove-prospettive\/","og_locale":"fr_FR","og_type":"article","og_title":"\u00c9V\u00c9NEMENT: RECROSSES - Communaut\u00e9s d'\u00c9nergies Renouvelables: nouvelles perspectives - Recrosses","og_description":"Vendredi 22 mars 2024 s&rsquo;est tenue \u00e0 Aoste la conf\u00e9rence Comunit\u00e0 Energetiche Rinnovabili: nuove prospettive, organis\u00e9e par le l\u2019Assessorat de l\u2019essor \u00e9conomique, de la formation et du travail, des transports et de la mobilit\u00e9 durable, en collaboration avec le COA energia de Finaosta S.p.A. et de la Chambre vald\u00f4taine des entreprises et des activit\u00e9s lib\u00e9rales [&hellip;]","og_url":"https:\/\/recrosses.eu\/fr\/evenement-de-lancement-de-recrosses-comunita-energetiche-rinnovabili-nuove-prospettive\/","og_site_name":"Recrosses","article_published_time":"2024-03-22T12:30:00+00:00","article_modified_time":"2024-10-08T11:39:36+00:00","og_image":[{"width":1155,"height":1201,"url":"https:\/\/recrosses.eu\/wp-content\/uploads\/2024\/05\/EventoRECROSSES.jpg","type":"image\/jpeg"}],"author":"Chiara Bertolin","twitter_card":"summary_large_image","twitter_misc":{"\u00c9crit par":"Chiara Bertolin","Dur\u00e9e de lecture estim\u00e9e":"1 minute"},"schema":{"@context":"https:\/\/schema.org","@graph":[{"@type":"Article","@id":"https:\/\/recrosses.eu\/fr\/evenement-de-lancement-de-recrosses-comunita-energetiche-rinnovabili-nuove-prospettive\/#article","isPartOf":{"@id":"https:\/\/recrosses.eu\/fr\/evenement-de-lancement-de-recrosses-comunita-energetiche-rinnovabili-nuove-prospettive\/"},"author":{"name":"Chiara Bertolin","@id":"https:\/\/recrosses.eu\/fr\/#\/schema\/person\/2327e244e995abff4eaeb4f639000640"},"headline":"\u00c9V\u00c9NEMENT: RECROSSES &#8211; Communaut\u00e9s d&rsquo;\u00c9nergies Renouvelables: nouvelles perspectives","datePublished":"2024-03-22T12:30:00+00:00","dateModified":"2024-10-08T11:39:36+00:00","mainEntityOfPage":{"@id":"https:\/\/recrosses.eu\/fr\/evenement-de-lancement-de-recrosses-comunita-energetiche-rinnovabili-nuove-prospettive\/"},"wordCount":179,"commentCount":0,"image":{"@id":"https:\/\/recrosses.eu\/fr\/evenement-de-lancement-de-recrosses-comunita-energetiche-rinnovabili-nuove-prospettive\/#primaryimage"},"thumbnailUrl":"https:\/\/recrosses.eu\/wp-content\/uploads\/2024\/05\/EventoRECROSSES.jpg","articleSection":["\u00c9V\u00c9NEMENT","Nuovelles"],"inLanguage":"fr-FR","potentialAction":[{"@type":"CommentAction","name":"Comment","target":["https:\/\/recrosses.eu\/fr\/evenement-de-lancement-de-recrosses-comunita-energetiche-rinnovabili-nuove-prospettive\/#respond"]}]},{"@type":"WebPage","@id":"https:\/\/recrosses.eu\/fr\/evenement-de-lancement-de-recrosses-comunita-energetiche-rinnovabili-nuove-prospettive\/","url":"https:\/\/recrosses.eu\/fr\/evenement-de-lancement-de-recrosses-comunita-energetiche-rinnovabili-nuove-prospettive\/","name":"\u00c9V\u00c9NEMENT: RECROSSES - Communaut\u00e9s d'\u00c9nergies Renouvelables: nouvelles perspectives - Recrosses","isPartOf":{"@id":"https:\/\/recrosses.eu\/fr\/#website"},"primaryImageOfPage":{"@id":"https:\/\/recrosses.eu\/fr\/evenement-de-lancement-de-recrosses-comunita-energetiche-rinnovabili-nuove-prospettive\/#primaryimage"},"image":{"@id":"https:\/\/recrosses.eu\/fr\/evenement-de-lancement-de-recrosses-comunita-energetiche-rinnovabili-nuove-prospettive\/#primaryimage"},"thumbnailUrl":"https:\/\/recrosses.eu\/wp-content\/uploads\/2024\/05\/EventoRECROSSES.jpg","datePublished":"2024-03-22T12:30:00+00:00","dateModified":"2024-10-08T11:39:36+00:00","author":{"@id":"https:\/\/recrosses.eu\/fr\/#\/schema\/person\/2327e244e995abff4eaeb4f639000640"},"breadcrumb":{"@id":"https:\/\/recrosses.eu\/fr\/evenement-de-lancement-de-recrosses-comunita-energetiche-rinnovabili-nuove-prospettive\/#breadcrumb"},"inLanguage":"fr-FR","potentialAction":[{"@type":"ReadAction","target":["https:\/\/recrosses.eu\/fr\/evenement-de-lancement-de-recrosses-comunita-energetiche-rinnovabili-nuove-prospettive\/"]}]},{"@type":"ImageObject","inLanguage":"fr-FR","@id":"https:\/\/recrosses.eu\/fr\/evenement-de-lancement-de-recrosses-comunita-energetiche-rinnovabili-nuove-prospettive\/#primaryimage","url":"https:\/\/recrosses.eu\/wp-content\/uploads\/2024\/05\/EventoRECROSSES.jpg","contentUrl":"https:\/\/recrosses.eu\/wp-content\/uploads\/2024\/05\/EventoRECROSSES.jpg","width":1155,"height":1201},{"@type":"BreadcrumbList","@id":"https:\/\/recrosses.eu\/fr\/evenement-de-lancement-de-recrosses-comunita-energetiche-rinnovabili-nuove-prospettive\/#breadcrumb","itemListElement":[{"@type":"ListItem","position":1,"name":"Home","item":"https:\/\/recrosses.eu\/fr\/home\/"},{"@type":"ListItem","position":2,"name":"\u00c9V\u00c9NEMENT: RECROSSES &#8211; Communaut\u00e9s d&rsquo;\u00c9nergies Renouvelables: nouvelles perspectives"}]},{"@type":"WebSite","@id":"https:\/\/recrosses.eu\/fr\/#website","url":"https:\/\/recrosses.eu\/fr\/","name":"Recrosses","description":"L&#039;energia che unisce - L&#039;\u00e9nergie qui unit","potentialAction":[{"@type":"SearchAction","target":{"@type":"EntryPoint","urlTemplate":"https:\/\/recrosses.eu\/fr\/?s={search_term_string}"},"query-input":{"@type":"PropertyValueSpecification","valueRequired":true,"valueName":"search_term_string"}}],"inLanguage":"fr-FR"},{"@type":"Person","@id":"https:\/\/recrosses.eu\/fr\/#\/schema\/person\/2327e244e995abff4eaeb4f639000640","name":"Chiara Bertolin","image":{"@type":"ImageObject","inLanguage":"fr-FR","@id":"https:\/\/secure.gravatar.com\/avatar\/4789acd3dd60d7a775c67e44f6a017499f73531a758ddf33045a7e35ffafeda6?s=96&d=mm&r=g","url":"https:\/\/secure.gravatar.com\/avatar\/4789acd3dd60d7a775c67e44f6a017499f73531a758ddf33045a7e35ffafeda6?s=96&d=mm&r=g","contentUrl":"https:\/\/secure.gravatar.com\/avatar\/4789acd3dd60d7a775c67e44f6a017499f73531a758ddf33045a7e35ffafeda6?s=96&d=mm&r=g","caption":"Chiara Bertolin"},"url":"https:\/\/recrosses.eu\/fr\/author\/chiara\/"}]}},"_links":{"self":[{"href":"https:\/\/recrosses.eu\/fr\/wp-json\/wp\/v2\/posts\/573","targetHints":{"allow":["GET"]}}],"collection":[{"href":"https:\/\/recrosses.eu\/fr\/wp-json\/wp\/v2\/posts"}],"about":[{"href":"https:\/\/recrosses.eu\/fr\/wp-json\/wp\/v2\/types\/post"}],"author":[{"embeddable":true,"href":"https:\/\/recrosses.eu\/fr\/wp-json\/wp\/v2\/users\/4"}],"replies":[{"embeddable":true,"href":"https:\/\/recrosses.eu\/fr\/wp-json\/wp\/v2\/comments?post=573"}],"version-history":[{"count":2,"href":"https:\/\/recrosses.eu\/fr\/wp-json\/wp\/v2\/posts\/573\/revisions"}],"predecessor-version":[{"id":910,"href":"https:\/\/recrosses.eu\/fr\/wp-json\/wp\/v2\/posts\/573\/revisions\/910"}],"wp:featuredmedia":[{"embeddable":true,"href":"https:\/\/recrosses.eu\/fr\/wp-json\/wp\/v2\/media\/571"}],"wp:attachment":[{"href":"https:\/\/recrosses.eu\/fr\/wp-json\/wp\/v2\/media?parent=573"}],"wp:term":[{"taxonomy":"category","embeddable":true,"href":"https:\/\/recrosses.eu\/fr\/wp-json\/wp\/v2\/categories?post=573"},{"taxonomy":"post_tag","embeddable":true,"href":"https:\/\/recrosses.eu\/fr\/wp-json\/wp\/v2\/tags?post=573"}],"curies":[{"name":"wp","href":"https:\/\/api.w.org\/{rel}","templated":true}]}}