{"id":929,"date":"2024-10-08T15:28:13","date_gmt":"2024-10-08T14:28:13","guid":{"rendered":"https:\/\/recrosses.eu\/?p=929"},"modified":"2024-10-08T15:44:08","modified_gmt":"2024-10-08T14:44:08","slug":"evenement-recrosses-communautes-denergies-renouvelables-nouvelles-perspectives","status":"publish","type":"post","link":"https:\/\/recrosses.eu\/fr\/evenement-recrosses-communautes-denergies-renouvelables-nouvelles-perspectives\/","title":{"rendered":"\u00c9V\u00c9NEMENT: RECROSSES aux Assises azur\u00e9ennes de la transition \u00e9nerg\u00e9tique"},"content":{"rendered":"\n<p class=\"wp-block-paragraph\">Du 12 au 14 juin 2024, les partenaires de <a href=\"https:\/\/www.linkedin.com\/company\/alcotra-recrosses\/\">RECROSSES<\/a>, projet du Programme <a href=\"https:\/\/www.linkedin.com\/company\/interreg-france-italia-alcotra\/\">Interreg France-Italie ALCOTRA<\/a>, se sont r\u00e9unis en C\u00f4te d&rsquo;Azur pour travailler, \u00e9changer et promouvoir le projet au sein du territoire azur\u00e9en.<br\/><br\/>RECROSSES a eu l&rsquo;opportunit\u00e9 de participer \u00e0 un atelier dans le cadre de la 4\u00e8me \u00e9dition des <a href=\"https:\/\/www.linkedin.com\/feed\/hashtag\/?keywords=assisesazur%C3%A9enesdelatransitionenerg%C3%A9tique&amp;highlightedUpdateUrns=urn%3Ali%3Aactivity%3A7208380488749613056\">Assises Azur\u00e9enes de la Transition Energ\u00e9tique<\/a>, organis\u00e9es cette ann\u00e9e en partenariat avec la <a href=\"https:\/\/www.linkedin.com\/company\/communaute-de-la-riviera-francaise\/\">Communaut\u00e9 de la Riviera fran\u00e7aise &#8211; CARF.<\/a><br\/><\/p>\n","protected":false},"excerpt":{"rendered":"<p>Du 12 au 14 juin 2024, les partenaires de RECROSSES, projet du Programme Interreg France-Italie ALCOTRA, se sont r\u00e9unis en C\u00f4te d&rsquo;Azur pour travailler, \u00e9changer et promouvoir le projet au sein du territoire azur\u00e9en. RECROSSES a eu l&rsquo;opportunit\u00e9 de participer \u00e0 un atelier dans le cadre de la 4\u00e8me \u00e9dition des Assises Azur\u00e9enes de la [&hellip;]<\/p>\n","protected":false},"author":4,"featured_media":933,"comment_status":"open","ping_status":"open","sticky":false,"template":"","format":"standard","meta":{"_acf_changed":false,"footnotes":""},"categories":[26,22],"tags":[],"class_list":["post-929","post","type-post","status-publish","format-standard","has-post-thumbnail","hentry","category-evenement-fr","category-nuovelles"],"acf":[],"yoast_head":"<!-- This site is optimized with the Yoast SEO plugin v28.3 - https:\/\/yoast.com\/product\/yoast-seo-wordpress\/ -->\n<title>RECROSSES aux Assises Azur\u00e9ennes - Recrosses<\/title>\n<meta name=\"description\" content=\"\u00c9v\u00e9nement RECROSSES aux Assises Azur\u00e9ennes: du 12 au 14 juin 2024, les partenaires de RECROSSES, projet du Programme Interreg France-Italie ALCOTRA, se sont r\u00e9unis en C\u00f4te d&#039;Azur pour travailler, \u00e9changer et promouvoir le projet au sein du territoire azur\u00e9en. RECROSSES a eu l&#039;opportunit\u00e9 de participer \u00e0 un atelier dans le cadre de la 4\u00e8me \u00e9dition des Assises Azur\u00e9enes de la Transition Energ\u00e9tique, organis\u00e9es cette ann\u00e9e en partenariat avec la Communaut\u00e9 de la Riviera fran\u00e7aise - CARF.\" \/>\n<meta name=\"robots\" content=\"index, follow, max-snippet:-1, max-image-preview:large, max-video-preview:-1\" \/>\n<link rel=\"canonical\" href=\"https:\/\/recrosses.eu\/fr\/evenement-recrosses-communautes-denergies-renouvelables-nouvelles-perspectives\/\" \/>\n<meta property=\"og:locale\" content=\"fr_FR\" \/>\n<meta property=\"og:type\" content=\"article\" \/>\n<meta property=\"og:title\" content=\"RECROSSES aux Assises Azur\u00e9ennes - Recrosses\" \/>\n<meta property=\"og:description\" content=\"\u00c9v\u00e9nement RECROSSES aux Assises Azur\u00e9ennes: du 12 au 14 juin 2024, les partenaires de RECROSSES, projet du Programme Interreg France-Italie ALCOTRA, se sont r\u00e9unis en C\u00f4te d&#039;Azur pour travailler, \u00e9changer et promouvoir le projet au sein du territoire azur\u00e9en. RECROSSES a eu l&#039;opportunit\u00e9 de participer \u00e0 un atelier dans le cadre de la 4\u00e8me \u00e9dition des Assises Azur\u00e9enes de la Transition Energ\u00e9tique, organis\u00e9es cette ann\u00e9e en partenariat avec la Communaut\u00e9 de la Riviera fran\u00e7aise - CARF.\" \/>\n<meta property=\"og:url\" content=\"https:\/\/recrosses.eu\/fr\/evenement-recrosses-communautes-denergies-renouvelables-nouvelles-perspectives\/\" \/>\n<meta property=\"og:site_name\" content=\"Recrosses\" \/>\n<meta property=\"article:published_time\" content=\"2024-10-08T14:28:13+00:00\" \/>\n<meta property=\"article:modified_time\" content=\"2024-10-08T14:44:08+00:00\" \/>\n<meta property=\"og:image\" content=\"https:\/\/recrosses.eu\/wp-content\/uploads\/2024\/10\/Evento-RECROSSES-Assises-Azureennes-CER.jpg\" \/>\n\t<meta property=\"og:image:width\" content=\"530\" \/>\n\t<meta property=\"og:image:height\" content=\"534\" \/>\n\t<meta property=\"og:image:type\" content=\"image\/jpeg\" \/>\n<meta name=\"author\" content=\"Chiara Bertolin\" \/>\n<meta name=\"twitter:card\" content=\"summary_large_image\" \/>\n<meta name=\"twitter:label1\" content=\"\u00c9crit par\" \/>\n\t<meta name=\"twitter:data1\" content=\"Chiara Bertolin\" \/>\n<script type=\"application\/ld+json\" class=\"yoast-schema-graph\">{\"@context\":\"https:\\\/\\\/schema.org\",\"@graph\":[{\"@type\":\"Article\",\"@id\":\"https:\\\/\\\/recrosses.eu\\\/fr\\\/evenement-recrosses-communautes-denergies-renouvelables-nouvelles-perspectives\\\/#article\",\"isPartOf\":{\"@id\":\"https:\\\/\\\/recrosses.eu\\\/fr\\\/evenement-recrosses-communautes-denergies-renouvelables-nouvelles-perspectives\\\/\"},\"author\":{\"name\":\"Chiara Bertolin\",\"@id\":\"https:\\\/\\\/recrosses.eu\\\/fr\\\/#\\\/schema\\\/person\\\/2327e244e995abff4eaeb4f639000640\"},\"headline\":\"\u00c9V\u00c9NEMENT: RECROSSES aux Assises azur\u00e9ennes de la transition \u00e9nerg\u00e9tique\",\"datePublished\":\"2024-10-08T14:28:13+00:00\",\"dateModified\":\"2024-10-08T14:44:08+00:00\",\"mainEntityOfPage\":{\"@id\":\"https:\\\/\\\/recrosses.eu\\\/fr\\\/evenement-recrosses-communautes-denergies-renouvelables-nouvelles-perspectives\\\/\"},\"wordCount\":89,\"commentCount\":0,\"image\":{\"@id\":\"https:\\\/\\\/recrosses.eu\\\/fr\\\/evenement-recrosses-communautes-denergies-renouvelables-nouvelles-perspectives\\\/#primaryimage\"},\"thumbnailUrl\":\"https:\\\/\\\/recrosses.eu\\\/wp-content\\\/uploads\\\/2024\\\/10\\\/Evento-RECROSSES-Assises-Azureennes-CER.jpg\",\"articleSection\":[\"\u00c9V\u00c9NEMENT\",\"Nuovelles\"],\"inLanguage\":\"fr-FR\",\"potentialAction\":[{\"@type\":\"CommentAction\",\"name\":\"Comment\",\"target\":[\"https:\\\/\\\/recrosses.eu\\\/fr\\\/evenement-recrosses-communautes-denergies-renouvelables-nouvelles-perspectives\\\/#respond\"]}]},{\"@type\":\"WebPage\",\"@id\":\"https:\\\/\\\/recrosses.eu\\\/fr\\\/evenement-recrosses-communautes-denergies-renouvelables-nouvelles-perspectives\\\/\",\"url\":\"https:\\\/\\\/recrosses.eu\\\/fr\\\/evenement-recrosses-communautes-denergies-renouvelables-nouvelles-perspectives\\\/\",\"name\":\"RECROSSES aux Assises Azur\u00e9ennes - Recrosses\",\"isPartOf\":{\"@id\":\"https:\\\/\\\/recrosses.eu\\\/fr\\\/#website\"},\"primaryImageOfPage\":{\"@id\":\"https:\\\/\\\/recrosses.eu\\\/fr\\\/evenement-recrosses-communautes-denergies-renouvelables-nouvelles-perspectives\\\/#primaryimage\"},\"image\":{\"@id\":\"https:\\\/\\\/recrosses.eu\\\/fr\\\/evenement-recrosses-communautes-denergies-renouvelables-nouvelles-perspectives\\\/#primaryimage\"},\"thumbnailUrl\":\"https:\\\/\\\/recrosses.eu\\\/wp-content\\\/uploads\\\/2024\\\/10\\\/Evento-RECROSSES-Assises-Azureennes-CER.jpg\",\"datePublished\":\"2024-10-08T14:28:13+00:00\",\"dateModified\":\"2024-10-08T14:44:08+00:00\",\"author\":{\"@id\":\"https:\\\/\\\/recrosses.eu\\\/fr\\\/#\\\/schema\\\/person\\\/2327e244e995abff4eaeb4f639000640\"},\"description\":\"\u00c9v\u00e9nement RECROSSES aux Assises Azur\u00e9ennes: du 12 au 14 juin 2024, les partenaires de RECROSSES, projet du Programme Interreg France-Italie ALCOTRA, se sont r\u00e9unis en C\u00f4te d'Azur pour travailler, \u00e9changer et promouvoir le projet au sein du territoire azur\u00e9en. RECROSSES a eu l'opportunit\u00e9 de participer \u00e0 un atelier dans le cadre de la 4\u00e8me \u00e9dition des Assises Azur\u00e9enes de la Transition Energ\u00e9tique, organis\u00e9es cette ann\u00e9e en partenariat avec la Communaut\u00e9 de la Riviera fran\u00e7aise - CARF.\",\"breadcrumb\":{\"@id\":\"https:\\\/\\\/recrosses.eu\\\/fr\\\/evenement-recrosses-communautes-denergies-renouvelables-nouvelles-perspectives\\\/#breadcrumb\"},\"inLanguage\":\"fr-FR\",\"potentialAction\":[{\"@type\":\"ReadAction\",\"target\":[\"https:\\\/\\\/recrosses.eu\\\/fr\\\/evenement-recrosses-communautes-denergies-renouvelables-nouvelles-perspectives\\\/\"]}]},{\"@type\":\"ImageObject\",\"inLanguage\":\"fr-FR\",\"@id\":\"https:\\\/\\\/recrosses.eu\\\/fr\\\/evenement-recrosses-communautes-denergies-renouvelables-nouvelles-perspectives\\\/#primaryimage\",\"url\":\"https:\\\/\\\/recrosses.eu\\\/wp-content\\\/uploads\\\/2024\\\/10\\\/Evento-RECROSSES-Assises-Azureennes-CER.jpg\",\"contentUrl\":\"https:\\\/\\\/recrosses.eu\\\/wp-content\\\/uploads\\\/2024\\\/10\\\/Evento-RECROSSES-Assises-Azureennes-CER.jpg\",\"width\":530,\"height\":534},{\"@type\":\"BreadcrumbList\",\"@id\":\"https:\\\/\\\/recrosses.eu\\\/fr\\\/evenement-recrosses-communautes-denergies-renouvelables-nouvelles-perspectives\\\/#breadcrumb\",\"itemListElement\":[{\"@type\":\"ListItem\",\"position\":1,\"name\":\"Home\",\"item\":\"https:\\\/\\\/recrosses.eu\\\/fr\\\/home\\\/\"},{\"@type\":\"ListItem\",\"position\":2,\"name\":\"\u00c9V\u00c9NEMENT: RECROSSES aux Assises azur\u00e9ennes de la transition \u00e9nerg\u00e9tique\"}]},{\"@type\":\"WebSite\",\"@id\":\"https:\\\/\\\/recrosses.eu\\\/fr\\\/#website\",\"url\":\"https:\\\/\\\/recrosses.eu\\\/fr\\\/\",\"name\":\"Recrosses\",\"description\":\"L&#039;energia che unisce - L&#039;\u00e9nergie qui unit\",\"potentialAction\":[{\"@type\":\"SearchAction\",\"target\":{\"@type\":\"EntryPoint\",\"urlTemplate\":\"https:\\\/\\\/recrosses.eu\\\/fr\\\/?s={search_term_string}\"},\"query-input\":{\"@type\":\"PropertyValueSpecification\",\"valueRequired\":true,\"valueName\":\"search_term_string\"}}],\"inLanguage\":\"fr-FR\"},{\"@type\":\"Person\",\"@id\":\"https:\\\/\\\/recrosses.eu\\\/fr\\\/#\\\/schema\\\/person\\\/2327e244e995abff4eaeb4f639000640\",\"name\":\"Chiara Bertolin\",\"image\":{\"@type\":\"ImageObject\",\"inLanguage\":\"fr-FR\",\"@id\":\"https:\\\/\\\/secure.gravatar.com\\\/avatar\\\/4789acd3dd60d7a775c67e44f6a017499f73531a758ddf33045a7e35ffafeda6?s=96&d=mm&r=g\",\"url\":\"https:\\\/\\\/secure.gravatar.com\\\/avatar\\\/4789acd3dd60d7a775c67e44f6a017499f73531a758ddf33045a7e35ffafeda6?s=96&d=mm&r=g\",\"contentUrl\":\"https:\\\/\\\/secure.gravatar.com\\\/avatar\\\/4789acd3dd60d7a775c67e44f6a017499f73531a758ddf33045a7e35ffafeda6?s=96&d=mm&r=g\",\"caption\":\"Chiara Bertolin\"},\"url\":\"https:\\\/\\\/recrosses.eu\\\/fr\\\/author\\\/chiara\\\/\"}]}<\/script>\n<!-- \/ Yoast SEO plugin. -->","yoast_head_json":{"title":"RECROSSES aux Assises Azur\u00e9ennes - Recrosses","description":"\u00c9v\u00e9nement RECROSSES aux Assises Azur\u00e9ennes: du 12 au 14 juin 2024, les partenaires de RECROSSES, projet du Programme Interreg France-Italie ALCOTRA, se sont r\u00e9unis en C\u00f4te d'Azur pour travailler, \u00e9changer et promouvoir le projet au sein du territoire azur\u00e9en. RECROSSES a eu l'opportunit\u00e9 de participer \u00e0 un atelier dans le cadre de la 4\u00e8me \u00e9dition des Assises Azur\u00e9enes de la Transition Energ\u00e9tique, organis\u00e9es cette ann\u00e9e en partenariat avec la Communaut\u00e9 de la Riviera fran\u00e7aise - CARF.","robots":{"index":"index","follow":"follow","max-snippet":"max-snippet:-1","max-image-preview":"max-image-preview:large","max-video-preview":"max-video-preview:-1"},"canonical":"https:\/\/recrosses.eu\/fr\/evenement-recrosses-communautes-denergies-renouvelables-nouvelles-perspectives\/","og_locale":"fr_FR","og_type":"article","og_title":"RECROSSES aux Assises Azur\u00e9ennes - Recrosses","og_description":"\u00c9v\u00e9nement RECROSSES aux Assises Azur\u00e9ennes: du 12 au 14 juin 2024, les partenaires de RECROSSES, projet du Programme Interreg France-Italie ALCOTRA, se sont r\u00e9unis en C\u00f4te d'Azur pour travailler, \u00e9changer et promouvoir le projet au sein du territoire azur\u00e9en. RECROSSES a eu l'opportunit\u00e9 de participer \u00e0 un atelier dans le cadre de la 4\u00e8me \u00e9dition des Assises Azur\u00e9enes de la Transition Energ\u00e9tique, organis\u00e9es cette ann\u00e9e en partenariat avec la Communaut\u00e9 de la Riviera fran\u00e7aise - CARF.","og_url":"https:\/\/recrosses.eu\/fr\/evenement-recrosses-communautes-denergies-renouvelables-nouvelles-perspectives\/","og_site_name":"Recrosses","article_published_time":"2024-10-08T14:28:13+00:00","article_modified_time":"2024-10-08T14:44:08+00:00","og_image":[{"width":530,"height":534,"url":"https:\/\/recrosses.eu\/wp-content\/uploads\/2024\/10\/Evento-RECROSSES-Assises-Azureennes-CER.jpg","type":"image\/jpeg"}],"author":"Chiara Bertolin","twitter_card":"summary_large_image","twitter_misc":{"\u00c9crit par":"Chiara Bertolin"},"schema":{"@context":"https:\/\/schema.org","@graph":[{"@type":"Article","@id":"https:\/\/recrosses.eu\/fr\/evenement-recrosses-communautes-denergies-renouvelables-nouvelles-perspectives\/#article","isPartOf":{"@id":"https:\/\/recrosses.eu\/fr\/evenement-recrosses-communautes-denergies-renouvelables-nouvelles-perspectives\/"},"author":{"name":"Chiara Bertolin","@id":"https:\/\/recrosses.eu\/fr\/#\/schema\/person\/2327e244e995abff4eaeb4f639000640"},"headline":"\u00c9V\u00c9NEMENT: RECROSSES aux Assises azur\u00e9ennes de la transition \u00e9nerg\u00e9tique","datePublished":"2024-10-08T14:28:13+00:00","dateModified":"2024-10-08T14:44:08+00:00","mainEntityOfPage":{"@id":"https:\/\/recrosses.eu\/fr\/evenement-recrosses-communautes-denergies-renouvelables-nouvelles-perspectives\/"},"wordCount":89,"commentCount":0,"image":{"@id":"https:\/\/recrosses.eu\/fr\/evenement-recrosses-communautes-denergies-renouvelables-nouvelles-perspectives\/#primaryimage"},"thumbnailUrl":"https:\/\/recrosses.eu\/wp-content\/uploads\/2024\/10\/Evento-RECROSSES-Assises-Azureennes-CER.jpg","articleSection":["\u00c9V\u00c9NEMENT","Nuovelles"],"inLanguage":"fr-FR","potentialAction":[{"@type":"CommentAction","name":"Comment","target":["https:\/\/recrosses.eu\/fr\/evenement-recrosses-communautes-denergies-renouvelables-nouvelles-perspectives\/#respond"]}]},{"@type":"WebPage","@id":"https:\/\/recrosses.eu\/fr\/evenement-recrosses-communautes-denergies-renouvelables-nouvelles-perspectives\/","url":"https:\/\/recrosses.eu\/fr\/evenement-recrosses-communautes-denergies-renouvelables-nouvelles-perspectives\/","name":"RECROSSES aux Assises Azur\u00e9ennes - Recrosses","isPartOf":{"@id":"https:\/\/recrosses.eu\/fr\/#website"},"primaryImageOfPage":{"@id":"https:\/\/recrosses.eu\/fr\/evenement-recrosses-communautes-denergies-renouvelables-nouvelles-perspectives\/#primaryimage"},"image":{"@id":"https:\/\/recrosses.eu\/fr\/evenement-recrosses-communautes-denergies-renouvelables-nouvelles-perspectives\/#primaryimage"},"thumbnailUrl":"https:\/\/recrosses.eu\/wp-content\/uploads\/2024\/10\/Evento-RECROSSES-Assises-Azureennes-CER.jpg","datePublished":"2024-10-08T14:28:13+00:00","dateModified":"2024-10-08T14:44:08+00:00","author":{"@id":"https:\/\/recrosses.eu\/fr\/#\/schema\/person\/2327e244e995abff4eaeb4f639000640"},"description":"\u00c9v\u00e9nement RECROSSES aux Assises Azur\u00e9ennes: du 12 au 14 juin 2024, les partenaires de RECROSSES, projet du Programme Interreg France-Italie ALCOTRA, se sont r\u00e9unis en C\u00f4te d'Azur pour travailler, \u00e9changer et promouvoir le projet au sein du territoire azur\u00e9en. RECROSSES a eu l'opportunit\u00e9 de participer \u00e0 un atelier dans le cadre de la 4\u00e8me \u00e9dition des Assises Azur\u00e9enes de la Transition Energ\u00e9tique, organis\u00e9es cette ann\u00e9e en partenariat avec la Communaut\u00e9 de la Riviera fran\u00e7aise - CARF.","breadcrumb":{"@id":"https:\/\/recrosses.eu\/fr\/evenement-recrosses-communautes-denergies-renouvelables-nouvelles-perspectives\/#breadcrumb"},"inLanguage":"fr-FR","potentialAction":[{"@type":"ReadAction","target":["https:\/\/recrosses.eu\/fr\/evenement-recrosses-communautes-denergies-renouvelables-nouvelles-perspectives\/"]}]},{"@type":"ImageObject","inLanguage":"fr-FR","@id":"https:\/\/recrosses.eu\/fr\/evenement-recrosses-communautes-denergies-renouvelables-nouvelles-perspectives\/#primaryimage","url":"https:\/\/recrosses.eu\/wp-content\/uploads\/2024\/10\/Evento-RECROSSES-Assises-Azureennes-CER.jpg","contentUrl":"https:\/\/recrosses.eu\/wp-content\/uploads\/2024\/10\/Evento-RECROSSES-Assises-Azureennes-CER.jpg","width":530,"height":534},{"@type":"BreadcrumbList","@id":"https:\/\/recrosses.eu\/fr\/evenement-recrosses-communautes-denergies-renouvelables-nouvelles-perspectives\/#breadcrumb","itemListElement":[{"@type":"ListItem","position":1,"name":"Home","item":"https:\/\/recrosses.eu\/fr\/home\/"},{"@type":"ListItem","position":2,"name":"\u00c9V\u00c9NEMENT: RECROSSES aux Assises azur\u00e9ennes de la transition \u00e9nerg\u00e9tique"}]},{"@type":"WebSite","@id":"https:\/\/recrosses.eu\/fr\/#website","url":"https:\/\/recrosses.eu\/fr\/","name":"Recrosses","description":"L&#039;energia che unisce - L&#039;\u00e9nergie qui unit","potentialAction":[{"@type":"SearchAction","target":{"@type":"EntryPoint","urlTemplate":"https:\/\/recrosses.eu\/fr\/?s={search_term_string}"},"query-input":{"@type":"PropertyValueSpecification","valueRequired":true,"valueName":"search_term_string"}}],"inLanguage":"fr-FR"},{"@type":"Person","@id":"https:\/\/recrosses.eu\/fr\/#\/schema\/person\/2327e244e995abff4eaeb4f639000640","name":"Chiara Bertolin","image":{"@type":"ImageObject","inLanguage":"fr-FR","@id":"https:\/\/secure.gravatar.com\/avatar\/4789acd3dd60d7a775c67e44f6a017499f73531a758ddf33045a7e35ffafeda6?s=96&d=mm&r=g","url":"https:\/\/secure.gravatar.com\/avatar\/4789acd3dd60d7a775c67e44f6a017499f73531a758ddf33045a7e35ffafeda6?s=96&d=mm&r=g","contentUrl":"https:\/\/secure.gravatar.com\/avatar\/4789acd3dd60d7a775c67e44f6a017499f73531a758ddf33045a7e35ffafeda6?s=96&d=mm&r=g","caption":"Chiara Bertolin"},"url":"https:\/\/recrosses.eu\/fr\/author\/chiara\/"}]}},"_links":{"self":[{"href":"https:\/\/recrosses.eu\/fr\/wp-json\/wp\/v2\/posts\/929","targetHints":{"allow":["GET"]}}],"collection":[{"href":"https:\/\/recrosses.eu\/fr\/wp-json\/wp\/v2\/posts"}],"about":[{"href":"https:\/\/recrosses.eu\/fr\/wp-json\/wp\/v2\/types\/post"}],"author":[{"embeddable":true,"href":"https:\/\/recrosses.eu\/fr\/wp-json\/wp\/v2\/users\/4"}],"replies":[{"embeddable":true,"href":"https:\/\/recrosses.eu\/fr\/wp-json\/wp\/v2\/comments?post=929"}],"version-history":[{"count":3,"href":"https:\/\/recrosses.eu\/fr\/wp-json\/wp\/v2\/posts\/929\/revisions"}],"predecessor-version":[{"id":948,"href":"https:\/\/recrosses.eu\/fr\/wp-json\/wp\/v2\/posts\/929\/revisions\/948"}],"wp:featuredmedia":[{"embeddable":true,"href":"https:\/\/recrosses.eu\/fr\/wp-json\/wp\/v2\/media\/933"}],"wp:attachment":[{"href":"https:\/\/recrosses.eu\/fr\/wp-json\/wp\/v2\/media?parent=929"}],"wp:term":[{"taxonomy":"category","embeddable":true,"href":"https:\/\/recrosses.eu\/fr\/wp-json\/wp\/v2\/categories?post=929"},{"taxonomy":"post_tag","embeddable":true,"href":"https:\/\/recrosses.eu\/fr\/wp-json\/wp\/v2\/tags?post=929"}],"curies":[{"name":"wp","href":"https:\/\/api.w.org\/{rel}","templated":true}]}}