{"id":936,"date":"2024-10-08T15:29:15","date_gmt":"2024-10-08T14:29:15","guid":{"rendered":"https:\/\/recrosses.eu\/?p=936"},"modified":"2024-10-08T15:54:15","modified_gmt":"2024-10-08T14:54:15","slug":"evenement-recrosses-aux-assises-europeennes-de-la-transition-energetique-2","status":"publish","type":"post","link":"https:\/\/recrosses.eu\/fr\/evenement-recrosses-aux-assises-europeennes-de-la-transition-energetique-2\/","title":{"rendered":"\u00c9V\u00c9NEMENT: RECROSSES aux Assises europ\u00e9ennes de la transition \u00e9nerg\u00e9tique"},"content":{"rendered":"\n<p class=\"wp-block-paragraph\">Mercredi 11 septembre, l&rsquo;<a href=\"https:\/\/www.centralesvillageoises.fr\/association-centrales-villageoises\">Association des Centrales Villageoises<\/a> a eu le plaisir d&rsquo;animer, dans le cadre du projet <a href=\"https:\/\/www.linkedin.com\/company\/alcotra-recrosses\/\">RECROSSES<\/a>, un atelier aux <a href=\"https:\/\/assises-energie.org\/les-assises-europeennes-de-la-transition-energetique\/\">Assises Europ\u00e9ennes de la Transition Energ\u00e9tique<\/a>, rendez-vous annuel incontournable des acteurs engag\u00e9s dans la transition durable des territoires. <br\/><br\/>Une soixantaine de personnes ont assist\u00e9 \u00e0 l&rsquo;atelier \u00ab\u00a0<em>Des citoyens acteurs de la transition \u00e9nerg\u00e9tique gr\u00e2ce au mod\u00e8le des Centrales Villageoises<\/em>\u00ab\u00a0, en explorant le d\u00e9but et le d\u00e9veloppement des projets locaux &amp; participatifs pour la diffusion des \u00e9nergies renouvelables et la ma\u00eetrise de l&rsquo;\u00e9nergie. <br\/><br\/>Pour en savoir plus, la pr\u00e9sentation, est disponible au lien suivant: <a href=\"https:\/\/lnkd.in\/ekecqWAE\">https:\/\/lnkd.in\/ekecqWAE<\/a><br\/><\/p>\n\n<p class=\"wp-block-paragraph\"><\/p>\n","protected":false},"excerpt":{"rendered":"<p>Mercredi 11 septembre, l&rsquo;Association des Centrales Villageoises a eu le plaisir d&rsquo;animer, dans le cadre du projet RECROSSES, un atelier aux Assises Europ\u00e9ennes de la Transition Energ\u00e9tique, rendez-vous annuel incontournable des acteurs engag\u00e9s dans la transition durable des territoires. Une soixantaine de personnes ont assist\u00e9 \u00e0 l&rsquo;atelier \u00ab\u00a0Des citoyens acteurs de la transition \u00e9nerg\u00e9tique gr\u00e2ce [&hellip;]<\/p>\n","protected":false},"author":4,"featured_media":903,"comment_status":"open","ping_status":"open","sticky":false,"template":"","format":"standard","meta":{"_acf_changed":false,"footnotes":""},"categories":[26,22],"tags":[],"class_list":["post-936","post","type-post","status-publish","format-standard","has-post-thumbnail","hentry","category-evenement-fr","category-nuovelles"],"acf":[],"yoast_head":"<!-- This site is optimized with the Yoast SEO plugin v28.3 - https:\/\/yoast.com\/product\/yoast-seo-wordpress\/ -->\n<title>RECROSSES AssisesEU ACV Atelier - Recrosses<\/title>\n<meta name=\"description\" content=\"Mercredi 11 septembre, l&#039;Association des Centrales Villageoises a eu le plaisir d&#039;animer, dans le cadre du projet RECROSSES, un atelier aux Assises Europ\u00e9ennes de la Transition Energ\u00e9tique, rendez-vous annuel incontournable des acteurs engag\u00e9s dans la transition durable des territoires. Une soixantaine de personnes ont assist\u00e9 \u00e0 l&#039;atelier &quot;Des citoyens acteurs de la transition \u00e9nerg\u00e9tique gr\u00e2ce au mod\u00e8le des Centrales Villageoises&quot;, en explorant le d\u00e9but et le d\u00e9veloppement des projets locaux &amp; participatifs pour la diffusion des \u00e9nergies renouvelables et la ma\u00eetrise de l&#039;\u00e9nergie. Pour en savoir plus, la pr\u00e9sentation, est disponible au lien suivant: https:\/\/lnkd.in\/ekecqWAE\" \/>\n<meta name=\"robots\" content=\"index, follow, max-snippet:-1, max-image-preview:large, max-video-preview:-1\" \/>\n<link rel=\"canonical\" href=\"https:\/\/recrosses.eu\/fr\/evenement-recrosses-aux-assises-europeennes-de-la-transition-energetique-2\/\" \/>\n<meta property=\"og:locale\" content=\"fr_FR\" \/>\n<meta property=\"og:type\" content=\"article\" \/>\n<meta property=\"og:title\" content=\"RECROSSES AssisesEU ACV Atelier - Recrosses\" \/>\n<meta property=\"og:description\" content=\"Mercredi 11 septembre, l&#039;Association des Centrales Villageoises a eu le plaisir d&#039;animer, dans le cadre du projet RECROSSES, un atelier aux Assises Europ\u00e9ennes de la Transition Energ\u00e9tique, rendez-vous annuel incontournable des acteurs engag\u00e9s dans la transition durable des territoires. Une soixantaine de personnes ont assist\u00e9 \u00e0 l&#039;atelier &quot;Des citoyens acteurs de la transition \u00e9nerg\u00e9tique gr\u00e2ce au mod\u00e8le des Centrales Villageoises&quot;, en explorant le d\u00e9but et le d\u00e9veloppement des projets locaux &amp; participatifs pour la diffusion des \u00e9nergies renouvelables et la ma\u00eetrise de l&#039;\u00e9nergie. Pour en savoir plus, la pr\u00e9sentation, est disponible au lien suivant: https:\/\/lnkd.in\/ekecqWAE\" \/>\n<meta property=\"og:url\" content=\"https:\/\/recrosses.eu\/fr\/evenement-recrosses-aux-assises-europeennes-de-la-transition-energetique-2\/\" \/>\n<meta property=\"og:site_name\" content=\"Recrosses\" \/>\n<meta property=\"article:published_time\" content=\"2024-10-08T14:29:15+00:00\" \/>\n<meta property=\"article:modified_time\" content=\"2024-10-08T14:54:15+00:00\" \/>\n<meta property=\"og:image\" content=\"https:\/\/recrosses.eu\/wp-content\/uploads\/2024\/10\/24-10-RECROSSES-Assises-EU_Q.jpg\" \/>\n\t<meta property=\"og:image:width\" content=\"536\" \/>\n\t<meta property=\"og:image:height\" content=\"536\" \/>\n\t<meta property=\"og:image:type\" content=\"image\/jpeg\" \/>\n<meta name=\"author\" content=\"Chiara Bertolin\" \/>\n<meta name=\"twitter:card\" content=\"summary_large_image\" \/>\n<meta name=\"twitter:label1\" content=\"\u00c9crit par\" \/>\n\t<meta name=\"twitter:data1\" content=\"Chiara Bertolin\" \/>\n\t<meta name=\"twitter:label2\" content=\"Dur\u00e9e de lecture estim\u00e9e\" \/>\n\t<meta name=\"twitter:data2\" content=\"1 minute\" \/>\n<script type=\"application\/ld+json\" class=\"yoast-schema-graph\">{\"@context\":\"https:\\\/\\\/schema.org\",\"@graph\":[{\"@type\":\"Article\",\"@id\":\"https:\\\/\\\/recrosses.eu\\\/fr\\\/evenement-recrosses-aux-assises-europeennes-de-la-transition-energetique-2\\\/#article\",\"isPartOf\":{\"@id\":\"https:\\\/\\\/recrosses.eu\\\/fr\\\/evenement-recrosses-aux-assises-europeennes-de-la-transition-energetique-2\\\/\"},\"author\":{\"name\":\"Chiara Bertolin\",\"@id\":\"https:\\\/\\\/recrosses.eu\\\/fr\\\/#\\\/schema\\\/person\\\/2327e244e995abff4eaeb4f639000640\"},\"headline\":\"\u00c9V\u00c9NEMENT: RECROSSES aux Assises europ\u00e9ennes de la transition \u00e9nerg\u00e9tique\",\"datePublished\":\"2024-10-08T14:29:15+00:00\",\"dateModified\":\"2024-10-08T14:54:15+00:00\",\"mainEntityOfPage\":{\"@id\":\"https:\\\/\\\/recrosses.eu\\\/fr\\\/evenement-recrosses-aux-assises-europeennes-de-la-transition-energetique-2\\\/\"},\"wordCount\":122,\"commentCount\":0,\"image\":{\"@id\":\"https:\\\/\\\/recrosses.eu\\\/fr\\\/evenement-recrosses-aux-assises-europeennes-de-la-transition-energetique-2\\\/#primaryimage\"},\"thumbnailUrl\":\"https:\\\/\\\/recrosses.eu\\\/wp-content\\\/uploads\\\/2024\\\/10\\\/24-10-RECROSSES-Assises-EU_Q.jpg\",\"articleSection\":[\"\u00c9V\u00c9NEMENT\",\"Nuovelles\"],\"inLanguage\":\"fr-FR\",\"potentialAction\":[{\"@type\":\"CommentAction\",\"name\":\"Comment\",\"target\":[\"https:\\\/\\\/recrosses.eu\\\/fr\\\/evenement-recrosses-aux-assises-europeennes-de-la-transition-energetique-2\\\/#respond\"]}]},{\"@type\":\"WebPage\",\"@id\":\"https:\\\/\\\/recrosses.eu\\\/fr\\\/evenement-recrosses-aux-assises-europeennes-de-la-transition-energetique-2\\\/\",\"url\":\"https:\\\/\\\/recrosses.eu\\\/fr\\\/evenement-recrosses-aux-assises-europeennes-de-la-transition-energetique-2\\\/\",\"name\":\"RECROSSES AssisesEU ACV Atelier - Recrosses\",\"isPartOf\":{\"@id\":\"https:\\\/\\\/recrosses.eu\\\/fr\\\/#website\"},\"primaryImageOfPage\":{\"@id\":\"https:\\\/\\\/recrosses.eu\\\/fr\\\/evenement-recrosses-aux-assises-europeennes-de-la-transition-energetique-2\\\/#primaryimage\"},\"image\":{\"@id\":\"https:\\\/\\\/recrosses.eu\\\/fr\\\/evenement-recrosses-aux-assises-europeennes-de-la-transition-energetique-2\\\/#primaryimage\"},\"thumbnailUrl\":\"https:\\\/\\\/recrosses.eu\\\/wp-content\\\/uploads\\\/2024\\\/10\\\/24-10-RECROSSES-Assises-EU_Q.jpg\",\"datePublished\":\"2024-10-08T14:29:15+00:00\",\"dateModified\":\"2024-10-08T14:54:15+00:00\",\"author\":{\"@id\":\"https:\\\/\\\/recrosses.eu\\\/fr\\\/#\\\/schema\\\/person\\\/2327e244e995abff4eaeb4f639000640\"},\"description\":\"Mercredi 11 septembre, l'Association des Centrales Villageoises a eu le plaisir d'animer, dans le cadre du projet RECROSSES, un atelier aux Assises Europ\u00e9ennes de la Transition Energ\u00e9tique, rendez-vous annuel incontournable des acteurs engag\u00e9s dans la transition durable des territoires. Une soixantaine de personnes ont assist\u00e9 \u00e0 l'atelier \\\"Des citoyens acteurs de la transition \u00e9nerg\u00e9tique gr\u00e2ce au mod\u00e8le des Centrales Villageoises\\\", en explorant le d\u00e9but et le d\u00e9veloppement des projets locaux & participatifs pour la diffusion des \u00e9nergies renouvelables et la ma\u00eetrise de l'\u00e9nergie. Pour en savoir plus, la pr\u00e9sentation, est disponible au lien suivant: https:\\\/\\\/lnkd.in\\\/ekecqWAE\",\"breadcrumb\":{\"@id\":\"https:\\\/\\\/recrosses.eu\\\/fr\\\/evenement-recrosses-aux-assises-europeennes-de-la-transition-energetique-2\\\/#breadcrumb\"},\"inLanguage\":\"fr-FR\",\"potentialAction\":[{\"@type\":\"ReadAction\",\"target\":[\"https:\\\/\\\/recrosses.eu\\\/fr\\\/evenement-recrosses-aux-assises-europeennes-de-la-transition-energetique-2\\\/\"]}]},{\"@type\":\"ImageObject\",\"inLanguage\":\"fr-FR\",\"@id\":\"https:\\\/\\\/recrosses.eu\\\/fr\\\/evenement-recrosses-aux-assises-europeennes-de-la-transition-energetique-2\\\/#primaryimage\",\"url\":\"https:\\\/\\\/recrosses.eu\\\/wp-content\\\/uploads\\\/2024\\\/10\\\/24-10-RECROSSES-Assises-EU_Q.jpg\",\"contentUrl\":\"https:\\\/\\\/recrosses.eu\\\/wp-content\\\/uploads\\\/2024\\\/10\\\/24-10-RECROSSES-Assises-EU_Q.jpg\",\"width\":536,\"height\":536},{\"@type\":\"BreadcrumbList\",\"@id\":\"https:\\\/\\\/recrosses.eu\\\/fr\\\/evenement-recrosses-aux-assises-europeennes-de-la-transition-energetique-2\\\/#breadcrumb\",\"itemListElement\":[{\"@type\":\"ListItem\",\"position\":1,\"name\":\"Home\",\"item\":\"https:\\\/\\\/recrosses.eu\\\/fr\\\/home\\\/\"},{\"@type\":\"ListItem\",\"position\":2,\"name\":\"\u00c9V\u00c9NEMENT: RECROSSES aux Assises europ\u00e9ennes de la transition \u00e9nerg\u00e9tique\"}]},{\"@type\":\"WebSite\",\"@id\":\"https:\\\/\\\/recrosses.eu\\\/fr\\\/#website\",\"url\":\"https:\\\/\\\/recrosses.eu\\\/fr\\\/\",\"name\":\"Recrosses\",\"description\":\"L&#039;energia che unisce - L&#039;\u00e9nergie qui unit\",\"potentialAction\":[{\"@type\":\"SearchAction\",\"target\":{\"@type\":\"EntryPoint\",\"urlTemplate\":\"https:\\\/\\\/recrosses.eu\\\/fr\\\/?s={search_term_string}\"},\"query-input\":{\"@type\":\"PropertyValueSpecification\",\"valueRequired\":true,\"valueName\":\"search_term_string\"}}],\"inLanguage\":\"fr-FR\"},{\"@type\":\"Person\",\"@id\":\"https:\\\/\\\/recrosses.eu\\\/fr\\\/#\\\/schema\\\/person\\\/2327e244e995abff4eaeb4f639000640\",\"name\":\"Chiara Bertolin\",\"image\":{\"@type\":\"ImageObject\",\"inLanguage\":\"fr-FR\",\"@id\":\"https:\\\/\\\/secure.gravatar.com\\\/avatar\\\/4789acd3dd60d7a775c67e44f6a017499f73531a758ddf33045a7e35ffafeda6?s=96&d=mm&r=g\",\"url\":\"https:\\\/\\\/secure.gravatar.com\\\/avatar\\\/4789acd3dd60d7a775c67e44f6a017499f73531a758ddf33045a7e35ffafeda6?s=96&d=mm&r=g\",\"contentUrl\":\"https:\\\/\\\/secure.gravatar.com\\\/avatar\\\/4789acd3dd60d7a775c67e44f6a017499f73531a758ddf33045a7e35ffafeda6?s=96&d=mm&r=g\",\"caption\":\"Chiara Bertolin\"},\"url\":\"https:\\\/\\\/recrosses.eu\\\/fr\\\/author\\\/chiara\\\/\"}]}<\/script>\n<!-- \/ Yoast SEO plugin. -->","yoast_head_json":{"title":"RECROSSES AssisesEU ACV Atelier - Recrosses","description":"Mercredi 11 septembre, l'Association des Centrales Villageoises a eu le plaisir d'animer, dans le cadre du projet RECROSSES, un atelier aux Assises Europ\u00e9ennes de la Transition Energ\u00e9tique, rendez-vous annuel incontournable des acteurs engag\u00e9s dans la transition durable des territoires. Une soixantaine de personnes ont assist\u00e9 \u00e0 l'atelier \"Des citoyens acteurs de la transition \u00e9nerg\u00e9tique gr\u00e2ce au mod\u00e8le des Centrales Villageoises\", en explorant le d\u00e9but et le d\u00e9veloppement des projets locaux & participatifs pour la diffusion des \u00e9nergies renouvelables et la ma\u00eetrise de l'\u00e9nergie. Pour en savoir plus, la pr\u00e9sentation, est disponible au lien suivant: https:\/\/lnkd.in\/ekecqWAE","robots":{"index":"index","follow":"follow","max-snippet":"max-snippet:-1","max-image-preview":"max-image-preview:large","max-video-preview":"max-video-preview:-1"},"canonical":"https:\/\/recrosses.eu\/fr\/evenement-recrosses-aux-assises-europeennes-de-la-transition-energetique-2\/","og_locale":"fr_FR","og_type":"article","og_title":"RECROSSES AssisesEU ACV Atelier - Recrosses","og_description":"Mercredi 11 septembre, l'Association des Centrales Villageoises a eu le plaisir d'animer, dans le cadre du projet RECROSSES, un atelier aux Assises Europ\u00e9ennes de la Transition Energ\u00e9tique, rendez-vous annuel incontournable des acteurs engag\u00e9s dans la transition durable des territoires. Une soixantaine de personnes ont assist\u00e9 \u00e0 l'atelier \"Des citoyens acteurs de la transition \u00e9nerg\u00e9tique gr\u00e2ce au mod\u00e8le des Centrales Villageoises\", en explorant le d\u00e9but et le d\u00e9veloppement des projets locaux & participatifs pour la diffusion des \u00e9nergies renouvelables et la ma\u00eetrise de l'\u00e9nergie. Pour en savoir plus, la pr\u00e9sentation, est disponible au lien suivant: https:\/\/lnkd.in\/ekecqWAE","og_url":"https:\/\/recrosses.eu\/fr\/evenement-recrosses-aux-assises-europeennes-de-la-transition-energetique-2\/","og_site_name":"Recrosses","article_published_time":"2024-10-08T14:29:15+00:00","article_modified_time":"2024-10-08T14:54:15+00:00","og_image":[{"width":536,"height":536,"url":"https:\/\/recrosses.eu\/wp-content\/uploads\/2024\/10\/24-10-RECROSSES-Assises-EU_Q.jpg","type":"image\/jpeg"}],"author":"Chiara Bertolin","twitter_card":"summary_large_image","twitter_misc":{"\u00c9crit par":"Chiara Bertolin","Dur\u00e9e de lecture estim\u00e9e":"1 minute"},"schema":{"@context":"https:\/\/schema.org","@graph":[{"@type":"Article","@id":"https:\/\/recrosses.eu\/fr\/evenement-recrosses-aux-assises-europeennes-de-la-transition-energetique-2\/#article","isPartOf":{"@id":"https:\/\/recrosses.eu\/fr\/evenement-recrosses-aux-assises-europeennes-de-la-transition-energetique-2\/"},"author":{"name":"Chiara Bertolin","@id":"https:\/\/recrosses.eu\/fr\/#\/schema\/person\/2327e244e995abff4eaeb4f639000640"},"headline":"\u00c9V\u00c9NEMENT: RECROSSES aux Assises europ\u00e9ennes de la transition \u00e9nerg\u00e9tique","datePublished":"2024-10-08T14:29:15+00:00","dateModified":"2024-10-08T14:54:15+00:00","mainEntityOfPage":{"@id":"https:\/\/recrosses.eu\/fr\/evenement-recrosses-aux-assises-europeennes-de-la-transition-energetique-2\/"},"wordCount":122,"commentCount":0,"image":{"@id":"https:\/\/recrosses.eu\/fr\/evenement-recrosses-aux-assises-europeennes-de-la-transition-energetique-2\/#primaryimage"},"thumbnailUrl":"https:\/\/recrosses.eu\/wp-content\/uploads\/2024\/10\/24-10-RECROSSES-Assises-EU_Q.jpg","articleSection":["\u00c9V\u00c9NEMENT","Nuovelles"],"inLanguage":"fr-FR","potentialAction":[{"@type":"CommentAction","name":"Comment","target":["https:\/\/recrosses.eu\/fr\/evenement-recrosses-aux-assises-europeennes-de-la-transition-energetique-2\/#respond"]}]},{"@type":"WebPage","@id":"https:\/\/recrosses.eu\/fr\/evenement-recrosses-aux-assises-europeennes-de-la-transition-energetique-2\/","url":"https:\/\/recrosses.eu\/fr\/evenement-recrosses-aux-assises-europeennes-de-la-transition-energetique-2\/","name":"RECROSSES AssisesEU ACV Atelier - Recrosses","isPartOf":{"@id":"https:\/\/recrosses.eu\/fr\/#website"},"primaryImageOfPage":{"@id":"https:\/\/recrosses.eu\/fr\/evenement-recrosses-aux-assises-europeennes-de-la-transition-energetique-2\/#primaryimage"},"image":{"@id":"https:\/\/recrosses.eu\/fr\/evenement-recrosses-aux-assises-europeennes-de-la-transition-energetique-2\/#primaryimage"},"thumbnailUrl":"https:\/\/recrosses.eu\/wp-content\/uploads\/2024\/10\/24-10-RECROSSES-Assises-EU_Q.jpg","datePublished":"2024-10-08T14:29:15+00:00","dateModified":"2024-10-08T14:54:15+00:00","author":{"@id":"https:\/\/recrosses.eu\/fr\/#\/schema\/person\/2327e244e995abff4eaeb4f639000640"},"description":"Mercredi 11 septembre, l'Association des Centrales Villageoises a eu le plaisir d'animer, dans le cadre du projet RECROSSES, un atelier aux Assises Europ\u00e9ennes de la Transition Energ\u00e9tique, rendez-vous annuel incontournable des acteurs engag\u00e9s dans la transition durable des territoires. Une soixantaine de personnes ont assist\u00e9 \u00e0 l'atelier \"Des citoyens acteurs de la transition \u00e9nerg\u00e9tique gr\u00e2ce au mod\u00e8le des Centrales Villageoises\", en explorant le d\u00e9but et le d\u00e9veloppement des projets locaux & participatifs pour la diffusion des \u00e9nergies renouvelables et la ma\u00eetrise de l'\u00e9nergie. Pour en savoir plus, la pr\u00e9sentation, est disponible au lien suivant: https:\/\/lnkd.in\/ekecqWAE","breadcrumb":{"@id":"https:\/\/recrosses.eu\/fr\/evenement-recrosses-aux-assises-europeennes-de-la-transition-energetique-2\/#breadcrumb"},"inLanguage":"fr-FR","potentialAction":[{"@type":"ReadAction","target":["https:\/\/recrosses.eu\/fr\/evenement-recrosses-aux-assises-europeennes-de-la-transition-energetique-2\/"]}]},{"@type":"ImageObject","inLanguage":"fr-FR","@id":"https:\/\/recrosses.eu\/fr\/evenement-recrosses-aux-assises-europeennes-de-la-transition-energetique-2\/#primaryimage","url":"https:\/\/recrosses.eu\/wp-content\/uploads\/2024\/10\/24-10-RECROSSES-Assises-EU_Q.jpg","contentUrl":"https:\/\/recrosses.eu\/wp-content\/uploads\/2024\/10\/24-10-RECROSSES-Assises-EU_Q.jpg","width":536,"height":536},{"@type":"BreadcrumbList","@id":"https:\/\/recrosses.eu\/fr\/evenement-recrosses-aux-assises-europeennes-de-la-transition-energetique-2\/#breadcrumb","itemListElement":[{"@type":"ListItem","position":1,"name":"Home","item":"https:\/\/recrosses.eu\/fr\/home\/"},{"@type":"ListItem","position":2,"name":"\u00c9V\u00c9NEMENT: RECROSSES aux Assises europ\u00e9ennes de la transition \u00e9nerg\u00e9tique"}]},{"@type":"WebSite","@id":"https:\/\/recrosses.eu\/fr\/#website","url":"https:\/\/recrosses.eu\/fr\/","name":"Recrosses","description":"L&#039;energia che unisce - L&#039;\u00e9nergie qui unit","potentialAction":[{"@type":"SearchAction","target":{"@type":"EntryPoint","urlTemplate":"https:\/\/recrosses.eu\/fr\/?s={search_term_string}"},"query-input":{"@type":"PropertyValueSpecification","valueRequired":true,"valueName":"search_term_string"}}],"inLanguage":"fr-FR"},{"@type":"Person","@id":"https:\/\/recrosses.eu\/fr\/#\/schema\/person\/2327e244e995abff4eaeb4f639000640","name":"Chiara Bertolin","image":{"@type":"ImageObject","inLanguage":"fr-FR","@id":"https:\/\/secure.gravatar.com\/avatar\/4789acd3dd60d7a775c67e44f6a017499f73531a758ddf33045a7e35ffafeda6?s=96&d=mm&r=g","url":"https:\/\/secure.gravatar.com\/avatar\/4789acd3dd60d7a775c67e44f6a017499f73531a758ddf33045a7e35ffafeda6?s=96&d=mm&r=g","contentUrl":"https:\/\/secure.gravatar.com\/avatar\/4789acd3dd60d7a775c67e44f6a017499f73531a758ddf33045a7e35ffafeda6?s=96&d=mm&r=g","caption":"Chiara Bertolin"},"url":"https:\/\/recrosses.eu\/fr\/author\/chiara\/"}]}},"_links":{"self":[{"href":"https:\/\/recrosses.eu\/fr\/wp-json\/wp\/v2\/posts\/936","targetHints":{"allow":["GET"]}}],"collection":[{"href":"https:\/\/recrosses.eu\/fr\/wp-json\/wp\/v2\/posts"}],"about":[{"href":"https:\/\/recrosses.eu\/fr\/wp-json\/wp\/v2\/types\/post"}],"author":[{"embeddable":true,"href":"https:\/\/recrosses.eu\/fr\/wp-json\/wp\/v2\/users\/4"}],"replies":[{"embeddable":true,"href":"https:\/\/recrosses.eu\/fr\/wp-json\/wp\/v2\/comments?post=936"}],"version-history":[{"count":1,"href":"https:\/\/recrosses.eu\/fr\/wp-json\/wp\/v2\/posts\/936\/revisions"}],"predecessor-version":[{"id":937,"href":"https:\/\/recrosses.eu\/fr\/wp-json\/wp\/v2\/posts\/936\/revisions\/937"}],"wp:featuredmedia":[{"embeddable":true,"href":"https:\/\/recrosses.eu\/fr\/wp-json\/wp\/v2\/media\/903"}],"wp:attachment":[{"href":"https:\/\/recrosses.eu\/fr\/wp-json\/wp\/v2\/media?parent=936"}],"wp:term":[{"taxonomy":"category","embeddable":true,"href":"https:\/\/recrosses.eu\/fr\/wp-json\/wp\/v2\/categories?post=936"},{"taxonomy":"post_tag","embeddable":true,"href":"https:\/\/recrosses.eu\/fr\/wp-json\/wp\/v2\/tags?post=936"}],"curies":[{"name":"wp","href":"https:\/\/api.w.org\/{rel}","templated":true}]}}