{"id":963,"date":"2024-10-16T15:09:21","date_gmt":"2024-10-16T14:09:21","guid":{"rendered":"https:\/\/recrosses.eu\/evenement-afterwork-sur-utilisation-et-opportunites-du-photovoltaique\/"},"modified":"2024-10-16T15:40:22","modified_gmt":"2024-10-16T14:40:22","slug":"evenement-afterwork-sur-utilisation-et-opportunites-du-photovoltaique","status":"publish","type":"post","link":"https:\/\/recrosses.eu\/fr\/evenement-afterwork-sur-utilisation-et-opportunites-du-photovoltaique\/","title":{"rendered":"EVENEMENT: Afterwork sur utilisation et opportunit\u00e9s du photovolta\u00efque"},"content":{"rendered":"\n<p class=\"wp-block-paragraph\">Le 3 septembre 2024, la <a href=\"https:\/\/www.cote-azur.cci.fr\/\">CCI NCA<\/a> a organis\u00e9 dans les Alpes-Maritimes un Afterwork sur les et les opportunit\u00e9s du photovolta\u00efque dans le cadre des projets <a href=\"https:\/\/recrosses.eu\/fr\/\">RECROSSES<\/a> et SMART des programmes <a href=\"https:\/\/www.linkedin.com\/company\/interreg-france-italia-alcotra\/\">Interreg France-Italie ALCOTRA<\/a> et <a href=\"https:\/\/cinea.ec.europa.eu\/programmes\/life_en?prefLang=fr\">LIFE<\/a>, dans le but de sensibiliser les entreprises de la Commune de Saint Vallier de Thiey concernant les b\u00e9n\u00e9fices du photovolta\u00efque pour les entreprises, les opportunit\u00e9s li\u00e9es \u00e0 chacune des configurations analys\u00e9es et r\u00e9pondre aux questions des participants dans un moment d&rsquo;\u00e9change convivial.<\/p>\n\n<div class=\"wp-block-buttons is-content-justification-center is-layout-flex wp-container-core-buttons-is-layout-3e41869c wp-block-buttons-is-layout-flex\">\n<div class=\"wp-block-button\"><a class=\"wp-block-button__link has-text-align-center wp-element-button\" href=\"https:\/\/recrosses.eu\/fr\/evenement-fr\/afterwork-usages-et-opportunites-du-photovoltaique\/\">Cliquez ici pour plus d&rsquo;informations sur l&rsquo;\u00e9v\u00e9nement<\/a><\/div>\n<\/div>\n\n<p class=\"wp-block-paragraph\"><\/p>\n","protected":false},"excerpt":{"rendered":"<p>Le 3 septembre 2024, la CCI NCA a organis\u00e9 dans les Alpes-Maritimes un Afterwork sur les et les opportunit\u00e9s du photovolta\u00efque dans le cadre des projets RECROSSES et SMART des programmes Interreg France-Italie ALCOTRA et LIFE, dans le but de sensibiliser les entreprises de la Commune de Saint Vallier de Thiey concernant les b\u00e9n\u00e9fices du [&hellip;]<\/p>\n","protected":false},"author":4,"featured_media":952,"comment_status":"open","ping_status":"open","sticky":false,"template":"","format":"standard","meta":{"_acf_changed":false,"footnotes":""},"categories":[26,6],"tags":[],"class_list":["post-963","post","type-post","status-publish","format-standard","has-post-thumbnail","hentry","category-evenement-fr","category-non-classifiee"],"acf":[],"yoast_head":"<!-- This site is optimized with the Yoast SEO plugin v28.3 - https:\/\/yoast.com\/product\/yoast-seo-wordpress\/ -->\n<title>EVENEMENT: Afterwork sur utilisation et opportunit\u00e9s du photovolta\u00efque - Recrosses<\/title>\n<meta name=\"description\" content=\"Le 3 septembre 2024, la CCI NCA a organis\u00e9 un Afterwork dans les Alpes-Maritimes sur les usages et opportunit\u00e9s du photovolta\u00efque dans le cadre des projets RECROSSES et SMART des programmes Interreg France-Italie ALCOTRA et LIFE, dans le but de sensibiliser les entreprises du la Commune de Saint Vallier de Thiey concernant les b\u00e9n\u00e9fices du photovolta\u00efque pour les entreprises, les opportunit\u00e9s li\u00e9es \u00e0 chacune des configurations analys\u00e9es et r\u00e9pondre aux questions des participants dans un moment d&#039;\u00e9change convivial. Pour plus d\u2019informations sur l\u2019\u00e9v\u00e9nement, consultez la page d\u00e9di\u00e9e sur : https:\/\/recrosses.eu\/fr\/evento\/afterwork-usages-et-opportunites-du-photovoltaique\/\" \/>\n<meta name=\"robots\" content=\"index, follow, max-snippet:-1, max-image-preview:large, max-video-preview:-1\" \/>\n<link rel=\"canonical\" href=\"https:\/\/recrosses.eu\/fr\/evenement-afterwork-sur-utilisation-et-opportunites-du-photovoltaique\/\" \/>\n<meta property=\"og:locale\" content=\"fr_FR\" \/>\n<meta property=\"og:type\" content=\"article\" \/>\n<meta property=\"og:title\" content=\"EVENEMENT: Afterwork sur utilisation et opportunit\u00e9s du photovolta\u00efque - Recrosses\" \/>\n<meta property=\"og:description\" content=\"Le 3 septembre 2024, la CCI NCA a organis\u00e9 un Afterwork dans les Alpes-Maritimes sur les usages et opportunit\u00e9s du photovolta\u00efque dans le cadre des projets RECROSSES et SMART des programmes Interreg France-Italie ALCOTRA et LIFE, dans le but de sensibiliser les entreprises du la Commune de Saint Vallier de Thiey concernant les b\u00e9n\u00e9fices du photovolta\u00efque pour les entreprises, les opportunit\u00e9s li\u00e9es \u00e0 chacune des configurations analys\u00e9es et r\u00e9pondre aux questions des participants dans un moment d&#039;\u00e9change convivial. Pour plus d\u2019informations sur l\u2019\u00e9v\u00e9nement, consultez la page d\u00e9di\u00e9e sur : https:\/\/recrosses.eu\/fr\/evento\/afterwork-usages-et-opportunites-du-photovoltaique\/\" \/>\n<meta property=\"og:url\" content=\"https:\/\/recrosses.eu\/fr\/evenement-afterwork-sur-utilisation-et-opportunites-du-photovoltaique\/\" \/>\n<meta property=\"og:site_name\" content=\"Recrosses\" \/>\n<meta property=\"article:published_time\" content=\"2024-10-16T14:09:21+00:00\" \/>\n<meta property=\"article:modified_time\" content=\"2024-10-16T14:40:22+00:00\" \/>\n<meta property=\"og:image\" content=\"https:\/\/recrosses.eu\/wp-content\/uploads\/2024\/10\/Afterwork_web.jpg\" \/>\n\t<meta property=\"og:image:width\" content=\"1258\" \/>\n\t<meta property=\"og:image:height\" content=\"952\" \/>\n\t<meta property=\"og:image:type\" content=\"image\/jpeg\" \/>\n<meta name=\"author\" content=\"Chiara Bertolin\" \/>\n<meta name=\"twitter:card\" content=\"summary_large_image\" \/>\n<meta name=\"twitter:label1\" content=\"\u00c9crit par\" \/>\n\t<meta name=\"twitter:data1\" content=\"Chiara Bertolin\" \/>\n<script type=\"application\/ld+json\" class=\"yoast-schema-graph\">{\"@context\":\"https:\\\/\\\/schema.org\",\"@graph\":[{\"@type\":\"Article\",\"@id\":\"https:\\\/\\\/recrosses.eu\\\/fr\\\/evenement-afterwork-sur-utilisation-et-opportunites-du-photovoltaique\\\/#article\",\"isPartOf\":{\"@id\":\"https:\\\/\\\/recrosses.eu\\\/fr\\\/evenement-afterwork-sur-utilisation-et-opportunites-du-photovoltaique\\\/\"},\"author\":{\"name\":\"Chiara Bertolin\",\"@id\":\"https:\\\/\\\/recrosses.eu\\\/fr\\\/#\\\/schema\\\/person\\\/2327e244e995abff4eaeb4f639000640\"},\"headline\":\"EVENEMENT: Afterwork sur utilisation et opportunit\u00e9s du photovolta\u00efque\",\"datePublished\":\"2024-10-16T14:09:21+00:00\",\"dateModified\":\"2024-10-16T14:40:22+00:00\",\"mainEntityOfPage\":{\"@id\":\"https:\\\/\\\/recrosses.eu\\\/fr\\\/evenement-afterwork-sur-utilisation-et-opportunites-du-photovoltaique\\\/\"},\"wordCount\":105,\"commentCount\":0,\"image\":{\"@id\":\"https:\\\/\\\/recrosses.eu\\\/fr\\\/evenement-afterwork-sur-utilisation-et-opportunites-du-photovoltaique\\\/#primaryimage\"},\"thumbnailUrl\":\"https:\\\/\\\/recrosses.eu\\\/wp-content\\\/uploads\\\/2024\\\/10\\\/Afterwork_web.jpg\",\"articleSection\":[\"\u00c9V\u00c9NEMENT\",\"Non classifi\u00e9(e)\"],\"inLanguage\":\"fr-FR\",\"potentialAction\":[{\"@type\":\"CommentAction\",\"name\":\"Comment\",\"target\":[\"https:\\\/\\\/recrosses.eu\\\/fr\\\/evenement-afterwork-sur-utilisation-et-opportunites-du-photovoltaique\\\/#respond\"]}]},{\"@type\":\"WebPage\",\"@id\":\"https:\\\/\\\/recrosses.eu\\\/fr\\\/evenement-afterwork-sur-utilisation-et-opportunites-du-photovoltaique\\\/\",\"url\":\"https:\\\/\\\/recrosses.eu\\\/fr\\\/evenement-afterwork-sur-utilisation-et-opportunites-du-photovoltaique\\\/\",\"name\":\"EVENEMENT: Afterwork sur utilisation et opportunit\u00e9s du photovolta\u00efque - Recrosses\",\"isPartOf\":{\"@id\":\"https:\\\/\\\/recrosses.eu\\\/fr\\\/#website\"},\"primaryImageOfPage\":{\"@id\":\"https:\\\/\\\/recrosses.eu\\\/fr\\\/evenement-afterwork-sur-utilisation-et-opportunites-du-photovoltaique\\\/#primaryimage\"},\"image\":{\"@id\":\"https:\\\/\\\/recrosses.eu\\\/fr\\\/evenement-afterwork-sur-utilisation-et-opportunites-du-photovoltaique\\\/#primaryimage\"},\"thumbnailUrl\":\"https:\\\/\\\/recrosses.eu\\\/wp-content\\\/uploads\\\/2024\\\/10\\\/Afterwork_web.jpg\",\"datePublished\":\"2024-10-16T14:09:21+00:00\",\"dateModified\":\"2024-10-16T14:40:22+00:00\",\"author\":{\"@id\":\"https:\\\/\\\/recrosses.eu\\\/fr\\\/#\\\/schema\\\/person\\\/2327e244e995abff4eaeb4f639000640\"},\"description\":\"Le 3 septembre 2024, la CCI NCA a organis\u00e9 un Afterwork dans les Alpes-Maritimes sur les usages et opportunit\u00e9s du photovolta\u00efque dans le cadre des projets RECROSSES et SMART des programmes Interreg France-Italie ALCOTRA et LIFE, dans le but de sensibiliser les entreprises du la Commune de Saint Vallier de Thiey concernant les b\u00e9n\u00e9fices du photovolta\u00efque pour les entreprises, les opportunit\u00e9s li\u00e9es \u00e0 chacune des configurations analys\u00e9es et r\u00e9pondre aux questions des participants dans un moment d'\u00e9change convivial. Pour plus d\u2019informations sur l\u2019\u00e9v\u00e9nement, consultez la page d\u00e9di\u00e9e sur : https:\\\/\\\/recrosses.eu\\\/fr\\\/evento\\\/afterwork-usages-et-opportunites-du-photovoltaique\\\/\",\"breadcrumb\":{\"@id\":\"https:\\\/\\\/recrosses.eu\\\/fr\\\/evenement-afterwork-sur-utilisation-et-opportunites-du-photovoltaique\\\/#breadcrumb\"},\"inLanguage\":\"fr-FR\",\"potentialAction\":[{\"@type\":\"ReadAction\",\"target\":[\"https:\\\/\\\/recrosses.eu\\\/fr\\\/evenement-afterwork-sur-utilisation-et-opportunites-du-photovoltaique\\\/\"]}]},{\"@type\":\"ImageObject\",\"inLanguage\":\"fr-FR\",\"@id\":\"https:\\\/\\\/recrosses.eu\\\/fr\\\/evenement-afterwork-sur-utilisation-et-opportunites-du-photovoltaique\\\/#primaryimage\",\"url\":\"https:\\\/\\\/recrosses.eu\\\/wp-content\\\/uploads\\\/2024\\\/10\\\/Afterwork_web.jpg\",\"contentUrl\":\"https:\\\/\\\/recrosses.eu\\\/wp-content\\\/uploads\\\/2024\\\/10\\\/Afterwork_web.jpg\",\"width\":1258,\"height\":952,\"caption\":\"Afterwork RECROSSES\"},{\"@type\":\"BreadcrumbList\",\"@id\":\"https:\\\/\\\/recrosses.eu\\\/fr\\\/evenement-afterwork-sur-utilisation-et-opportunites-du-photovoltaique\\\/#breadcrumb\",\"itemListElement\":[{\"@type\":\"ListItem\",\"position\":1,\"name\":\"Home\",\"item\":\"https:\\\/\\\/recrosses.eu\\\/fr\\\/home\\\/\"},{\"@type\":\"ListItem\",\"position\":2,\"name\":\"EVENEMENT: Afterwork sur utilisation et opportunit\u00e9s du photovolta\u00efque\"}]},{\"@type\":\"WebSite\",\"@id\":\"https:\\\/\\\/recrosses.eu\\\/fr\\\/#website\",\"url\":\"https:\\\/\\\/recrosses.eu\\\/fr\\\/\",\"name\":\"Recrosses\",\"description\":\"L&#039;energia che unisce - L&#039;\u00e9nergie qui unit\",\"potentialAction\":[{\"@type\":\"SearchAction\",\"target\":{\"@type\":\"EntryPoint\",\"urlTemplate\":\"https:\\\/\\\/recrosses.eu\\\/fr\\\/?s={search_term_string}\"},\"query-input\":{\"@type\":\"PropertyValueSpecification\",\"valueRequired\":true,\"valueName\":\"search_term_string\"}}],\"inLanguage\":\"fr-FR\"},{\"@type\":\"Person\",\"@id\":\"https:\\\/\\\/recrosses.eu\\\/fr\\\/#\\\/schema\\\/person\\\/2327e244e995abff4eaeb4f639000640\",\"name\":\"Chiara Bertolin\",\"image\":{\"@type\":\"ImageObject\",\"inLanguage\":\"fr-FR\",\"@id\":\"https:\\\/\\\/secure.gravatar.com\\\/avatar\\\/4789acd3dd60d7a775c67e44f6a017499f73531a758ddf33045a7e35ffafeda6?s=96&d=mm&r=g\",\"url\":\"https:\\\/\\\/secure.gravatar.com\\\/avatar\\\/4789acd3dd60d7a775c67e44f6a017499f73531a758ddf33045a7e35ffafeda6?s=96&d=mm&r=g\",\"contentUrl\":\"https:\\\/\\\/secure.gravatar.com\\\/avatar\\\/4789acd3dd60d7a775c67e44f6a017499f73531a758ddf33045a7e35ffafeda6?s=96&d=mm&r=g\",\"caption\":\"Chiara Bertolin\"},\"url\":\"https:\\\/\\\/recrosses.eu\\\/fr\\\/author\\\/chiara\\\/\"}]}<\/script>\n<!-- \/ Yoast SEO plugin. -->","yoast_head_json":{"title":"EVENEMENT: Afterwork sur utilisation et opportunit\u00e9s du photovolta\u00efque - Recrosses","description":"Le 3 septembre 2024, la CCI NCA a organis\u00e9 un Afterwork dans les Alpes-Maritimes sur les usages et opportunit\u00e9s du photovolta\u00efque dans le cadre des projets RECROSSES et SMART des programmes Interreg France-Italie ALCOTRA et LIFE, dans le but de sensibiliser les entreprises du la Commune de Saint Vallier de Thiey concernant les b\u00e9n\u00e9fices du photovolta\u00efque pour les entreprises, les opportunit\u00e9s li\u00e9es \u00e0 chacune des configurations analys\u00e9es et r\u00e9pondre aux questions des participants dans un moment d'\u00e9change convivial. Pour plus d\u2019informations sur l\u2019\u00e9v\u00e9nement, consultez la page d\u00e9di\u00e9e sur : https:\/\/recrosses.eu\/fr\/evento\/afterwork-usages-et-opportunites-du-photovoltaique\/","robots":{"index":"index","follow":"follow","max-snippet":"max-snippet:-1","max-image-preview":"max-image-preview:large","max-video-preview":"max-video-preview:-1"},"canonical":"https:\/\/recrosses.eu\/fr\/evenement-afterwork-sur-utilisation-et-opportunites-du-photovoltaique\/","og_locale":"fr_FR","og_type":"article","og_title":"EVENEMENT: Afterwork sur utilisation et opportunit\u00e9s du photovolta\u00efque - Recrosses","og_description":"Le 3 septembre 2024, la CCI NCA a organis\u00e9 un Afterwork dans les Alpes-Maritimes sur les usages et opportunit\u00e9s du photovolta\u00efque dans le cadre des projets RECROSSES et SMART des programmes Interreg France-Italie ALCOTRA et LIFE, dans le but de sensibiliser les entreprises du la Commune de Saint Vallier de Thiey concernant les b\u00e9n\u00e9fices du photovolta\u00efque pour les entreprises, les opportunit\u00e9s li\u00e9es \u00e0 chacune des configurations analys\u00e9es et r\u00e9pondre aux questions des participants dans un moment d'\u00e9change convivial. Pour plus d\u2019informations sur l\u2019\u00e9v\u00e9nement, consultez la page d\u00e9di\u00e9e sur : https:\/\/recrosses.eu\/fr\/evento\/afterwork-usages-et-opportunites-du-photovoltaique\/","og_url":"https:\/\/recrosses.eu\/fr\/evenement-afterwork-sur-utilisation-et-opportunites-du-photovoltaique\/","og_site_name":"Recrosses","article_published_time":"2024-10-16T14:09:21+00:00","article_modified_time":"2024-10-16T14:40:22+00:00","og_image":[{"width":1258,"height":952,"url":"https:\/\/recrosses.eu\/wp-content\/uploads\/2024\/10\/Afterwork_web.jpg","type":"image\/jpeg"}],"author":"Chiara Bertolin","twitter_card":"summary_large_image","twitter_misc":{"\u00c9crit par":"Chiara Bertolin"},"schema":{"@context":"https:\/\/schema.org","@graph":[{"@type":"Article","@id":"https:\/\/recrosses.eu\/fr\/evenement-afterwork-sur-utilisation-et-opportunites-du-photovoltaique\/#article","isPartOf":{"@id":"https:\/\/recrosses.eu\/fr\/evenement-afterwork-sur-utilisation-et-opportunites-du-photovoltaique\/"},"author":{"name":"Chiara Bertolin","@id":"https:\/\/recrosses.eu\/fr\/#\/schema\/person\/2327e244e995abff4eaeb4f639000640"},"headline":"EVENEMENT: Afterwork sur utilisation et opportunit\u00e9s du photovolta\u00efque","datePublished":"2024-10-16T14:09:21+00:00","dateModified":"2024-10-16T14:40:22+00:00","mainEntityOfPage":{"@id":"https:\/\/recrosses.eu\/fr\/evenement-afterwork-sur-utilisation-et-opportunites-du-photovoltaique\/"},"wordCount":105,"commentCount":0,"image":{"@id":"https:\/\/recrosses.eu\/fr\/evenement-afterwork-sur-utilisation-et-opportunites-du-photovoltaique\/#primaryimage"},"thumbnailUrl":"https:\/\/recrosses.eu\/wp-content\/uploads\/2024\/10\/Afterwork_web.jpg","articleSection":["\u00c9V\u00c9NEMENT","Non classifi\u00e9(e)"],"inLanguage":"fr-FR","potentialAction":[{"@type":"CommentAction","name":"Comment","target":["https:\/\/recrosses.eu\/fr\/evenement-afterwork-sur-utilisation-et-opportunites-du-photovoltaique\/#respond"]}]},{"@type":"WebPage","@id":"https:\/\/recrosses.eu\/fr\/evenement-afterwork-sur-utilisation-et-opportunites-du-photovoltaique\/","url":"https:\/\/recrosses.eu\/fr\/evenement-afterwork-sur-utilisation-et-opportunites-du-photovoltaique\/","name":"EVENEMENT: Afterwork sur utilisation et opportunit\u00e9s du photovolta\u00efque - Recrosses","isPartOf":{"@id":"https:\/\/recrosses.eu\/fr\/#website"},"primaryImageOfPage":{"@id":"https:\/\/recrosses.eu\/fr\/evenement-afterwork-sur-utilisation-et-opportunites-du-photovoltaique\/#primaryimage"},"image":{"@id":"https:\/\/recrosses.eu\/fr\/evenement-afterwork-sur-utilisation-et-opportunites-du-photovoltaique\/#primaryimage"},"thumbnailUrl":"https:\/\/recrosses.eu\/wp-content\/uploads\/2024\/10\/Afterwork_web.jpg","datePublished":"2024-10-16T14:09:21+00:00","dateModified":"2024-10-16T14:40:22+00:00","author":{"@id":"https:\/\/recrosses.eu\/fr\/#\/schema\/person\/2327e244e995abff4eaeb4f639000640"},"description":"Le 3 septembre 2024, la CCI NCA a organis\u00e9 un Afterwork dans les Alpes-Maritimes sur les usages et opportunit\u00e9s du photovolta\u00efque dans le cadre des projets RECROSSES et SMART des programmes Interreg France-Italie ALCOTRA et LIFE, dans le but de sensibiliser les entreprises du la Commune de Saint Vallier de Thiey concernant les b\u00e9n\u00e9fices du photovolta\u00efque pour les entreprises, les opportunit\u00e9s li\u00e9es \u00e0 chacune des configurations analys\u00e9es et r\u00e9pondre aux questions des participants dans un moment d'\u00e9change convivial. Pour plus d\u2019informations sur l\u2019\u00e9v\u00e9nement, consultez la page d\u00e9di\u00e9e sur : https:\/\/recrosses.eu\/fr\/evento\/afterwork-usages-et-opportunites-du-photovoltaique\/","breadcrumb":{"@id":"https:\/\/recrosses.eu\/fr\/evenement-afterwork-sur-utilisation-et-opportunites-du-photovoltaique\/#breadcrumb"},"inLanguage":"fr-FR","potentialAction":[{"@type":"ReadAction","target":["https:\/\/recrosses.eu\/fr\/evenement-afterwork-sur-utilisation-et-opportunites-du-photovoltaique\/"]}]},{"@type":"ImageObject","inLanguage":"fr-FR","@id":"https:\/\/recrosses.eu\/fr\/evenement-afterwork-sur-utilisation-et-opportunites-du-photovoltaique\/#primaryimage","url":"https:\/\/recrosses.eu\/wp-content\/uploads\/2024\/10\/Afterwork_web.jpg","contentUrl":"https:\/\/recrosses.eu\/wp-content\/uploads\/2024\/10\/Afterwork_web.jpg","width":1258,"height":952,"caption":"Afterwork RECROSSES"},{"@type":"BreadcrumbList","@id":"https:\/\/recrosses.eu\/fr\/evenement-afterwork-sur-utilisation-et-opportunites-du-photovoltaique\/#breadcrumb","itemListElement":[{"@type":"ListItem","position":1,"name":"Home","item":"https:\/\/recrosses.eu\/fr\/home\/"},{"@type":"ListItem","position":2,"name":"EVENEMENT: Afterwork sur utilisation et opportunit\u00e9s du photovolta\u00efque"}]},{"@type":"WebSite","@id":"https:\/\/recrosses.eu\/fr\/#website","url":"https:\/\/recrosses.eu\/fr\/","name":"Recrosses","description":"L&#039;energia che unisce - L&#039;\u00e9nergie qui unit","potentialAction":[{"@type":"SearchAction","target":{"@type":"EntryPoint","urlTemplate":"https:\/\/recrosses.eu\/fr\/?s={search_term_string}"},"query-input":{"@type":"PropertyValueSpecification","valueRequired":true,"valueName":"search_term_string"}}],"inLanguage":"fr-FR"},{"@type":"Person","@id":"https:\/\/recrosses.eu\/fr\/#\/schema\/person\/2327e244e995abff4eaeb4f639000640","name":"Chiara Bertolin","image":{"@type":"ImageObject","inLanguage":"fr-FR","@id":"https:\/\/secure.gravatar.com\/avatar\/4789acd3dd60d7a775c67e44f6a017499f73531a758ddf33045a7e35ffafeda6?s=96&d=mm&r=g","url":"https:\/\/secure.gravatar.com\/avatar\/4789acd3dd60d7a775c67e44f6a017499f73531a758ddf33045a7e35ffafeda6?s=96&d=mm&r=g","contentUrl":"https:\/\/secure.gravatar.com\/avatar\/4789acd3dd60d7a775c67e44f6a017499f73531a758ddf33045a7e35ffafeda6?s=96&d=mm&r=g","caption":"Chiara Bertolin"},"url":"https:\/\/recrosses.eu\/fr\/author\/chiara\/"}]}},"_links":{"self":[{"href":"https:\/\/recrosses.eu\/fr\/wp-json\/wp\/v2\/posts\/963","targetHints":{"allow":["GET"]}}],"collection":[{"href":"https:\/\/recrosses.eu\/fr\/wp-json\/wp\/v2\/posts"}],"about":[{"href":"https:\/\/recrosses.eu\/fr\/wp-json\/wp\/v2\/types\/post"}],"author":[{"embeddable":true,"href":"https:\/\/recrosses.eu\/fr\/wp-json\/wp\/v2\/users\/4"}],"replies":[{"embeddable":true,"href":"https:\/\/recrosses.eu\/fr\/wp-json\/wp\/v2\/comments?post=963"}],"version-history":[{"count":1,"href":"https:\/\/recrosses.eu\/fr\/wp-json\/wp\/v2\/posts\/963\/revisions"}],"predecessor-version":[{"id":964,"href":"https:\/\/recrosses.eu\/fr\/wp-json\/wp\/v2\/posts\/963\/revisions\/964"}],"wp:featuredmedia":[{"embeddable":true,"href":"https:\/\/recrosses.eu\/fr\/wp-json\/wp\/v2\/media\/952"}],"wp:attachment":[{"href":"https:\/\/recrosses.eu\/fr\/wp-json\/wp\/v2\/media?parent=963"}],"wp:term":[{"taxonomy":"category","embeddable":true,"href":"https:\/\/recrosses.eu\/fr\/wp-json\/wp\/v2\/categories?post=963"},{"taxonomy":"post_tag","embeddable":true,"href":"https:\/\/recrosses.eu\/fr\/wp-json\/wp\/v2\/tags?post=963"}],"curies":[{"name":"wp","href":"https:\/\/api.w.org\/{rel}","templated":true}]}}