{"id":984,"date":"2024-11-06T12:47:14","date_gmt":"2024-11-06T11:47:14","guid":{"rendered":"https:\/\/recrosses.eu\/evenement-les-centrales-villageoises-avec-recrosses-au-congres-des-parcs-naturels-regionaux\/"},"modified":"2024-11-08T16:32:19","modified_gmt":"2024-11-08T15:32:19","slug":"evenement-les-centrales-villageoises-avec-recrosses-au-congres-des-parcs-naturels-regionaux","status":"publish","type":"post","link":"https:\/\/recrosses.eu\/fr\/evenement-les-centrales-villageoises-avec-recrosses-au-congres-des-parcs-naturels-regionaux\/","title":{"rendered":"EVENEMENT: Les Centrales Villageoises avec RECROSSES au Congr\u00e8s des Parcs Naturels R\u00e9gionaux."},"content":{"rendered":"\n<p class=\"wp-block-paragraph\">Organis\u00e9 par la <a href=\"https:\/\/www.parcs-naturels-regionaux.fr\/\">F\u00e9d\u00e9ration des Parcs Naturels Regionaux de France<\/a>, cet \u00e9v\u00e9nement rassemble l&rsquo;ensemble des parcs r\u00e9gionaux du pays pour \u00e9changer autour des d\u00e8fis et perspectives de leurs territoires, parmi lesquels les Centrales Villageoises sont de formidables leviers pour la transition \u00e9nerg\u00e9tique locale.<br\/>Entre la tenue d&rsquo;un stand et l&rsquo;animation d&rsquo;un atelier, l&rsquo;<a href=\"https:\/\/www.centralesvillageoises.fr\/association-centrales-villageoises\">Association des Centrales Villageoises<\/a> (ACV) a eu l&rsquo;occasion de rappeler le lien \u00e9troit entre PNR et Centrales Villageoises et combien leur soutien est pr\u00e9cieux pour les Communaut\u00e9s d&rsquo;\u00e9nergies renouvelables, th\u00e8me central du projet Alcotra <a href=\"https:\/\/recrosses.eu\/fr\/\">RECROSSES<\/a>, auquel ACV participe comme <a href=\"https:\/\/recrosses.eu\/fr\/partner\/partner-2\/\">partenaire<\/a>.<\/p>\n\n<figure class=\"wp-block-image aligncenter size-full\"><img fetchpriority=\"high\" decoding=\"async\" width=\"640\" height=\"640\" data-src=\"https:\/\/recrosses.eu\/wp-content\/uploads\/2024\/11\/Comunita-energia-rinnovabile-Parchi-ACV2_Credits-2.jpg\" src=\"data:image\/gif;base64,R0lGODlhAQABAIAAAAAAAP\/\/\/yH5BAEAAAAALAAAAAABAAEAAAIBRAA7\" alt=\"\" class=\"wp-image-1001 lazyload\"\/><noscript><img decoding=\"async\" width=\"640\" height=\"640\" src=\"https:\/\/recrosses.eu\/wp-content\/uploads\/2024\/11\/Comunita-energia-rinnovabile-Parchi-ACV2_Credits-2.jpg\" alt=\"\" class=\"wp-image-1001\" srcset=\"https:\/\/recrosses.eu\/wp-content\/uploads\/2024\/11\/Comunita-energia-rinnovabile-Parchi-ACV2_Credits-2.jpg 640w, https:\/\/recrosses.eu\/wp-content\/uploads\/2024\/11\/Comunita-energia-rinnovabile-Parchi-ACV2_Credits-2-300x300.jpg 300w, https:\/\/recrosses.eu\/wp-content\/uploads\/2024\/11\/Comunita-energia-rinnovabile-Parchi-ACV2_Credits-2-150x150.jpg 150w\" sizes=\"(max-width: 640px) 100vw, 640px\" \/><\/noscript><\/figure>\n\n<p class=\"wp-block-paragraph\"><\/p>\n","protected":false},"excerpt":{"rendered":"<p>Organis\u00e9 par la F\u00e9d\u00e9ration des Parcs Naturels Regionaux de France, cet \u00e9v\u00e9nement rassemble l&rsquo;ensemble des parcs r\u00e9gionaux du pays pour \u00e9changer autour des d\u00e8fis et perspectives de leurs territoires, parmi lesquels les Centrales Villageoises sont de formidables leviers pour la transition \u00e9nerg\u00e9tique locale.Entre la tenue d&rsquo;un stand et l&rsquo;animation d&rsquo;un atelier, l&rsquo;Association des Centrales Villageoises [&hellip;]<\/p>\n","protected":false},"author":4,"featured_media":1000,"comment_status":"open","ping_status":"open","sticky":false,"template":"","format":"standard","meta":{"_acf_changed":false,"footnotes":""},"categories":[26,22],"tags":[],"class_list":["post-984","post","type-post","status-publish","format-standard","has-post-thumbnail","hentry","category-evenement-fr","category-nuovelles"],"acf":[],"yoast_head":"<!-- This site is optimized with the Yoast SEO plugin v28.3 - https:\/\/yoast.com\/product\/yoast-seo-wordpress\/ -->\n<title>Les Centrales Villageoises avec RECROSSES au Congr\u00e8s des Parcs Naturels R\u00e9gionaux - Recrosses<\/title>\n<meta name=\"description\" content=\"Organis\u00e9 par la F\u00e9d\u00e9ration des Parcs Naturels R\u00e9gionaux de France, cet \u00e9v\u00e9nement rassemble l&#039;ensemble des parcs r\u00e9gionaux du pays pour \u00e9changer autour des d\u00e8fis et perspectives de leurs territoires, parmi lesquels les Centrales Villageoises sont de formidables leviers pour la transition \u00e9nerg\u00e9tique locale. Entre la tenue d&#039;un stand et l&#039;animation d&#039;un atelier, l&#039;Association des Centrales Villageoises (ACV) a eu l&#039;occasion de rappeler le lien \u00e9troit entre PNR et Centrales Villageoises et combien leur soutien est pr\u00e9cieux pour les Communaut\u00e9s d&#039;\u00e9nergies renouvelables, th\u00e8me central du projet Alcotra RECROSSES, auquel ACV participe comme partenaire.\" \/>\n<meta name=\"robots\" content=\"index, follow, max-snippet:-1, max-image-preview:large, max-video-preview:-1\" \/>\n<link rel=\"canonical\" href=\"https:\/\/recrosses.eu\/fr\/evenement-les-centrales-villageoises-avec-recrosses-au-congres-des-parcs-naturels-regionaux\/\" \/>\n<meta property=\"og:locale\" content=\"fr_FR\" \/>\n<meta property=\"og:type\" content=\"article\" \/>\n<meta property=\"og:title\" content=\"Les Centrales Villageoises avec RECROSSES au Congr\u00e8s des Parcs Naturels R\u00e9gionaux - Recrosses\" \/>\n<meta property=\"og:description\" content=\"Organis\u00e9 par la F\u00e9d\u00e9ration des Parcs Naturels R\u00e9gionaux de France, cet \u00e9v\u00e9nement rassemble l&#039;ensemble des parcs r\u00e9gionaux du pays pour \u00e9changer autour des d\u00e8fis et perspectives de leurs territoires, parmi lesquels les Centrales Villageoises sont de formidables leviers pour la transition \u00e9nerg\u00e9tique locale. Entre la tenue d&#039;un stand et l&#039;animation d&#039;un atelier, l&#039;Association des Centrales Villageoises (ACV) a eu l&#039;occasion de rappeler le lien \u00e9troit entre PNR et Centrales Villageoises et combien leur soutien est pr\u00e9cieux pour les Communaut\u00e9s d&#039;\u00e9nergies renouvelables, th\u00e8me central du projet Alcotra RECROSSES, auquel ACV participe comme partenaire.\" \/>\n<meta property=\"og:url\" content=\"https:\/\/recrosses.eu\/fr\/evenement-les-centrales-villageoises-avec-recrosses-au-congres-des-parcs-naturels-regionaux\/\" \/>\n<meta property=\"og:site_name\" content=\"Recrosses\" \/>\n<meta property=\"article:published_time\" content=\"2024-11-06T11:47:14+00:00\" \/>\n<meta property=\"article:modified_time\" content=\"2024-11-08T15:32:19+00:00\" \/>\n<meta property=\"og:image\" content=\"https:\/\/recrosses.eu\/wp-content\/uploads\/2024\/11\/Comunita-energia-rinnovabile-Parchi-ACV-credits-3.jpg\" \/>\n\t<meta property=\"og:image:width\" content=\"640\" \/>\n\t<meta property=\"og:image:height\" content=\"640\" \/>\n\t<meta property=\"og:image:type\" content=\"image\/jpeg\" \/>\n<meta name=\"author\" content=\"Chiara Bertolin\" \/>\n<meta name=\"twitter:card\" content=\"summary_large_image\" \/>\n<meta name=\"twitter:label1\" content=\"\u00c9crit par\" \/>\n\t<meta name=\"twitter:data1\" content=\"Chiara Bertolin\" \/>\n\t<meta name=\"twitter:label2\" content=\"Dur\u00e9e de lecture estim\u00e9e\" \/>\n\t<meta name=\"twitter:data2\" content=\"1 minute\" \/>\n<script type=\"application\/ld+json\" class=\"yoast-schema-graph\">{\"@context\":\"https:\\\/\\\/schema.org\",\"@graph\":[{\"@type\":\"Article\",\"@id\":\"https:\\\/\\\/recrosses.eu\\\/fr\\\/evenement-les-centrales-villageoises-avec-recrosses-au-congres-des-parcs-naturels-regionaux\\\/#article\",\"isPartOf\":{\"@id\":\"https:\\\/\\\/recrosses.eu\\\/fr\\\/evenement-les-centrales-villageoises-avec-recrosses-au-congres-des-parcs-naturels-regionaux\\\/\"},\"author\":{\"name\":\"Chiara Bertolin\",\"@id\":\"https:\\\/\\\/recrosses.eu\\\/fr\\\/#\\\/schema\\\/person\\\/2327e244e995abff4eaeb4f639000640\"},\"headline\":\"EVENEMENT: Les Centrales Villageoises avec RECROSSES au Congr\u00e8s des Parcs Naturels R\u00e9gionaux.\",\"datePublished\":\"2024-11-06T11:47:14+00:00\",\"dateModified\":\"2024-11-08T15:32:19+00:00\",\"mainEntityOfPage\":{\"@id\":\"https:\\\/\\\/recrosses.eu\\\/fr\\\/evenement-les-centrales-villageoises-avec-recrosses-au-congres-des-parcs-naturels-regionaux\\\/\"},\"wordCount\":122,\"commentCount\":0,\"image\":{\"@id\":\"https:\\\/\\\/recrosses.eu\\\/fr\\\/evenement-les-centrales-villageoises-avec-recrosses-au-congres-des-parcs-naturels-regionaux\\\/#primaryimage\"},\"thumbnailUrl\":\"https:\\\/\\\/recrosses.eu\\\/wp-content\\\/uploads\\\/2024\\\/11\\\/Comunita-energia-rinnovabile-Parchi-ACV-credits-3.jpg\",\"articleSection\":[\"\u00c9V\u00c9NEMENT\",\"Nuovelles\"],\"inLanguage\":\"fr-FR\",\"potentialAction\":[{\"@type\":\"CommentAction\",\"name\":\"Comment\",\"target\":[\"https:\\\/\\\/recrosses.eu\\\/fr\\\/evenement-les-centrales-villageoises-avec-recrosses-au-congres-des-parcs-naturels-regionaux\\\/#respond\"]}]},{\"@type\":\"WebPage\",\"@id\":\"https:\\\/\\\/recrosses.eu\\\/fr\\\/evenement-les-centrales-villageoises-avec-recrosses-au-congres-des-parcs-naturels-regionaux\\\/\",\"url\":\"https:\\\/\\\/recrosses.eu\\\/fr\\\/evenement-les-centrales-villageoises-avec-recrosses-au-congres-des-parcs-naturels-regionaux\\\/\",\"name\":\"Les Centrales Villageoises avec RECROSSES au Congr\u00e8s des Parcs Naturels R\u00e9gionaux - Recrosses\",\"isPartOf\":{\"@id\":\"https:\\\/\\\/recrosses.eu\\\/fr\\\/#website\"},\"primaryImageOfPage\":{\"@id\":\"https:\\\/\\\/recrosses.eu\\\/fr\\\/evenement-les-centrales-villageoises-avec-recrosses-au-congres-des-parcs-naturels-regionaux\\\/#primaryimage\"},\"image\":{\"@id\":\"https:\\\/\\\/recrosses.eu\\\/fr\\\/evenement-les-centrales-villageoises-avec-recrosses-au-congres-des-parcs-naturels-regionaux\\\/#primaryimage\"},\"thumbnailUrl\":\"https:\\\/\\\/recrosses.eu\\\/wp-content\\\/uploads\\\/2024\\\/11\\\/Comunita-energia-rinnovabile-Parchi-ACV-credits-3.jpg\",\"datePublished\":\"2024-11-06T11:47:14+00:00\",\"dateModified\":\"2024-11-08T15:32:19+00:00\",\"author\":{\"@id\":\"https:\\\/\\\/recrosses.eu\\\/fr\\\/#\\\/schema\\\/person\\\/2327e244e995abff4eaeb4f639000640\"},\"description\":\"Organis\u00e9 par la F\u00e9d\u00e9ration des Parcs Naturels R\u00e9gionaux de France, cet \u00e9v\u00e9nement rassemble l'ensemble des parcs r\u00e9gionaux du pays pour \u00e9changer autour des d\u00e8fis et perspectives de leurs territoires, parmi lesquels les Centrales Villageoises sont de formidables leviers pour la transition \u00e9nerg\u00e9tique locale. Entre la tenue d'un stand et l'animation d'un atelier, l'Association des Centrales Villageoises (ACV) a eu l'occasion de rappeler le lien \u00e9troit entre PNR et Centrales Villageoises et combien leur soutien est pr\u00e9cieux pour les Communaut\u00e9s d'\u00e9nergies renouvelables, th\u00e8me central du projet Alcotra RECROSSES, auquel ACV participe comme partenaire.\",\"breadcrumb\":{\"@id\":\"https:\\\/\\\/recrosses.eu\\\/fr\\\/evenement-les-centrales-villageoises-avec-recrosses-au-congres-des-parcs-naturels-regionaux\\\/#breadcrumb\"},\"inLanguage\":\"fr-FR\",\"potentialAction\":[{\"@type\":\"ReadAction\",\"target\":[\"https:\\\/\\\/recrosses.eu\\\/fr\\\/evenement-les-centrales-villageoises-avec-recrosses-au-congres-des-parcs-naturels-regionaux\\\/\"]}]},{\"@type\":\"ImageObject\",\"inLanguage\":\"fr-FR\",\"@id\":\"https:\\\/\\\/recrosses.eu\\\/fr\\\/evenement-les-centrales-villageoises-avec-recrosses-au-congres-des-parcs-naturels-regionaux\\\/#primaryimage\",\"url\":\"https:\\\/\\\/recrosses.eu\\\/wp-content\\\/uploads\\\/2024\\\/11\\\/Comunita-energia-rinnovabile-Parchi-ACV-credits-3.jpg\",\"contentUrl\":\"https:\\\/\\\/recrosses.eu\\\/wp-content\\\/uploads\\\/2024\\\/11\\\/Comunita-energia-rinnovabile-Parchi-ACV-credits-3.jpg\",\"width\":640,\"height\":640,\"caption\":\"Comunit\u00e0-energia-rinnovabile-Parchi-ACV-credits\"},{\"@type\":\"BreadcrumbList\",\"@id\":\"https:\\\/\\\/recrosses.eu\\\/fr\\\/evenement-les-centrales-villageoises-avec-recrosses-au-congres-des-parcs-naturels-regionaux\\\/#breadcrumb\",\"itemListElement\":[{\"@type\":\"ListItem\",\"position\":1,\"name\":\"Home\",\"item\":\"https:\\\/\\\/recrosses.eu\\\/fr\\\/home\\\/\"},{\"@type\":\"ListItem\",\"position\":2,\"name\":\"EVENEMENT: Les Centrales Villageoises avec RECROSSES au Congr\u00e8s des Parcs Naturels R\u00e9gionaux.\"}]},{\"@type\":\"WebSite\",\"@id\":\"https:\\\/\\\/recrosses.eu\\\/fr\\\/#website\",\"url\":\"https:\\\/\\\/recrosses.eu\\\/fr\\\/\",\"name\":\"Recrosses\",\"description\":\"L&#039;energia che unisce - L&#039;\u00e9nergie qui unit\",\"potentialAction\":[{\"@type\":\"SearchAction\",\"target\":{\"@type\":\"EntryPoint\",\"urlTemplate\":\"https:\\\/\\\/recrosses.eu\\\/fr\\\/?s={search_term_string}\"},\"query-input\":{\"@type\":\"PropertyValueSpecification\",\"valueRequired\":true,\"valueName\":\"search_term_string\"}}],\"inLanguage\":\"fr-FR\"},{\"@type\":\"Person\",\"@id\":\"https:\\\/\\\/recrosses.eu\\\/fr\\\/#\\\/schema\\\/person\\\/2327e244e995abff4eaeb4f639000640\",\"name\":\"Chiara Bertolin\",\"image\":{\"@type\":\"ImageObject\",\"inLanguage\":\"fr-FR\",\"@id\":\"https:\\\/\\\/secure.gravatar.com\\\/avatar\\\/4789acd3dd60d7a775c67e44f6a017499f73531a758ddf33045a7e35ffafeda6?s=96&d=mm&r=g\",\"url\":\"https:\\\/\\\/secure.gravatar.com\\\/avatar\\\/4789acd3dd60d7a775c67e44f6a017499f73531a758ddf33045a7e35ffafeda6?s=96&d=mm&r=g\",\"contentUrl\":\"https:\\\/\\\/secure.gravatar.com\\\/avatar\\\/4789acd3dd60d7a775c67e44f6a017499f73531a758ddf33045a7e35ffafeda6?s=96&d=mm&r=g\",\"caption\":\"Chiara Bertolin\"},\"url\":\"https:\\\/\\\/recrosses.eu\\\/fr\\\/author\\\/chiara\\\/\"}]}<\/script>\n<!-- \/ Yoast SEO plugin. -->","yoast_head_json":{"title":"Les Centrales Villageoises avec RECROSSES au Congr\u00e8s des Parcs Naturels R\u00e9gionaux - Recrosses","description":"Organis\u00e9 par la F\u00e9d\u00e9ration des Parcs Naturels R\u00e9gionaux de France, cet \u00e9v\u00e9nement rassemble l'ensemble des parcs r\u00e9gionaux du pays pour \u00e9changer autour des d\u00e8fis et perspectives de leurs territoires, parmi lesquels les Centrales Villageoises sont de formidables leviers pour la transition \u00e9nerg\u00e9tique locale. Entre la tenue d'un stand et l'animation d'un atelier, l'Association des Centrales Villageoises (ACV) a eu l'occasion de rappeler le lien \u00e9troit entre PNR et Centrales Villageoises et combien leur soutien est pr\u00e9cieux pour les Communaut\u00e9s d'\u00e9nergies renouvelables, th\u00e8me central du projet Alcotra RECROSSES, auquel ACV participe comme partenaire.","robots":{"index":"index","follow":"follow","max-snippet":"max-snippet:-1","max-image-preview":"max-image-preview:large","max-video-preview":"max-video-preview:-1"},"canonical":"https:\/\/recrosses.eu\/fr\/evenement-les-centrales-villageoises-avec-recrosses-au-congres-des-parcs-naturels-regionaux\/","og_locale":"fr_FR","og_type":"article","og_title":"Les Centrales Villageoises avec RECROSSES au Congr\u00e8s des Parcs Naturels R\u00e9gionaux - Recrosses","og_description":"Organis\u00e9 par la F\u00e9d\u00e9ration des Parcs Naturels R\u00e9gionaux de France, cet \u00e9v\u00e9nement rassemble l'ensemble des parcs r\u00e9gionaux du pays pour \u00e9changer autour des d\u00e8fis et perspectives de leurs territoires, parmi lesquels les Centrales Villageoises sont de formidables leviers pour la transition \u00e9nerg\u00e9tique locale. Entre la tenue d'un stand et l'animation d'un atelier, l'Association des Centrales Villageoises (ACV) a eu l'occasion de rappeler le lien \u00e9troit entre PNR et Centrales Villageoises et combien leur soutien est pr\u00e9cieux pour les Communaut\u00e9s d'\u00e9nergies renouvelables, th\u00e8me central du projet Alcotra RECROSSES, auquel ACV participe comme partenaire.","og_url":"https:\/\/recrosses.eu\/fr\/evenement-les-centrales-villageoises-avec-recrosses-au-congres-des-parcs-naturels-regionaux\/","og_site_name":"Recrosses","article_published_time":"2024-11-06T11:47:14+00:00","article_modified_time":"2024-11-08T15:32:19+00:00","og_image":[{"width":640,"height":640,"url":"https:\/\/recrosses.eu\/wp-content\/uploads\/2024\/11\/Comunita-energia-rinnovabile-Parchi-ACV-credits-3.jpg","type":"image\/jpeg"}],"author":"Chiara Bertolin","twitter_card":"summary_large_image","twitter_misc":{"\u00c9crit par":"Chiara Bertolin","Dur\u00e9e de lecture estim\u00e9e":"1 minute"},"schema":{"@context":"https:\/\/schema.org","@graph":[{"@type":"Article","@id":"https:\/\/recrosses.eu\/fr\/evenement-les-centrales-villageoises-avec-recrosses-au-congres-des-parcs-naturels-regionaux\/#article","isPartOf":{"@id":"https:\/\/recrosses.eu\/fr\/evenement-les-centrales-villageoises-avec-recrosses-au-congres-des-parcs-naturels-regionaux\/"},"author":{"name":"Chiara Bertolin","@id":"https:\/\/recrosses.eu\/fr\/#\/schema\/person\/2327e244e995abff4eaeb4f639000640"},"headline":"EVENEMENT: Les Centrales Villageoises avec RECROSSES au Congr\u00e8s des Parcs Naturels R\u00e9gionaux.","datePublished":"2024-11-06T11:47:14+00:00","dateModified":"2024-11-08T15:32:19+00:00","mainEntityOfPage":{"@id":"https:\/\/recrosses.eu\/fr\/evenement-les-centrales-villageoises-avec-recrosses-au-congres-des-parcs-naturels-regionaux\/"},"wordCount":122,"commentCount":0,"image":{"@id":"https:\/\/recrosses.eu\/fr\/evenement-les-centrales-villageoises-avec-recrosses-au-congres-des-parcs-naturels-regionaux\/#primaryimage"},"thumbnailUrl":"https:\/\/recrosses.eu\/wp-content\/uploads\/2024\/11\/Comunita-energia-rinnovabile-Parchi-ACV-credits-3.jpg","articleSection":["\u00c9V\u00c9NEMENT","Nuovelles"],"inLanguage":"fr-FR","potentialAction":[{"@type":"CommentAction","name":"Comment","target":["https:\/\/recrosses.eu\/fr\/evenement-les-centrales-villageoises-avec-recrosses-au-congres-des-parcs-naturels-regionaux\/#respond"]}]},{"@type":"WebPage","@id":"https:\/\/recrosses.eu\/fr\/evenement-les-centrales-villageoises-avec-recrosses-au-congres-des-parcs-naturels-regionaux\/","url":"https:\/\/recrosses.eu\/fr\/evenement-les-centrales-villageoises-avec-recrosses-au-congres-des-parcs-naturels-regionaux\/","name":"Les Centrales Villageoises avec RECROSSES au Congr\u00e8s des Parcs Naturels R\u00e9gionaux - Recrosses","isPartOf":{"@id":"https:\/\/recrosses.eu\/fr\/#website"},"primaryImageOfPage":{"@id":"https:\/\/recrosses.eu\/fr\/evenement-les-centrales-villageoises-avec-recrosses-au-congres-des-parcs-naturels-regionaux\/#primaryimage"},"image":{"@id":"https:\/\/recrosses.eu\/fr\/evenement-les-centrales-villageoises-avec-recrosses-au-congres-des-parcs-naturels-regionaux\/#primaryimage"},"thumbnailUrl":"https:\/\/recrosses.eu\/wp-content\/uploads\/2024\/11\/Comunita-energia-rinnovabile-Parchi-ACV-credits-3.jpg","datePublished":"2024-11-06T11:47:14+00:00","dateModified":"2024-11-08T15:32:19+00:00","author":{"@id":"https:\/\/recrosses.eu\/fr\/#\/schema\/person\/2327e244e995abff4eaeb4f639000640"},"description":"Organis\u00e9 par la F\u00e9d\u00e9ration des Parcs Naturels R\u00e9gionaux de France, cet \u00e9v\u00e9nement rassemble l'ensemble des parcs r\u00e9gionaux du pays pour \u00e9changer autour des d\u00e8fis et perspectives de leurs territoires, parmi lesquels les Centrales Villageoises sont de formidables leviers pour la transition \u00e9nerg\u00e9tique locale. Entre la tenue d'un stand et l'animation d'un atelier, l'Association des Centrales Villageoises (ACV) a eu l'occasion de rappeler le lien \u00e9troit entre PNR et Centrales Villageoises et combien leur soutien est pr\u00e9cieux pour les Communaut\u00e9s d'\u00e9nergies renouvelables, th\u00e8me central du projet Alcotra RECROSSES, auquel ACV participe comme partenaire.","breadcrumb":{"@id":"https:\/\/recrosses.eu\/fr\/evenement-les-centrales-villageoises-avec-recrosses-au-congres-des-parcs-naturels-regionaux\/#breadcrumb"},"inLanguage":"fr-FR","potentialAction":[{"@type":"ReadAction","target":["https:\/\/recrosses.eu\/fr\/evenement-les-centrales-villageoises-avec-recrosses-au-congres-des-parcs-naturels-regionaux\/"]}]},{"@type":"ImageObject","inLanguage":"fr-FR","@id":"https:\/\/recrosses.eu\/fr\/evenement-les-centrales-villageoises-avec-recrosses-au-congres-des-parcs-naturels-regionaux\/#primaryimage","url":"https:\/\/recrosses.eu\/wp-content\/uploads\/2024\/11\/Comunita-energia-rinnovabile-Parchi-ACV-credits-3.jpg","contentUrl":"https:\/\/recrosses.eu\/wp-content\/uploads\/2024\/11\/Comunita-energia-rinnovabile-Parchi-ACV-credits-3.jpg","width":640,"height":640,"caption":"Comunit\u00e0-energia-rinnovabile-Parchi-ACV-credits"},{"@type":"BreadcrumbList","@id":"https:\/\/recrosses.eu\/fr\/evenement-les-centrales-villageoises-avec-recrosses-au-congres-des-parcs-naturels-regionaux\/#breadcrumb","itemListElement":[{"@type":"ListItem","position":1,"name":"Home","item":"https:\/\/recrosses.eu\/fr\/home\/"},{"@type":"ListItem","position":2,"name":"EVENEMENT: Les Centrales Villageoises avec RECROSSES au Congr\u00e8s des Parcs Naturels R\u00e9gionaux."}]},{"@type":"WebSite","@id":"https:\/\/recrosses.eu\/fr\/#website","url":"https:\/\/recrosses.eu\/fr\/","name":"Recrosses","description":"L&#039;energia che unisce - L&#039;\u00e9nergie qui unit","potentialAction":[{"@type":"SearchAction","target":{"@type":"EntryPoint","urlTemplate":"https:\/\/recrosses.eu\/fr\/?s={search_term_string}"},"query-input":{"@type":"PropertyValueSpecification","valueRequired":true,"valueName":"search_term_string"}}],"inLanguage":"fr-FR"},{"@type":"Person","@id":"https:\/\/recrosses.eu\/fr\/#\/schema\/person\/2327e244e995abff4eaeb4f639000640","name":"Chiara Bertolin","image":{"@type":"ImageObject","inLanguage":"fr-FR","@id":"https:\/\/secure.gravatar.com\/avatar\/4789acd3dd60d7a775c67e44f6a017499f73531a758ddf33045a7e35ffafeda6?s=96&d=mm&r=g","url":"https:\/\/secure.gravatar.com\/avatar\/4789acd3dd60d7a775c67e44f6a017499f73531a758ddf33045a7e35ffafeda6?s=96&d=mm&r=g","contentUrl":"https:\/\/secure.gravatar.com\/avatar\/4789acd3dd60d7a775c67e44f6a017499f73531a758ddf33045a7e35ffafeda6?s=96&d=mm&r=g","caption":"Chiara Bertolin"},"url":"https:\/\/recrosses.eu\/fr\/author\/chiara\/"}]}},"_links":{"self":[{"href":"https:\/\/recrosses.eu\/fr\/wp-json\/wp\/v2\/posts\/984","targetHints":{"allow":["GET"]}}],"collection":[{"href":"https:\/\/recrosses.eu\/fr\/wp-json\/wp\/v2\/posts"}],"about":[{"href":"https:\/\/recrosses.eu\/fr\/wp-json\/wp\/v2\/types\/post"}],"author":[{"embeddable":true,"href":"https:\/\/recrosses.eu\/fr\/wp-json\/wp\/v2\/users\/4"}],"replies":[{"embeddable":true,"href":"https:\/\/recrosses.eu\/fr\/wp-json\/wp\/v2\/comments?post=984"}],"version-history":[{"count":4,"href":"https:\/\/recrosses.eu\/fr\/wp-json\/wp\/v2\/posts\/984\/revisions"}],"predecessor-version":[{"id":1004,"href":"https:\/\/recrosses.eu\/fr\/wp-json\/wp\/v2\/posts\/984\/revisions\/1004"}],"wp:featuredmedia":[{"embeddable":true,"href":"https:\/\/recrosses.eu\/fr\/wp-json\/wp\/v2\/media\/1000"}],"wp:attachment":[{"href":"https:\/\/recrosses.eu\/fr\/wp-json\/wp\/v2\/media?parent=984"}],"wp:term":[{"taxonomy":"category","embeddable":true,"href":"https:\/\/recrosses.eu\/fr\/wp-json\/wp\/v2\/categories?post=984"},{"taxonomy":"post_tag","embeddable":true,"href":"https:\/\/recrosses.eu\/fr\/wp-json\/wp\/v2\/tags?post=984"}],"curies":[{"name":"wp","href":"https:\/\/api.w.org\/{rel}","templated":true}]}}